{"id":166335,"date":"2023-08-29T20:47:02","date_gmt":"2023-08-29T23:47:02","guid":{"rendered":"https:\/\/www.hoymercedes.com.ar\/principal\/?p=166335"},"modified":"2023-08-29T20:48:42","modified_gmt":"2023-08-29T23:48:42","slug":"camilo-guinot-participa-de-la-semana-del-arte-2023","status":"publish","type":"post","link":"https:\/\/www.hoymercedes.com.ar\/principal\/2023\/08\/29\/camilo-guinot-participa-de-la-semana-del-arte-2023\/","title":{"rendered":"Camilo Guinot participa de la Semana del Arte 2023"},"content":{"rendered":"\n<p><strong><em>Tras haber concursado de una convocatoria impulsada por el Gobierno de la Ciudad, Camilo Guinot ser\u00e1 uno de los artistas que expondr\u00e1 su obra en la cuarta edici\u00f3n de la Semana del Arte<\/em>.<\/strong><\/p>\n\n\n\n<figure class=\"wp-block-image size-full\"><img loading=\"lazy\" decoding=\"async\" width=\"800\" height=\"417\" data-attachment-id=\"166336\" data-permalink=\"https:\/\/www.hoymercedes.com.ar\/principal\/2023\/08\/29\/camilo-guinot-participa-de-la-semana-del-arte-2023\/img-20230828-wa0030_copy_800x417\/#main\" data-orig-file=\"https:\/\/www.hoymercedes.com.ar\/principal\/wp-content\/uploads\/2023\/08\/IMG-20230828-WA0030_copy_800x417.jpg\" data-orig-size=\"800,417\" data-comments-opened=\"0\" data-image-meta=\"{&quot;aperture&quot;:&quot;0&quot;,&quot;credit&quot;:&quot;&quot;,&quot;camera&quot;:&quot;&quot;,&quot;caption&quot;:&quot;&quot;,&quot;created_timestamp&quot;:&quot;0&quot;,&quot;copyright&quot;:&quot;&quot;,&quot;focal_length&quot;:&quot;0&quot;,&quot;iso&quot;:&quot;0&quot;,&quot;shutter_speed&quot;:&quot;0&quot;,&quot;title&quot;:&quot;&quot;,&quot;orientation&quot;:&quot;0&quot;}\" data-image-title=\"IMG-20230828-WA0030_copy_800x417\" data-image-description=\"\" data-image-caption=\"\" data-large-file=\"https:\/\/www.hoymercedes.com.ar\/principal\/wp-content\/uploads\/2023\/08\/IMG-20230828-WA0030_copy_800x417.jpg\" src=\"https:\/\/www.hoymercedes.com.ar\/principal\/wp-content\/uploads\/2023\/08\/IMG-20230828-WA0030_copy_800x417.jpg\" alt=\"\" class=\"wp-image-166336\" srcset=\"https:\/\/www.hoymercedes.com.ar\/principal\/wp-content\/uploads\/2023\/08\/IMG-20230828-WA0030_copy_800x417.jpg 800w, https:\/\/www.hoymercedes.com.ar\/principal\/wp-content\/uploads\/2023\/08\/IMG-20230828-WA0030_copy_800x417-630x328.jpg 630w, https:\/\/www.hoymercedes.com.ar\/principal\/wp-content\/uploads\/2023\/08\/IMG-20230828-WA0030_copy_800x417-150x78.jpg 150w\" sizes=\"auto, (max-width: 800px) 100vw, 800px\" \/><\/figure>\n\n\n\n<p>Del 27 de agosto al 3 de septiembre, vecinos y visitantes podr\u00e1n disfrutar de una agenda art\u00edstica con m\u00e1s de 100 propuestas entre charlas, exhibiciones y visitas guiadas, y programar sus recorridos a pie, combi o bicicleta alrededor de las ocho obras ganadoras de la convocatoria, y de las instituciones culturales, ferias y eventos que forman parte en esta oportunidad. Las obras se podr\u00e1n encontrar en plazas, galer\u00edas, mercados, veredas y sitios emblem\u00e1ticos de la Ciudad de Buenos Aires, irrumpiendo con la cotidianeidad de los distintos barrios.<\/p>\n\n\n\n<p>Camilo Guinot obtuvo el segundo lugar del concurso p\u00fablico y federal que se llev\u00f3 a cabo del 5 de abril al 29 de mayo de este a\u00f1o. Durante la competencia se postularon obras de arte in\u00e9ditas o previamente producidas, que pod\u00edan ser de diversos formatos y se vincularan con la tem\u00e1tica curatorial \u00abEl espacio p\u00fablico como bien com\u00fan, lugar de encuentro y creaci\u00f3n\u00bb.<\/p>\n\n\n\n<p>El nacido en Mercedes expondr\u00e1 su obra \u201cPortal\u201d en el ex Banco de Tokyo. La misma consiste en una instalaci\u00f3n escult\u00f3rica autoportante de gran formato realizada con ramas recolectadas de la poda p\u00fablica, que toma en consideraci\u00f3n el ciclo y transformaci\u00f3n de la materia, el v\u00ednculo entre producci\u00f3n humana y naturaleza, la relaci\u00f3n entre lo arquitect\u00f3nico y lo org\u00e1nico. Una vez finalizada la exhibici\u00f3n, las ramas vuelven a su destino prefijado de desecho como resultado de la poda.<\/p>\n\n\n\n<p>El p\u00fablico podr\u00e1 visitar la creaci\u00f3n de Guinot de lunes a viernes de 14 a 20 horas, y s\u00e1bados y domingos de 12 a 20 horas.<\/p>\n\n\n\n<p>\u201c<em>Es un hecho de gran importancia para m\u00ed presentar esta obra en la Semana del Arte, porque consiste en una instalaci\u00f3n escult\u00f3rica de gran tama\u00f1o emplazada en el espacio p\u00fablico, en el microcentro de la ciudad, que plantea una disrupci\u00f3n en la din\u00e1mica cotidiana y es una gran oportunidad de ampliar la interacci\u00f3n con nuevos p\u00fablicos<\/em>\u201d, afirm\u00f3 el artista.<\/p>\n\n\n\n<p>\u201c<em>Semana del Arte muestra la capacidad que tiene la cultura trabajando toda junta y la fortaleza que tiene para ser una herramienta para el desarrollo. Hoy es m\u00e1s importante que nunca pensar la cultura de esa forma. Semana del Arte, adem\u00e1s de tener el objetivo de visibilizar, busca ampliar el acceso a la cultura y lograr que muchas m\u00e1s personas sean protagonistas. Tener una red tan s\u00f3lida es algo para celebrar<\/em>\u201d, expres\u00f3 el ministro de Cultura de la Ciudad, Enrique Avogadro.<\/p>\n\n\n\n<p>Este a\u00f1o el evento se podr\u00e1 transitar a lo largo y a lo ancho a trav\u00e9s de tres circuitos: NORTE, CENTRO y SUR. Esta distribuci\u00f3n invitar\u00e1 al p\u00fablico a armar recorridos interactivos y din\u00e1micos a pie, en bicicleta o en combi seg\u00fan sus preferencias. Todas las opciones ser\u00e1n gratuitas. Los traslados en combi recorrer\u00e1n diferentes paradas conectando los puntos principales del evento y estar\u00e1n sujetos a capacidad por orden de llegada.<\/p>\n\n\n\n<p>En su cuarta edici\u00f3n, el evento forma parte de un gran calendario art\u00edstico con propuestas de calidad como Sach Estudios Abiertos, la feria de artistas BADA, la feria de arte contempor\u00e1neo ARTEBA y por primera vez la feria AFFAIR, adem\u00e1s de La Bienal Internacional de Arte Contempor\u00e1neo del Sur y Pinta BAphoto, entre otros eventos art\u00edsticos que tendr\u00e1n lugar en la Ciudad.<\/p>\n\n\n\n<p>Las obras ganadoras de esta edici\u00f3n son \u201cLos intercesores\u201d (2022-2023) de Ramiro Quesada Pons (Mendoza, 1987), que ser\u00e1 emplazada en Galer\u00eda Jard\u00edn; \u201cAqu\u00ed han plantado flores\u201d (2023) de Mariela Vita (La Plata, 1978), que ser\u00e1 emplazada en la Plazoleta Juvenilia; \u201cMuros M\u00f3viles\u201d (2017) de Ana Vogelfang (CABA, 1982), que ser\u00e1 emplazada en el Sitio Arqueol\u00f3gico La Cisterna en Paseo la Cisterna; \u201cPerformance Rob\u00f3tica de Dibujo\u201d (2023) de Alfio Demestre (CABA, 1976), que ser\u00e1 emplazada en el Mercado de los Carruajes; \u201cACF &#8211; 202\u201d (2023) de Mariano Giraud (CABA, 1977) que ser\u00e1 emplazada en Col\u00f3n F\u00e1brica; \u201cPortal\u201d 2023 de Camilo Guinot (Mercedes, Buenos Aires, 1970) que ser\u00e1 emplazada en el ex Banco de Tokyo; \u201cEl para\u00edso de los creyentes\u201d (2023) de Nicol\u00e1s Martella (La Plata, 1978) que ser\u00e1 emplazada en Galer\u00edas Larreta; y \u201cHumor V\u00edtreo\u201d (2018-2021) de Renata Molinari (CABA 1996) que ser\u00e1 emplazada en Galer\u00edas Pac\u00edfico.<\/p>\n\n\n\n<p>A su vez, se ofrecer\u00e1 un programa de visitas guiadas de Semana del Arte que tiene el objetivo de contribuir a la formaci\u00f3n de espectadores de arte contempor\u00e1neo acercando al p\u00fablico a las obras ganadoras del certamen. Se tomar\u00e1n como disparadores algunos conceptos generales del arte contempor\u00e1neo para construir colectivamente lecturas posibles de las obras emplazadas en cada locaci\u00f3n. En ocasiones contar\u00e1n con la presencia de los artistas participantes. En estos recorridos se har\u00e1 referencia a edificios y monumentos c\u00e9lebres, para conocerlos en profundidad y repensar nuestra historia a trav\u00e9s de todo aquello que las calles de Buenos Aires tienen para contar. Todas las visitas ser\u00e1n gratuitas, con reserva previa a trav\u00e9s del formulario disponible en el programa digital.<\/p>\n","protected":false},"excerpt":{"rendered":"<p>Tras haber concursado de una convocatoria impulsada por el Gobierno de la Ciudad, Camilo Guinot ser\u00e1 uno de los artistas &#8230; <a title=\"Camilo Guinot participa de la Semana del Arte 2023\" class=\"read-more\" href=\"https:\/\/www.hoymercedes.com.ar\/principal\/2023\/08\/29\/camilo-guinot-participa-de-la-semana-del-arte-2023\/\" aria-label=\"Leer m\u00e1s sobre Camilo Guinot participa de la Semana del Arte 2023\">Leer m\u00e1s<\/a><\/p>\n","protected":false},"author":1,"featured_media":166336,"comment_status":"closed","ping_status":"open","sticky":false,"template":"","format":"standard","meta":{"_monsterinsights_skip_tracking":false,"_monsterinsights_sitenote_active":false,"_monsterinsights_sitenote_note":"","_monsterinsights_sitenote_category":0,"jetpack_post_was_ever_published":false,"_jetpack_newsletter_access":"","_jetpack_dont_email_post_to_subs":false,"_jetpack_newsletter_tier_id":0,"_jetpack_memberships_contains_paywalled_content":false,"_jetpack_memberships_contains_paid_content":false,"footnotes":"","jetpack_publicize_message":"","jetpack_publicize_feature_enabled":true,"jetpack_social_post_already_shared":true,"jetpack_social_options":{"image_generator_settings":{"template":"highway","default_image_id":0,"font":"","enabled":false},"version":2},"_wpas_customize_per_network":false},"categories":[104],"tags":[7805],"class_list":["post-166335","post","type-post","status-publish","format-standard","has-post-thumbnail","hentry","category-cultura","tag-cultura","generate-columns","tablet-grid-50","mobile-grid-100","grid-parent","grid-50"],"jetpack_publicize_connections":[],"jetpack_featured_media_url":"https:\/\/www.hoymercedes.com.ar\/principal\/wp-content\/uploads\/2023\/08\/IMG-20230828-WA0030_copy_800x417.jpg","wps_subtitle":"","jetpack_sharing_enabled":true,"_links":{"self":[{"href":"https:\/\/www.hoymercedes.com.ar\/principal\/wp-json\/wp\/v2\/posts\/166335","targetHints":{"allow":["GET"]}}],"collection":[{"href":"https:\/\/www.hoymercedes.com.ar\/principal\/wp-json\/wp\/v2\/posts"}],"about":[{"href":"https:\/\/www.hoymercedes.com.ar\/principal\/wp-json\/wp\/v2\/types\/post"}],"author":[{"embeddable":true,"href":"https:\/\/www.hoymercedes.com.ar\/principal\/wp-json\/wp\/v2\/users\/1"}],"replies":[{"embeddable":true,"href":"https:\/\/www.hoymercedes.com.ar\/principal\/wp-json\/wp\/v2\/comments?post=166335"}],"version-history":[{"count":0,"href":"https:\/\/www.hoymercedes.com.ar\/principal\/wp-json\/wp\/v2\/posts\/166335\/revisions"}],"wp:featuredmedia":[{"embeddable":true,"href":"https:\/\/www.hoymercedes.com.ar\/principal\/wp-json\/wp\/v2\/media\/166336"}],"wp:attachment":[{"href":"https:\/\/www.hoymercedes.com.ar\/principal\/wp-json\/wp\/v2\/media?parent=166335"}],"wp:term":[{"taxonomy":"category","embeddable":true,"href":"https:\/\/www.hoymercedes.com.ar\/principal\/wp-json\/wp\/v2\/categories?post=166335"},{"taxonomy":"post_tag","embeddable":true,"href":"https:\/\/www.hoymercedes.com.ar\/principal\/wp-json\/wp\/v2\/tags?post=166335"}],"curies":[{"name":"wp","href":"https:\/\/api.w.org\/{rel}","templated":true}]}}