{"id":166346,"date":"2023-08-30T17:42:48","date_gmt":"2023-08-30T20:42:48","guid":{"rendered":"https:\/\/www.hoymercedes.com.ar\/principal\/?p=166346"},"modified":"2023-08-30T17:51:59","modified_gmt":"2023-08-30T20:51:59","slug":"se-lanzo-la-48o-fiesta-nacional-del-salame-quintero","status":"publish","type":"post","link":"https:\/\/www.hoymercedes.com.ar\/principal\/2023\/08\/30\/se-lanzo-la-48o-fiesta-nacional-del-salame-quintero\/","title":{"rendered":"Se lanz\u00f3 la 48\u00ba Fiesta Nacional del Salame Quintero"},"content":{"rendered":"\n<p>Por Prensa Municipal &#8211; Se present\u00f3 la 48\u00ba Fiesta Nacional del Salame Quintero. Se realizar\u00e1 el pr\u00f3ximo 8, 9 y 10 de septiembre en el Parque Municipal de nuestra ciudad. Hubo productores, artistas, cerveceros, artesanos, comerciantes, c\u00e1mara econ\u00f3mica, centros culturales y tradicionales, entre otros.&nbsp;<\/p>\n\n\n<div class=\"wp-block-image\">\n<figure class=\"aligncenter size-full is-resized\"><img loading=\"lazy\" decoding=\"async\" data-attachment-id=\"166352\" data-permalink=\"https:\/\/www.hoymercedes.com.ar\/principal\/2023\/08\/30\/se-lanzo-la-48o-fiesta-nacional-del-salame-quintero\/_mhm7543\/#main\" data-orig-file=\"https:\/\/www.hoymercedes.com.ar\/principal\/wp-content\/uploads\/2023\/08\/MHM7543.jpg\" data-orig-size=\"800,531\" data-comments-opened=\"0\" data-image-meta=\"{&quot;aperture&quot;:&quot;0&quot;,&quot;credit&quot;:&quot;&quot;,&quot;camera&quot;:&quot;&quot;,&quot;caption&quot;:&quot;&quot;,&quot;created_timestamp&quot;:&quot;1693251080&quot;,&quot;copyright&quot;:&quot;&quot;,&quot;focal_length&quot;:&quot;0&quot;,&quot;iso&quot;:&quot;0&quot;,&quot;shutter_speed&quot;:&quot;0&quot;,&quot;title&quot;:&quot;&quot;,&quot;orientation&quot;:&quot;0&quot;}\" data-image-title=\"_MHM7543\" data-image-description=\"\" data-image-caption=\"\" data-large-file=\"https:\/\/www.hoymercedes.com.ar\/principal\/wp-content\/uploads\/2023\/08\/MHM7543.jpg\" src=\"https:\/\/www.hoymercedes.com.ar\/principal\/wp-content\/uploads\/2023\/08\/MHM7543.jpg\" alt=\"\" class=\"wp-image-166352\" style=\"width:978px;height:649px\" width=\"978\" height=\"649\" srcset=\"https:\/\/www.hoymercedes.com.ar\/principal\/wp-content\/uploads\/2023\/08\/MHM7543.jpg 800w, https:\/\/www.hoymercedes.com.ar\/principal\/wp-content\/uploads\/2023\/08\/MHM7543-630x418.jpg 630w, https:\/\/www.hoymercedes.com.ar\/principal\/wp-content\/uploads\/2023\/08\/MHM7543-150x100.jpg 150w, https:\/\/www.hoymercedes.com.ar\/principal\/wp-content\/uploads\/2023\/08\/MHM7543-700x465.jpg 700w\" sizes=\"auto, (max-width: 978px) 100vw, 978px\" \/><\/figure>\n<\/div>\n\n\n<p><strong>Agradecimiento<\/strong><\/p>\n\n\n\n<p>El intendente Juan Ignacio Ustarroz manifest\u00f3 \u201cquiero agradecer a los productores de salames que nos abrieron la posibilidad de desarrollar much\u00edsimas otras fiestas e impulsar nuevas\u201d y agreg\u00f3 \u201ccreo que este esp\u00edritu de unidad es la clave de que despu\u00e9s tengamos \u00e9xito, porque la \u00fanica forma que tenemos es avanzando en unidad, a conciencia, dando cada quien lo mejor de s\u00ed\u201d.<\/p>\n\n\n\n<p><strong>Fiesta<\/strong><\/p>\n\n\n\n<p>\u201cLa Fiesta del Salame mueve mucho turismo y se trabaja muy bien, no s\u00f3lo en la fiesta, sino tambi\u00e9n en toda la ciudad\u201d asegur\u00f3 el Dr. Ustarroz y destac\u00f3 \u201cnos permite desarrollar nuestra cultura, nuestros artistas que siempre tienen el escenario el sonido adecuado para poder expresar su talento, habr\u00e1 artesanos, diferentes productores, estar\u00e1 el esquema solidario que planteamos a trav\u00e9s de los clubes, las instituciones de bien p\u00fablico, donde por suerte, a todos los que participan, siempre les va bien\u201d.<\/p>\n\n\n\n<p><strong>Trabajo<\/strong><\/p>\n\n\n\n<p>Asimismo, el intendente Ustarroz resalt\u00f3 \u201cel gran trabajo de los y las trabajadoras municipales, como cooperativistas, quien siempre est\u00e1n al pie del ca\u00f1\u00f3n para que la gente se sienta muy bien atendida\u201d y complet\u00f3 \u201ccreo que el concepto de las fiestas es una oportunidad de trabajo, encuentro, disfrute y goce, algo que tanto necesitamos como pueblo\u201d.&nbsp;&nbsp;<\/p>\n\n\n\n<p>\u201cConvocamos a toda la ciudadan\u00eda a participar, para que esta fiesta sea nuevamente un \u00e9xito el cual se traduzca en mucho trabajo y alegr\u00eda todos\u201d remarc\u00f3 el Dr. Ustarroz.<\/p>\n\n\n\n<p><strong>Turismo<\/strong><\/p>\n\n\n\n<p>Por su parte, el director de turismo, Francisco Dinova se\u00f1al\u00f3 \u201cgracias a todos por acompa\u00f1arnos en esta presentaci\u00f3n de la Fiesta Nacional del Salame Quintero, que se realizar\u00e1 este 8, 9 y 10 de septiembre en nuestro parque Independencia con una grilla muy completa de artistas\u201d.<\/p>\n\n\n\n<p><strong>Artistas<\/strong><\/p>\n\n\n\n<p>Oscar Rosello, artista mercedino cont\u00f3 \u201cdesde la cultura, estoy orgulloso de estar hoy ac\u00e1 defendiendo lo que es nuestra querida Fiesta Nacional del Salame Quintero. En mi caso, mi granito de arena fue querer dejar una canci\u00f3n para esta hermosa fiesta, un homenaje a mis abuelos y a todos los productores de salame de la ciudad, este es el aporte que yo puedo dejar\u201d.&nbsp;&nbsp;&nbsp;&nbsp;&nbsp;&nbsp;&nbsp;&nbsp;&nbsp;&nbsp;&nbsp;&nbsp;&nbsp;&nbsp;&nbsp;&nbsp;&nbsp;&nbsp;&nbsp;&nbsp;&nbsp;&nbsp;&nbsp;&nbsp;&nbsp;&nbsp;&nbsp;&nbsp;&nbsp;&nbsp;&nbsp;<\/p>\n\n\n\n<p><strong>Productores<\/strong><\/p>\n\n\n\n<p>Juan Carlos Berro, Productor de salame dijo \u201cmuch\u00edsimas gracias al intendente Ustarroz por siempre apoyarnos, escucharnos, por tu gesti\u00f3n y todo lo que haces por los productores de salame, de cerveza y cada uno de los sectores productivos de la ciudad\u201d y a\u00f1adi\u00f3 \u201cesperemos que los d\u00edas acompa\u00f1en y que la gente nos acompa\u00f1e\u201d.<\/p>\n","protected":false},"excerpt":{"rendered":"<p>Por Prensa Municipal &#8211; Se present\u00f3 la 48\u00ba Fiesta Nacional del Salame Quintero. Se realizar\u00e1 el pr\u00f3ximo 8, 9 y &#8230; <a title=\"Se lanz\u00f3 la 48\u00ba Fiesta Nacional del Salame Quintero\" class=\"read-more\" href=\"https:\/\/www.hoymercedes.com.ar\/principal\/2023\/08\/30\/se-lanzo-la-48o-fiesta-nacional-del-salame-quintero\/\" aria-label=\"Leer m\u00e1s sobre Se lanz\u00f3 la 48\u00ba Fiesta Nacional del Salame Quintero\">Leer m\u00e1s<\/a><\/p>\n","protected":false},"author":1,"featured_media":166352,"comment_status":"closed","ping_status":"open","sticky":false,"template":"","format":"standard","meta":{"_monsterinsights_skip_tracking":false,"_monsterinsights_sitenote_active":false,"_monsterinsights_sitenote_note":"","_monsterinsights_sitenote_category":0,"jetpack_post_was_ever_published":false,"_jetpack_newsletter_access":"","_jetpack_dont_email_post_to_subs":false,"_jetpack_newsletter_tier_id":0,"_jetpack_memberships_contains_paywalled_content":false,"_jetpack_memberships_contains_paid_content":false,"footnotes":"","jetpack_publicize_message":"","jetpack_publicize_feature_enabled":true,"jetpack_social_post_already_shared":true,"jetpack_social_options":{"image_generator_settings":{"template":"highway","default_image_id":0,"font":"","enabled":false},"version":2},"_wpas_customize_per_network":false},"categories":[8],"tags":[1329,569],"class_list":["post-166346","post","type-post","status-publish","format-standard","has-post-thumbnail","hentry","category-sociedad","tag-fiesta-del-salame-mercedes","tag-fiesta-nacional-del-salame","generate-columns","tablet-grid-50","mobile-grid-100","grid-parent","grid-50"],"jetpack_publicize_connections":[],"jetpack_featured_media_url":"https:\/\/www.hoymercedes.com.ar\/principal\/wp-content\/uploads\/2023\/08\/MHM7543.jpg","wps_subtitle":"Fiestas populares","jetpack_sharing_enabled":true,"_links":{"self":[{"href":"https:\/\/www.hoymercedes.com.ar\/principal\/wp-json\/wp\/v2\/posts\/166346","targetHints":{"allow":["GET"]}}],"collection":[{"href":"https:\/\/www.hoymercedes.com.ar\/principal\/wp-json\/wp\/v2\/posts"}],"about":[{"href":"https:\/\/www.hoymercedes.com.ar\/principal\/wp-json\/wp\/v2\/types\/post"}],"author":[{"embeddable":true,"href":"https:\/\/www.hoymercedes.com.ar\/principal\/wp-json\/wp\/v2\/users\/1"}],"replies":[{"embeddable":true,"href":"https:\/\/www.hoymercedes.com.ar\/principal\/wp-json\/wp\/v2\/comments?post=166346"}],"version-history":[{"count":0,"href":"https:\/\/www.hoymercedes.com.ar\/principal\/wp-json\/wp\/v2\/posts\/166346\/revisions"}],"wp:featuredmedia":[{"embeddable":true,"href":"https:\/\/www.hoymercedes.com.ar\/principal\/wp-json\/wp\/v2\/media\/166352"}],"wp:attachment":[{"href":"https:\/\/www.hoymercedes.com.ar\/principal\/wp-json\/wp\/v2\/media?parent=166346"}],"wp:term":[{"taxonomy":"category","embeddable":true,"href":"https:\/\/www.hoymercedes.com.ar\/principal\/wp-json\/wp\/v2\/categories?post=166346"},{"taxonomy":"post_tag","embeddable":true,"href":"https:\/\/www.hoymercedes.com.ar\/principal\/wp-json\/wp\/v2\/tags?post=166346"}],"curies":[{"name":"wp","href":"https:\/\/api.w.org\/{rel}","templated":true}]}}