{"id":166379,"date":"2023-08-31T09:27:50","date_gmt":"2023-08-31T12:27:50","guid":{"rendered":"https:\/\/www.hoymercedes.com.ar\/principal\/?p=166379"},"modified":"2023-09-02T10:58:20","modified_gmt":"2023-09-02T13:58:20","slug":"trio-de-camara-se-presenta-en-el-colegio-nacional","status":"publish","type":"post","link":"https:\/\/www.hoymercedes.com.ar\/principal\/2023\/08\/31\/trio-de-camara-se-presenta-en-el-colegio-nacional\/","title":{"rendered":"Tr\u00edo de C\u00e1mara se presenta en el Colegio Nacional"},"content":{"rendered":"\n<p>Por Susana Spano &#8211; En el ciclo de Ciclo Pro Arte Mercedes 2023 \u2013 Centro de Egresados del Colegio Nacional Florentino Ameghino \u2013 el pr\u00f3ximo s\u00e1bado, 2 de septiembre a partir de las 20:00, se presenta el \u201cTr\u00edo de C\u00e1mara\u201d, integrado por: Constanza Goldenberg (viol\u00edn), Siro Bellisoni (violoncello) y Sebasti\u00e1n Boeris (piano).<\/p>\n\n\n<div class=\"wp-block-image\">\n<figure class=\"aligncenter size-full\"><img loading=\"lazy\" decoding=\"async\" width=\"800\" height=\"577\" data-attachment-id=\"166380\" data-permalink=\"https:\/\/www.hoymercedes.com.ar\/principal\/2023\/08\/31\/trio-de-camara-se-presenta-en-el-colegio-nacional\/pro-arte-2sept\/#main\" data-orig-file=\"https:\/\/www.hoymercedes.com.ar\/principal\/wp-content\/uploads\/2023\/08\/pro-arte-2sept.jpg\" data-orig-size=\"800,577\" data-comments-opened=\"0\" data-image-meta=\"{&quot;aperture&quot;:&quot;0&quot;,&quot;credit&quot;:&quot;&quot;,&quot;camera&quot;:&quot;&quot;,&quot;caption&quot;:&quot;&quot;,&quot;created_timestamp&quot;:&quot;0&quot;,&quot;copyright&quot;:&quot;&quot;,&quot;focal_length&quot;:&quot;0&quot;,&quot;iso&quot;:&quot;0&quot;,&quot;shutter_speed&quot;:&quot;0&quot;,&quot;title&quot;:&quot;&quot;,&quot;orientation&quot;:&quot;0&quot;}\" data-image-title=\"pro arte 2sept\" data-image-description=\"\" data-image-caption=\"\" data-large-file=\"https:\/\/www.hoymercedes.com.ar\/principal\/wp-content\/uploads\/2023\/08\/pro-arte-2sept.jpg\" src=\"https:\/\/www.hoymercedes.com.ar\/principal\/wp-content\/uploads\/2023\/08\/pro-arte-2sept.jpg\" alt=\"\" class=\"wp-image-166380\" srcset=\"https:\/\/www.hoymercedes.com.ar\/principal\/wp-content\/uploads\/2023\/08\/pro-arte-2sept.jpg 800w, https:\/\/www.hoymercedes.com.ar\/principal\/wp-content\/uploads\/2023\/08\/pro-arte-2sept-630x454.jpg 630w, https:\/\/www.hoymercedes.com.ar\/principal\/wp-content\/uploads\/2023\/08\/pro-arte-2sept-150x108.jpg 150w\" sizes=\"auto, (max-width: 800px) 100vw, 800px\" \/><\/figure>\n<\/div>\n\n\n<p>En el programa que desarrollar\u00e1 el \u201cTr\u00edo de C\u00e1mara\u201d podr\u00e1n escucharse las siguientes obras: Tr\u00edo en mi bemol mayor N\u00ba1, Op.99 de Franz Schubert y Tr\u00edo N\u00ba4, Op. 90 \u00abDumky\u00bb, de Anton\u00edn Dvor\u00e1k:<\/p>\n\n\n\n<p><strong>Sebasti\u00e1n Boeris (Piano)<\/strong><br>Naci\u00f3 en 1985 en la ciudad de Rosario, Santa Fe, Argentina. Obtuvo los t\u00edtulos de Licenciado en Piano, Licenciado en Composici\u00f3n, Profesor de Piano y Profesor de Composici\u00f3n, egres\u00e1ndose de la Universidad Nacional de Rosario. Recibi\u00f3 becas, tanto para perfeccionamiento y creaci\u00f3n musical, del Fondo Nacional de las Artes, Fundaci\u00f3n Williams, Mozarteum Argentino e Instituto Nacional de la M\u00fasica.<br>Se form\u00f3 en piano con los Mtros. Gabriel Scampino, V\u00edctor Cort\u00e9s, Alexander Panizza, Aldo Antognazzi y Hayd\u00e9e Schvartz, en clave y bajo Continuo con Federico Ciancio; en composici\u00f3n con Dante Grela, Gabriel Data, Jorge Horst y Luis Mucillo y en armon\u00eda con Juan Carlos Silvera. <br>Integr\u00f3 diversas agrupaciones con las que realiz\u00f3 conciertos en el Reino Unido, Colombia, Brasil y Portugal.<br>Desarrolla una intensa actividad como int\u00e9rprete de piano solo, adem\u00e1s de integrar diversos grupos de c\u00e1mara.<br>Recibi\u00f3 becas, tanto para perfeccionamiento como para creaci\u00f3n musical, del Fondo Nacional de las Artes, Mozarteum Argentino e Instituto Nacional de la M\u00fasica.<br>En 2019 recibi\u00f3 el primer premio de composici\u00f3n para orquesta sinf\u00f3nica de SADAIC, por su obra \u201cEspacios Acu\u00e1ticos\u201d. Ha compuesto piezas para orquesta, ensamble, diversos ciclos para piano solo y dos \u00f3peras de c\u00e1mara. Edita sus obras en la editorial Stark Musikverlag (Leipzig, Alemania).<br>Actualmente es Profesor Titular de la C\u00e1tedra de M\u00fasica de C\u00e1mara en la Facultad de Humanidades y Artes de la Universidad Nacional de Rosario, desde el a\u00f1o 2015, y Maestro Interno en el Teatro Argentino de La Plata, desde febrero del 2016, donde se desempe\u00f1a como Asistente de Direcci\u00f3n del Coro Estable.<\/p>\n\n\n\n<p><strong>Costanza Goldenberg Thiery (Viol\u00edn)<\/strong><br>Naci\u00f3 en Buenos Aires en 1993 e inici\u00f3 sus estudios a los siete a\u00f1os con Pablo Aznarez. Posteriormente continu\u00f3 sus estudios con los maestros: Rafael Gintoli y Pablo Sarav\u00ed.<br>En 2009 fue becada para participar del 40\u00ba Festival Internacional de Invierno de Campos do Jord\u00e3o (Brasil). Integr\u00f3 la Orquesta Acad\u00e9mica de Schleswig-Holstein Musik Festival en su gira de 2013. En 2016 fue admitida por la Orquesta de las Am\u00e9ricas para realizar una gira en Estonia, Letonia, Lituania, Suecia, Dinamarca, Polonia y Alemania.<br>Como solista ha interpretado \u201cLas Cuatro Estaciones de Vivaldi\u201d, junto a la Camerata de Radio Cultura. \u201cLas Romanzas de Beethoven\u201d con la Orquesta Sinf\u00f3nica de Tres de Febrero. \u201cLa Sinfon\u00eda Concertante de J. Haydn\u201d, con la Orquesta Juvenil Nacional del Bicentenario. \u201cEl Concierto N\u00b04\u201dde W. A. Mozart junto a la Orquesta de la UCA. \u201cLa Sinfon\u00eda Espa\u00f1ola\u201d de E. Lal\u00f3 y el \u201cTriple Concierto de Beethoven\u201d acompa\u00f1ada por la Orquesta Sinf\u00f3nica de Mar del Plata.<br>Desde 2011 integra la Orquesta Estable de Teatro Argentino de La Plata. Actualmente realiza una intensa actividad en la M\u00fasica de C\u00e1mara, principalmente junto al Mas Tr\u00edo y al D\u00fao Kinor.<br>Actualmente realiza una intensa actividad en la m\u00fasica de c\u00e1mara, principalmente junto al Mas Tr\u00edo y al D\u00fao Kinor.<\/p>\n\n\n\n<p><strong>Siro Bellisomi (Violoncello)<\/strong><br>Naci\u00f3 en la ciudad de La Plata. Curs\u00f3 estudios de violoncello y egres\u00f3 del Conservatorio de M\u00fasica \u201cGilardo Gilardi\u201d de La Plata. Se perfecciono con Claudio Baraviera en Argentina. Fue invitado como solista de fila en las Orquesta de C\u00e1mara Mayo, Camerata Bariloche, Orquesta Estable y Filarm\u00f3nica del Teatro Colon, etc.<br>Es integrante del cuarteto de cuerdas de la U.N.L.P. Se desempe\u00f1a, adem\u00e1s, como Solista principal de la Orquesta estable del Teatro Argentino de La Plata y es fundador del Trio Williams, con el que grab\u00f3 \u201cTr\u00edos Argentinos\u201d y realiza una amplia tarea docente.<br>El pr\u00f3ximo s\u00e1bado, 2 de septiembre a partir de las 20:00, en el audit\u00f3rium del Colegio Nacional, Av. 17, entre 30 y 32 el p\u00fablico de Mercedes tendr\u00e1 la oportunidad de escuchar a este prestigioso \u201cTr\u00edo de C\u00e1mara\u201d en una nueva presentaci\u00f3n.<\/p>\n\n\n\n<figure class=\"wp-block-embed is-type-video is-provider-youtube wp-block-embed-youtube wp-embed-aspect-4-3 wp-has-aspect-ratio\"><div class=\"wp-block-embed__wrapper\">\n<span class=\"embed-youtube\" style=\"text-align:center; display: block;\"><iframe loading=\"lazy\" class=\"youtube-player\" width=\"1200\" height=\"675\" src=\"https:\/\/www.youtube.com\/embed\/lcVWAdvDevs?version=3&#038;rel=1&#038;showsearch=0&#038;showinfo=1&#038;iv_load_policy=1&#038;fs=1&#038;hl=es-ES&#038;autohide=2&#038;wmode=transparent\" allowfullscreen=\"true\" style=\"border:0;\" sandbox=\"allow-scripts allow-same-origin allow-popups allow-presentation allow-popups-to-escape-sandbox\"><\/iframe><\/span>\n<\/div><\/figure>\n","protected":false},"excerpt":{"rendered":"<p>Por Susana Spano &#8211; En el ciclo de Ciclo Pro Arte Mercedes 2023 \u2013 Centro de Egresados del Colegio Nacional &#8230; <a title=\"Tr\u00edo de C\u00e1mara se presenta en el Colegio Nacional\" class=\"read-more\" href=\"https:\/\/www.hoymercedes.com.ar\/principal\/2023\/08\/31\/trio-de-camara-se-presenta-en-el-colegio-nacional\/\" aria-label=\"Leer m\u00e1s sobre Tr\u00edo de C\u00e1mara se presenta en el Colegio Nacional\">Leer m\u00e1s<\/a><\/p>\n","protected":false},"author":1,"featured_media":166380,"comment_status":"closed","ping_status":"open","sticky":false,"template":"","format":"standard","meta":{"_monsterinsights_skip_tracking":false,"_monsterinsights_sitenote_active":false,"_monsterinsights_sitenote_note":"","_monsterinsights_sitenote_category":0,"jetpack_post_was_ever_published":false,"_jetpack_newsletter_access":"","_jetpack_dont_email_post_to_subs":false,"_jetpack_newsletter_tier_id":0,"_jetpack_memberships_contains_paywalled_content":false,"_jetpack_memberships_contains_paid_content":false,"footnotes":"","jetpack_publicize_message":"","jetpack_publicize_feature_enabled":true,"jetpack_social_post_already_shared":true,"jetpack_social_options":{"image_generator_settings":{"template":"highway","default_image_id":0,"font":"","enabled":false},"version":2},"_wpas_customize_per_network":false},"categories":[8],"tags":[],"class_list":["post-166379","post","type-post","status-publish","format-standard","has-post-thumbnail","hentry","category-sociedad","generate-columns","tablet-grid-50","mobile-grid-100","grid-parent","grid-50"],"jetpack_publicize_connections":[],"jetpack_featured_media_url":"https:\/\/www.hoymercedes.com.ar\/principal\/wp-content\/uploads\/2023\/08\/pro-arte-2sept.jpg","wps_subtitle":"","jetpack_sharing_enabled":true,"_links":{"self":[{"href":"https:\/\/www.hoymercedes.com.ar\/principal\/wp-json\/wp\/v2\/posts\/166379","targetHints":{"allow":["GET"]}}],"collection":[{"href":"https:\/\/www.hoymercedes.com.ar\/principal\/wp-json\/wp\/v2\/posts"}],"about":[{"href":"https:\/\/www.hoymercedes.com.ar\/principal\/wp-json\/wp\/v2\/types\/post"}],"author":[{"embeddable":true,"href":"https:\/\/www.hoymercedes.com.ar\/principal\/wp-json\/wp\/v2\/users\/1"}],"replies":[{"embeddable":true,"href":"https:\/\/www.hoymercedes.com.ar\/principal\/wp-json\/wp\/v2\/comments?post=166379"}],"version-history":[{"count":0,"href":"https:\/\/www.hoymercedes.com.ar\/principal\/wp-json\/wp\/v2\/posts\/166379\/revisions"}],"wp:featuredmedia":[{"embeddable":true,"href":"https:\/\/www.hoymercedes.com.ar\/principal\/wp-json\/wp\/v2\/media\/166380"}],"wp:attachment":[{"href":"https:\/\/www.hoymercedes.com.ar\/principal\/wp-json\/wp\/v2\/media?parent=166379"}],"wp:term":[{"taxonomy":"category","embeddable":true,"href":"https:\/\/www.hoymercedes.com.ar\/principal\/wp-json\/wp\/v2\/categories?post=166379"},{"taxonomy":"post_tag","embeddable":true,"href":"https:\/\/www.hoymercedes.com.ar\/principal\/wp-json\/wp\/v2\/tags?post=166379"}],"curies":[{"name":"wp","href":"https:\/\/api.w.org\/{rel}","templated":true}]}}