{"id":166418,"date":"2023-08-31T22:45:00","date_gmt":"2023-09-01T01:45:00","guid":{"rendered":"https:\/\/www.hoymercedes.com.ar\/principal\/?p=166418"},"modified":"2023-08-31T23:17:38","modified_gmt":"2023-09-01T02:17:38","slug":"trabajos-de-mantenimiento-en-el-tomografo-del-hospital","status":"publish","type":"post","link":"https:\/\/www.hoymercedes.com.ar\/principal\/2023\/08\/31\/trabajos-de-mantenimiento-en-el-tomografo-del-hospital\/","title":{"rendered":"Trabajos de mantenimiento en el tom\u00f3grafo del Hospital"},"content":{"rendered":"\n<p>Desde el Hospital Blas L. Dubarry anunciaron la recepci\u00f3n del tubo de rayos del Tom\u00f3grafo. \u00abDicho insumo es el coraz\u00f3n del equipo, es lo que genera los rayos que forman las im\u00e1genes y que posee una vida \u00fatil de 700.000 disparos\u00bb, explicaron desde el nosocomio de calle 12.<\/p>\n\n\n\n<p>\u00abA trav\u00e9s de la gesti\u00f3n del Hospital Blas Dubarry conjuntamente con el Ministerio de Salud de la Provincia de Buenos Aires, adquirimos por rentas generales por un valor mayor de $24 millones de pesos. Este insumo relevante para el mantenimiento del equipo\u00bb, agregaron desde el Dubarry. <\/p>\n\n\n<div class=\"wp-block-image\">\n<figure class=\"aligncenter size-full\"><img loading=\"lazy\" decoding=\"async\" width=\"800\" height=\"621\" data-attachment-id=\"166419\" data-permalink=\"https:\/\/www.hoymercedes.com.ar\/principal\/2023\/08\/31\/trabajos-de-mantenimiento-en-el-tomografo-del-hospital\/tomografo-hospotal\/#main\" data-orig-file=\"https:\/\/www.hoymercedes.com.ar\/principal\/wp-content\/uploads\/2023\/08\/tomografo-hospotal.jpg\" data-orig-size=\"800,621\" data-comments-opened=\"0\" data-image-meta=\"{&quot;aperture&quot;:&quot;0&quot;,&quot;credit&quot;:&quot;&quot;,&quot;camera&quot;:&quot;&quot;,&quot;caption&quot;:&quot;&quot;,&quot;created_timestamp&quot;:&quot;1693522312&quot;,&quot;copyright&quot;:&quot;&quot;,&quot;focal_length&quot;:&quot;0&quot;,&quot;iso&quot;:&quot;0&quot;,&quot;shutter_speed&quot;:&quot;0&quot;,&quot;title&quot;:&quot;&quot;,&quot;orientation&quot;:&quot;1&quot;}\" data-image-title=\"tomografo hospotal\" data-image-description=\"\" data-image-caption=\"\" data-large-file=\"https:\/\/www.hoymercedes.com.ar\/principal\/wp-content\/uploads\/2023\/08\/tomografo-hospotal.jpg\" src=\"https:\/\/www.hoymercedes.com.ar\/principal\/wp-content\/uploads\/2023\/08\/tomografo-hospotal.jpg\" alt=\"\" class=\"wp-image-166419\" srcset=\"https:\/\/www.hoymercedes.com.ar\/principal\/wp-content\/uploads\/2023\/08\/tomografo-hospotal.jpg 800w, https:\/\/www.hoymercedes.com.ar\/principal\/wp-content\/uploads\/2023\/08\/tomografo-hospotal-630x489.jpg 630w, https:\/\/www.hoymercedes.com.ar\/principal\/wp-content\/uploads\/2023\/08\/tomografo-hospotal-150x116.jpg 150w\" sizes=\"auto, (max-width: 800px) 100vw, 800px\" \/><\/figure>\n<\/div>\n\n\n<p><\/p>\n","protected":false},"excerpt":{"rendered":"<p>Desde el Hospital Blas L. Dubarry anunciaron la recepci\u00f3n del tubo de rayos del Tom\u00f3grafo. \u00abDicho insumo es el coraz\u00f3n &#8230; <a title=\"Trabajos de mantenimiento en el tom\u00f3grafo del Hospital\" class=\"read-more\" href=\"https:\/\/www.hoymercedes.com.ar\/principal\/2023\/08\/31\/trabajos-de-mantenimiento-en-el-tomografo-del-hospital\/\" aria-label=\"Leer m\u00e1s sobre Trabajos de mantenimiento en el tom\u00f3grafo del Hospital\">Leer m\u00e1s<\/a><\/p>\n","protected":false},"author":1,"featured_media":166419,"comment_status":"closed","ping_status":"open","sticky":false,"template":"","format":"standard","meta":{"_monsterinsights_skip_tracking":false,"_monsterinsights_sitenote_active":false,"_monsterinsights_sitenote_note":"","_monsterinsights_sitenote_category":0,"jetpack_post_was_ever_published":false,"_jetpack_newsletter_access":"","_jetpack_dont_email_post_to_subs":false,"_jetpack_newsletter_tier_id":0,"_jetpack_memberships_contains_paywalled_content":false,"_jetpack_memberships_contains_paid_content":false,"footnotes":"","jetpack_publicize_message":"","jetpack_publicize_feature_enabled":true,"jetpack_social_post_already_shared":false,"jetpack_social_options":{"image_generator_settings":{"template":"highway","default_image_id":0,"font":"","enabled":false},"version":2},"_wpas_customize_per_network":false},"categories":[8],"tags":[],"class_list":["post-166418","post","type-post","status-publish","format-standard","has-post-thumbnail","hentry","category-sociedad","generate-columns","tablet-grid-50","mobile-grid-100","grid-parent","grid-50"],"jetpack_publicize_connections":[],"jetpack_featured_media_url":"https:\/\/www.hoymercedes.com.ar\/principal\/wp-content\/uploads\/2023\/08\/tomografo-hospotal.jpg","wps_subtitle":"","jetpack_sharing_enabled":true,"_links":{"self":[{"href":"https:\/\/www.hoymercedes.com.ar\/principal\/wp-json\/wp\/v2\/posts\/166418","targetHints":{"allow":["GET"]}}],"collection":[{"href":"https:\/\/www.hoymercedes.com.ar\/principal\/wp-json\/wp\/v2\/posts"}],"about":[{"href":"https:\/\/www.hoymercedes.com.ar\/principal\/wp-json\/wp\/v2\/types\/post"}],"author":[{"embeddable":true,"href":"https:\/\/www.hoymercedes.com.ar\/principal\/wp-json\/wp\/v2\/users\/1"}],"replies":[{"embeddable":true,"href":"https:\/\/www.hoymercedes.com.ar\/principal\/wp-json\/wp\/v2\/comments?post=166418"}],"version-history":[{"count":0,"href":"https:\/\/www.hoymercedes.com.ar\/principal\/wp-json\/wp\/v2\/posts\/166418\/revisions"}],"wp:featuredmedia":[{"embeddable":true,"href":"https:\/\/www.hoymercedes.com.ar\/principal\/wp-json\/wp\/v2\/media\/166419"}],"wp:attachment":[{"href":"https:\/\/www.hoymercedes.com.ar\/principal\/wp-json\/wp\/v2\/media?parent=166418"}],"wp:term":[{"taxonomy":"category","embeddable":true,"href":"https:\/\/www.hoymercedes.com.ar\/principal\/wp-json\/wp\/v2\/categories?post=166418"},{"taxonomy":"post_tag","embeddable":true,"href":"https:\/\/www.hoymercedes.com.ar\/principal\/wp-json\/wp\/v2\/tags?post=166418"}],"curies":[{"name":"wp","href":"https:\/\/api.w.org\/{rel}","templated":true}]}}