{"id":166436,"date":"2023-09-01T07:27:43","date_gmt":"2023-09-01T10:27:43","guid":{"rendered":"https:\/\/www.hoymercedes.com.ar\/principal\/?p=166436"},"modified":"2023-09-01T07:28:55","modified_gmt":"2023-09-01T10:28:55","slug":"este-sabado-en-la-sociedad-rural-colombofilos-soltaran-7000-palomas-mensajeras","status":"publish","type":"post","link":"https:\/\/www.hoymercedes.com.ar\/principal\/2023\/09\/01\/este-sabado-en-la-sociedad-rural-colombofilos-soltaran-7000-palomas-mensajeras\/","title":{"rendered":"Este s\u00e1bado en la Sociedad Rural: Colomb\u00f3filos soltar\u00e1n 7000 palomas mensajeras"},"content":{"rendered":"\n<p>La Sociedad Colomb\u00f3fila La Viajera Mercedina y la Federaci\u00f3n Colomb\u00f3fila anunciaron que este s\u00e1bado 2 de septiembre realizar\u00e1n una suelta de 7000 palomas mensajeras en la Sociedad Rural Regional Mercedes. <\/p>\n\n\n<div class=\"wp-block-image\">\n<figure class=\"aligncenter size-full\"><img loading=\"lazy\" decoding=\"async\" width=\"681\" height=\"386\" data-attachment-id=\"166437\" data-permalink=\"https:\/\/www.hoymercedes.com.ar\/principal\/2023\/09\/01\/este-sabado-en-la-sociedad-rural-colombofilos-soltaran-7000-palomas-mensajeras\/img-20230901-wa0000\/#main\" data-orig-file=\"https:\/\/www.hoymercedes.com.ar\/principal\/wp-content\/uploads\/2023\/09\/IMG-20230901-WA0000.jpg\" data-orig-size=\"681,386\" data-comments-opened=\"0\" data-image-meta=\"{&quot;aperture&quot;:&quot;0&quot;,&quot;credit&quot;:&quot;&quot;,&quot;camera&quot;:&quot;&quot;,&quot;caption&quot;:&quot;&quot;,&quot;created_timestamp&quot;:&quot;0&quot;,&quot;copyright&quot;:&quot;&quot;,&quot;focal_length&quot;:&quot;0&quot;,&quot;iso&quot;:&quot;0&quot;,&quot;shutter_speed&quot;:&quot;0&quot;,&quot;title&quot;:&quot;&quot;,&quot;orientation&quot;:&quot;0&quot;}\" data-image-title=\"IMG-20230901-WA0000\" data-image-description=\"\" data-image-caption=\"\" data-large-file=\"https:\/\/www.hoymercedes.com.ar\/principal\/wp-content\/uploads\/2023\/09\/IMG-20230901-WA0000.jpg\" src=\"https:\/\/www.hoymercedes.com.ar\/principal\/wp-content\/uploads\/2023\/09\/IMG-20230901-WA0000.jpg\" alt=\"\" class=\"wp-image-166437\" srcset=\"https:\/\/www.hoymercedes.com.ar\/principal\/wp-content\/uploads\/2023\/09\/IMG-20230901-WA0000.jpg 681w, https:\/\/www.hoymercedes.com.ar\/principal\/wp-content\/uploads\/2023\/09\/IMG-20230901-WA0000-630x357.jpg 630w, https:\/\/www.hoymercedes.com.ar\/principal\/wp-content\/uploads\/2023\/09\/IMG-20230901-WA0000-150x85.jpg 150w\" sizes=\"auto, (max-width: 681px) 100vw, 681px\" \/><\/figure>\n<\/div>\n\n\n<p>En el predio ubicado en Ruta Nacional N\u00b05, kil\u00f3metro 100, ser\u00e1 el evento al que invitan a todos los interesados en este \u00abespectacular\u00bb hecho. La gran suelta de palomas mensajeras suele asombrar a los presentes.<\/p>\n\n\n\n<p>La convocatoria es entre las 8:00 y las 8:30 de la ma\u00f1ana del s\u00e1bado 2 de septiembre. En esa franja horaria se llevar\u00e1 a cabo una suelta monumental de palomas provenientes de la zona sur de la provincia de Buenos Aires. Ciudades como Tres Arroyos, Pringles, Bah\u00eda Blanca, Punta Alta, Rivera, Torquinst y Pig\u00fc\u00e9 ser\u00e1n representadas por estas aves, un total aproximado de 7,000 palomas, que emprender\u00e1n un vuelo que las llevar\u00e1 de regreso a sus hogares.<\/p>\n\n\n\n<p>La importancia de este evento radica en su papel en la promoci\u00f3n de la colombofilia, una pr\u00e1ctica que involucra la cr\u00eda y el adiestramiento de palomas mensajeras para competiciones y sueltas. Adem\u00e1s, se ha anunciado un premio de renombre para los colombofilos de la regi\u00f3n Este, lo que agrega un elemento de competencia y emoci\u00f3n al espect\u00e1culo.<\/p>\n\n\n\n<p>La Sociedad Rural abre sus puertas desde las 7:30 de la ma\u00f1ana para aquellos que deseen presenciar esta impresionante suelta de palomas mensajeras. No s\u00f3lo es una oportunidad para maravillarse con la habilidad de estas aves, sino tambi\u00e9n para conectar con una tradici\u00f3n que ha perdurado a lo largo de los a\u00f1os.<\/p>\n\n\n\n<p>Fuente: Sociedad Colomb\u00f3fila La Viajera Mercedina<\/p>\n","protected":false},"excerpt":{"rendered":"<p>La Sociedad Colomb\u00f3fila La Viajera Mercedina y la Federaci\u00f3n Colomb\u00f3fila anunciaron que este s\u00e1bado 2 de septiembre realizar\u00e1n una suelta &#8230; <a title=\"Este s\u00e1bado en la Sociedad Rural: Colomb\u00f3filos soltar\u00e1n 7000 palomas mensajeras\" class=\"read-more\" href=\"https:\/\/www.hoymercedes.com.ar\/principal\/2023\/09\/01\/este-sabado-en-la-sociedad-rural-colombofilos-soltaran-7000-palomas-mensajeras\/\" aria-label=\"Leer m\u00e1s sobre Este s\u00e1bado en la Sociedad Rural: Colomb\u00f3filos soltar\u00e1n 7000 palomas mensajeras\">Leer m\u00e1s<\/a><\/p>\n","protected":false},"author":1,"featured_media":166437,"comment_status":"closed","ping_status":"open","sticky":false,"template":"","format":"standard","meta":{"_monsterinsights_skip_tracking":false,"_monsterinsights_sitenote_active":false,"_monsterinsights_sitenote_note":"","_monsterinsights_sitenote_category":0,"jetpack_post_was_ever_published":false,"_jetpack_newsletter_access":"","_jetpack_dont_email_post_to_subs":false,"_jetpack_newsletter_tier_id":0,"_jetpack_memberships_contains_paywalled_content":false,"_jetpack_memberships_contains_paid_content":false,"footnotes":"","jetpack_publicize_message":"","jetpack_publicize_feature_enabled":true,"jetpack_social_post_already_shared":true,"jetpack_social_options":{"image_generator_settings":{"template":"highway","default_image_id":0,"font":"","enabled":false},"version":2},"_wpas_customize_per_network":false},"categories":[8],"tags":[],"class_list":["post-166436","post","type-post","status-publish","format-standard","has-post-thumbnail","hentry","category-sociedad","generate-columns","tablet-grid-50","mobile-grid-100","grid-parent","grid-50"],"jetpack_publicize_connections":[],"jetpack_featured_media_url":"https:\/\/www.hoymercedes.com.ar\/principal\/wp-content\/uploads\/2023\/09\/IMG-20230901-WA0000.jpg","wps_subtitle":"","jetpack_sharing_enabled":true,"_links":{"self":[{"href":"https:\/\/www.hoymercedes.com.ar\/principal\/wp-json\/wp\/v2\/posts\/166436","targetHints":{"allow":["GET"]}}],"collection":[{"href":"https:\/\/www.hoymercedes.com.ar\/principal\/wp-json\/wp\/v2\/posts"}],"about":[{"href":"https:\/\/www.hoymercedes.com.ar\/principal\/wp-json\/wp\/v2\/types\/post"}],"author":[{"embeddable":true,"href":"https:\/\/www.hoymercedes.com.ar\/principal\/wp-json\/wp\/v2\/users\/1"}],"replies":[{"embeddable":true,"href":"https:\/\/www.hoymercedes.com.ar\/principal\/wp-json\/wp\/v2\/comments?post=166436"}],"version-history":[{"count":0,"href":"https:\/\/www.hoymercedes.com.ar\/principal\/wp-json\/wp\/v2\/posts\/166436\/revisions"}],"wp:featuredmedia":[{"embeddable":true,"href":"https:\/\/www.hoymercedes.com.ar\/principal\/wp-json\/wp\/v2\/media\/166437"}],"wp:attachment":[{"href":"https:\/\/www.hoymercedes.com.ar\/principal\/wp-json\/wp\/v2\/media?parent=166436"}],"wp:term":[{"taxonomy":"category","embeddable":true,"href":"https:\/\/www.hoymercedes.com.ar\/principal\/wp-json\/wp\/v2\/categories?post=166436"},{"taxonomy":"post_tag","embeddable":true,"href":"https:\/\/www.hoymercedes.com.ar\/principal\/wp-json\/wp\/v2\/tags?post=166436"}],"curies":[{"name":"wp","href":"https:\/\/api.w.org\/{rel}","templated":true}]}}