{"id":166459,"date":"2023-09-01T20:50:34","date_gmt":"2023-09-01T23:50:34","guid":{"rendered":"https:\/\/www.hoymercedes.com.ar\/principal\/?p=166459"},"modified":"2023-09-01T21:21:12","modified_gmt":"2023-09-02T00:21:12","slug":"en-el-dubarry-se-realizo-la-primer-biopsia-de-cerebro-guiada-por-estereotaxia","status":"publish","type":"post","link":"https:\/\/www.hoymercedes.com.ar\/principal\/2023\/09\/01\/en-el-dubarry-se-realizo-la-primer-biopsia-de-cerebro-guiada-por-estereotaxia\/","title":{"rendered":"En el Dubarry se realiz\u00f3 la primera biopsia de cerebro guiada por estereotaxia"},"content":{"rendered":"\n<p>Desde el Hospital Blas L. Dubarry comunicaron que este viernes el servicio de neurolog\u00eda del nosocomio de calle 12 realiz\u00f3 una toma de material de biopsia guiados por estereotaxia cerebral a una paciente que transita una enfermedad que le provoca inmunodepresi\u00f3n.<\/p>\n\n\n<div class=\"wp-block-image\">\n<figure class=\"aligncenter size-full\"><img loading=\"lazy\" decoding=\"async\" width=\"600\" height=\"800\" data-attachment-id=\"166460\" data-permalink=\"https:\/\/www.hoymercedes.com.ar\/principal\/2023\/09\/01\/en-el-dubarry-se-realizo-la-primer-biopsia-de-cerebro-guiada-por-estereotaxia\/dubarry-2-2\/#main\" data-orig-file=\"https:\/\/www.hoymercedes.com.ar\/principal\/wp-content\/uploads\/2023\/09\/dubarry-2.jpg\" data-orig-size=\"600,800\" data-comments-opened=\"0\" data-image-meta=\"{&quot;aperture&quot;:&quot;0&quot;,&quot;credit&quot;:&quot;&quot;,&quot;camera&quot;:&quot;&quot;,&quot;caption&quot;:&quot;&quot;,&quot;created_timestamp&quot;:&quot;0&quot;,&quot;copyright&quot;:&quot;&quot;,&quot;focal_length&quot;:&quot;0&quot;,&quot;iso&quot;:&quot;0&quot;,&quot;shutter_speed&quot;:&quot;0&quot;,&quot;title&quot;:&quot;&quot;,&quot;orientation&quot;:&quot;0&quot;}\" data-image-title=\"dubarry (2)\" data-image-description=\"\" data-image-caption=\"\" data-large-file=\"https:\/\/www.hoymercedes.com.ar\/principal\/wp-content\/uploads\/2023\/09\/dubarry-2.jpg\" src=\"https:\/\/www.hoymercedes.com.ar\/principal\/wp-content\/uploads\/2023\/09\/dubarry-2.jpg\" alt=\"\" class=\"wp-image-166460\" srcset=\"https:\/\/www.hoymercedes.com.ar\/principal\/wp-content\/uploads\/2023\/09\/dubarry-2.jpg 600w, https:\/\/www.hoymercedes.com.ar\/principal\/wp-content\/uploads\/2023\/09\/dubarry-2-465x620.jpg 465w, https:\/\/www.hoymercedes.com.ar\/principal\/wp-content\/uploads\/2023\/09\/dubarry-2-113x150.jpg 113w\" sizes=\"auto, (max-width: 600px) 100vw, 600px\" \/><\/figure>\n<\/div>\n\n\n<p>\u00abSe le realiza la intervenci\u00f3n al poseer una lesi\u00f3n t\u00e1lamo mesencef\u00e1lica que casi con seguridad est\u00e9 relacionada a su patolog\u00eda de base. A trav\u00e9s de la toma de material podremos diagnosticar si es de origen infeccioso o neopl\u00e1sico y as\u00ed poder determinar los tratamientos correspondientes seg\u00fan la etiolog\u00eda\u00bb explicaron desde el Dubarry sobre la intervenci\u00f3n realizada por los neurocirujanos Julia Lembo y Adalberto Ochoa, m\u00e9dicos que forman parte del equipo del\u00a0Dr\u00a0Juan\u00a0Marelli.<\/p>\n\n\n\n<p>Para dicha intervenci\u00f3n se utiliz\u00f3 el instrumento Marco de Estereotaxia que se coloc\u00f3 con la paciente despierta en el tom\u00f3grafo. Luego se le realiz\u00f3 una tomograf\u00eda especial que arroj\u00f3 determinados par\u00e1metros que son coordenadas que guiaron al target espec\u00edfico, donde con una aguja pudieron llegar para tomar la muestra correspondiente. \u00abAfortunadamente el procedimiento se hizo sin ning\u00fan tipo de complicaciones\u00bb, acotaron.<\/p>\n\n\n\n<p>\u00abLa estereotaxia es un un medio extraordinario que sirve para bastantes patolog\u00edas y en este caso para el diagn\u00f3stico de una lesi\u00f3n cerebral muy profunda, que de haberse hecho a trav\u00e9s de una cirug\u00eda a cielo abierto convencional hubiera expuesto a la paciente a provocarle m\u00e1s da\u00f1o\u00bb, destacaron desde el Dubarry. <\/p>\n\n\n\n<p><\/p>\n","protected":false},"excerpt":{"rendered":"<p>Desde el Hospital Blas L. Dubarry comunicaron que este viernes el servicio de neurolog\u00eda del nosocomio de calle 12 realiz\u00f3 &#8230; <a title=\"En el Dubarry se realiz\u00f3 la primera biopsia de cerebro guiada por estereotaxia\" class=\"read-more\" href=\"https:\/\/www.hoymercedes.com.ar\/principal\/2023\/09\/01\/en-el-dubarry-se-realizo-la-primer-biopsia-de-cerebro-guiada-por-estereotaxia\/\" aria-label=\"Leer m\u00e1s sobre En el Dubarry se realiz\u00f3 la primera biopsia de cerebro guiada por estereotaxia\">Leer m\u00e1s<\/a><\/p>\n","protected":false},"author":1,"featured_media":166460,"comment_status":"closed","ping_status":"open","sticky":false,"template":"","format":"standard","meta":{"_monsterinsights_skip_tracking":false,"_monsterinsights_sitenote_active":false,"_monsterinsights_sitenote_note":"","_monsterinsights_sitenote_category":0,"jetpack_post_was_ever_published":false,"_jetpack_newsletter_access":"","_jetpack_dont_email_post_to_subs":false,"_jetpack_newsletter_tier_id":0,"_jetpack_memberships_contains_paywalled_content":false,"_jetpack_memberships_contains_paid_content":false,"footnotes":"","jetpack_publicize_message":"","jetpack_publicize_feature_enabled":true,"jetpack_social_post_already_shared":true,"jetpack_social_options":{"image_generator_settings":{"template":"highway","default_image_id":0,"font":"","enabled":false},"version":2},"_wpas_customize_per_network":false},"categories":[8],"tags":[],"class_list":["post-166459","post","type-post","status-publish","format-standard","has-post-thumbnail","hentry","category-sociedad","generate-columns","tablet-grid-50","mobile-grid-100","grid-parent","grid-50"],"jetpack_publicize_connections":[],"jetpack_featured_media_url":"https:\/\/www.hoymercedes.com.ar\/principal\/wp-content\/uploads\/2023\/09\/dubarry-2.jpg","wps_subtitle":"","jetpack_sharing_enabled":true,"_links":{"self":[{"href":"https:\/\/www.hoymercedes.com.ar\/principal\/wp-json\/wp\/v2\/posts\/166459","targetHints":{"allow":["GET"]}}],"collection":[{"href":"https:\/\/www.hoymercedes.com.ar\/principal\/wp-json\/wp\/v2\/posts"}],"about":[{"href":"https:\/\/www.hoymercedes.com.ar\/principal\/wp-json\/wp\/v2\/types\/post"}],"author":[{"embeddable":true,"href":"https:\/\/www.hoymercedes.com.ar\/principal\/wp-json\/wp\/v2\/users\/1"}],"replies":[{"embeddable":true,"href":"https:\/\/www.hoymercedes.com.ar\/principal\/wp-json\/wp\/v2\/comments?post=166459"}],"version-history":[{"count":0,"href":"https:\/\/www.hoymercedes.com.ar\/principal\/wp-json\/wp\/v2\/posts\/166459\/revisions"}],"wp:featuredmedia":[{"embeddable":true,"href":"https:\/\/www.hoymercedes.com.ar\/principal\/wp-json\/wp\/v2\/media\/166460"}],"wp:attachment":[{"href":"https:\/\/www.hoymercedes.com.ar\/principal\/wp-json\/wp\/v2\/media?parent=166459"}],"wp:term":[{"taxonomy":"category","embeddable":true,"href":"https:\/\/www.hoymercedes.com.ar\/principal\/wp-json\/wp\/v2\/categories?post=166459"},{"taxonomy":"post_tag","embeddable":true,"href":"https:\/\/www.hoymercedes.com.ar\/principal\/wp-json\/wp\/v2\/tags?post=166459"}],"curies":[{"name":"wp","href":"https:\/\/api.w.org\/{rel}","templated":true}]}}