{"id":166470,"date":"2023-09-01T23:40:25","date_gmt":"2023-09-02T02:40:25","guid":{"rendered":"https:\/\/www.hoymercedes.com.ar\/principal\/?p=166470"},"modified":"2023-09-01T23:40:26","modified_gmt":"2023-09-02T02:40:26","slug":"mercedes-fue-sede-de-la-copa-igualdad-de-futbol-femenino","status":"publish","type":"post","link":"https:\/\/www.hoymercedes.com.ar\/principal\/2023\/09\/01\/mercedes-fue-sede-de-la-copa-igualdad-de-futbol-femenino\/","title":{"rendered":"Mercedes fue sede de la \u201cCopa Igualdad\u201d de f\u00fatbol femenino"},"content":{"rendered":"\n<figure class=\"wp-block-image size-large\"><img loading=\"lazy\" decoding=\"async\" width=\"1024\" height=\"680\" data-attachment-id=\"166471\" data-permalink=\"https:\/\/www.hoymercedes.com.ar\/principal\/2023\/09\/01\/mercedes-fue-sede-de-la-copa-igualdad-de-futbol-femenino\/mhm7185\/#main\" data-orig-file=\"https:\/\/www.hoymercedes.com.ar\/principal\/wp-content\/uploads\/2023\/09\/MHM7185-scaled.jpg\" data-orig-size=\"2560,1700\" data-comments-opened=\"0\" data-image-meta=\"{&quot;aperture&quot;:&quot;3.5&quot;,&quot;credit&quot;:&quot;Moreira Mario Hugo    FOTOGRAFIA&quot;,&quot;camera&quot;:&quot;NIKON D300&quot;,&quot;caption&quot;:&quot;&quot;,&quot;created_timestamp&quot;:&quot;1693047728&quot;,&quot;copyright&quot;:&quot;AW Fotografia   Moreira Mario Hugo&quot;,&quot;focal_length&quot;:&quot;35&quot;,&quot;iso&quot;:&quot;250&quot;,&quot;shutter_speed&quot;:&quot;0.001&quot;,&quot;title&quot;:&quot;&quot;,&quot;orientation&quot;:&quot;0&quot;}\" data-image-title=\"Copa igualdad &amp;#8211; Futbol Femenino\" data-image-description=\"&lt;p&gt;Copa igualdad &amp;#8211; Futbol Femenino&lt;\/p&gt;\n\" data-image-caption=\"&lt;p&gt;Copa igualdad &amp;#8211; Futbol Femenino&lt;\/p&gt;\n\" data-large-file=\"https:\/\/www.hoymercedes.com.ar\/principal\/wp-content\/uploads\/2023\/09\/MHM7185-1024x680.jpg\" src=\"https:\/\/www.hoymercedes.com.ar\/principal\/wp-content\/uploads\/2023\/09\/MHM7185-1024x680.jpg\" alt=\"\" class=\"wp-image-166471\" srcset=\"https:\/\/www.hoymercedes.com.ar\/principal\/wp-content\/uploads\/2023\/09\/MHM7185-1024x680.jpg 1024w, https:\/\/www.hoymercedes.com.ar\/principal\/wp-content\/uploads\/2023\/09\/MHM7185-630x418.jpg 630w, https:\/\/www.hoymercedes.com.ar\/principal\/wp-content\/uploads\/2023\/09\/MHM7185-150x100.jpg 150w, https:\/\/www.hoymercedes.com.ar\/principal\/wp-content\/uploads\/2023\/09\/MHM7185-1536x1020.jpg 1536w, https:\/\/www.hoymercedes.com.ar\/principal\/wp-content\/uploads\/2023\/09\/MHM7185-2048x1360.jpg 2048w, https:\/\/www.hoymercedes.com.ar\/principal\/wp-content\/uploads\/2023\/09\/MHM7185-700x465.jpg 700w\" sizes=\"auto, (max-width: 1024px) 100vw, 1024px\" \/><\/figure>\n\n\n\n<p>Nuestra ciudad fue sede del primer partido de cuartos de final de la Copa Igualdad, en el cual participaron equipos seleccionados de diferentes municipios. Este torneo es promovido por el Ministerio de las Mujeres y Pol\u00edticas de G\u00e9neros y Diversidad PBA.<\/p>\n\n\n\n<p>En esta jornada jugaron los equipos representantes de las ciudades de San Pedro y General Rodr\u00edguez.<\/p>\n\n\n\n<p>Guadalupe Gonz\u00e1lez, Directora de Pol\u00edticas de G\u00e9neros y Diversidades del municipio cont\u00f3 \u201cfue una jornada que se desarroll\u00f3 con la presencia de dos seleccionados que estaban disputando los cuartos de final, Gral. Rodr\u00edguez y San Pedro, donde gan\u00f3 este primero\u201d y apunt\u00f3 \u201cesta copar est\u00e1 organizada por el Ministerio de las Mujeres y Diversidad y un poco lo que propone es visibilizar y darle entidad al f\u00fatbol femenino y cuestiones que hay que seguir profundizando\u201d.<\/p>\n\n\n\n<p>En este sentido, Gonz\u00e1lez se\u00f1al\u00f3 \u201ccon la Direcci\u00f3n de Deportes nos pusimos a disposici\u00f3n, gracias a las instalaciones del club Ateneo que colabor\u00f3 brindando su campo de deportes pudimos llevarlo adelante este s\u00e1bado\u201d.<\/p>\n\n\n\n<p>Conjuntamente, la Directora de Pol\u00edticas de G\u00e9neros y Diversidades indic\u00f3 \u201chace dos a\u00f1os venimos llevando adelante una agenda de trabajo en articulaci\u00f3n con todas las instituciones deportivas y escuchando y atendiendo las consultas de las jugadoras\u201d y agreg\u00f3 \u201cdesde el Municipio de Mercedes hay una fuerte decisi\u00f3n pol\u00edtica en cuanto a la igualdad, visibilizando y generando cambios en nuestra ciudad\u201d.<\/p>\n\n\n\n<p>\u201cEn la Copa Igualdad se realiz\u00f3 un selectivo de diferentes clubes de la ciudad, el cual particip\u00f3 del torneo, por lo que celebramos que nuestra ciudad se ponga a tono con esto, algo que vamos a seguir acompa\u00f1ando\u201d indic\u00f3 Gonz\u00e1lez.<\/p>\n","protected":false},"excerpt":{"rendered":"<p>Nuestra ciudad fue sede del primer partido de cuartos de final de la Copa Igualdad, en el cual participaron equipos &#8230; <a title=\"Mercedes fue sede de la \u201cCopa Igualdad\u201d de f\u00fatbol femenino\" class=\"read-more\" href=\"https:\/\/www.hoymercedes.com.ar\/principal\/2023\/09\/01\/mercedes-fue-sede-de-la-copa-igualdad-de-futbol-femenino\/\" aria-label=\"Leer m\u00e1s sobre Mercedes fue sede de la \u201cCopa Igualdad\u201d de f\u00fatbol femenino\">Leer m\u00e1s<\/a><\/p>\n","protected":false},"author":1,"featured_media":166471,"comment_status":"closed","ping_status":"open","sticky":false,"template":"","format":"standard","meta":{"_monsterinsights_skip_tracking":false,"_monsterinsights_sitenote_active":false,"_monsterinsights_sitenote_note":"","_monsterinsights_sitenote_category":0,"jetpack_post_was_ever_published":false,"_jetpack_newsletter_access":"","_jetpack_dont_email_post_to_subs":false,"_jetpack_newsletter_tier_id":0,"_jetpack_memberships_contains_paywalled_content":false,"_jetpack_memberships_contains_paid_content":false,"footnotes":"","jetpack_publicize_message":"","jetpack_publicize_feature_enabled":true,"jetpack_social_post_already_shared":true,"jetpack_social_options":{"image_generator_settings":{"template":"highway","default_image_id":0,"font":"","enabled":false},"version":2},"_wpas_customize_per_network":false},"categories":[8],"tags":[],"class_list":["post-166470","post","type-post","status-publish","format-standard","has-post-thumbnail","hentry","category-sociedad","generate-columns","tablet-grid-50","mobile-grid-100","grid-parent","grid-50"],"jetpack_publicize_connections":[],"jetpack_featured_media_url":"https:\/\/www.hoymercedes.com.ar\/principal\/wp-content\/uploads\/2023\/09\/MHM7185-scaled.jpg","wps_subtitle":"Deporte y g\u00e9nero","jetpack_sharing_enabled":true,"_links":{"self":[{"href":"https:\/\/www.hoymercedes.com.ar\/principal\/wp-json\/wp\/v2\/posts\/166470","targetHints":{"allow":["GET"]}}],"collection":[{"href":"https:\/\/www.hoymercedes.com.ar\/principal\/wp-json\/wp\/v2\/posts"}],"about":[{"href":"https:\/\/www.hoymercedes.com.ar\/principal\/wp-json\/wp\/v2\/types\/post"}],"author":[{"embeddable":true,"href":"https:\/\/www.hoymercedes.com.ar\/principal\/wp-json\/wp\/v2\/users\/1"}],"replies":[{"embeddable":true,"href":"https:\/\/www.hoymercedes.com.ar\/principal\/wp-json\/wp\/v2\/comments?post=166470"}],"version-history":[{"count":0,"href":"https:\/\/www.hoymercedes.com.ar\/principal\/wp-json\/wp\/v2\/posts\/166470\/revisions"}],"wp:featuredmedia":[{"embeddable":true,"href":"https:\/\/www.hoymercedes.com.ar\/principal\/wp-json\/wp\/v2\/media\/166471"}],"wp:attachment":[{"href":"https:\/\/www.hoymercedes.com.ar\/principal\/wp-json\/wp\/v2\/media?parent=166470"}],"wp:term":[{"taxonomy":"category","embeddable":true,"href":"https:\/\/www.hoymercedes.com.ar\/principal\/wp-json\/wp\/v2\/categories?post=166470"},{"taxonomy":"post_tag","embeddable":true,"href":"https:\/\/www.hoymercedes.com.ar\/principal\/wp-json\/wp\/v2\/tags?post=166470"}],"curies":[{"name":"wp","href":"https:\/\/api.w.org\/{rel}","templated":true}]}}