{"id":166515,"date":"2023-09-02T21:07:21","date_gmt":"2023-09-03T00:07:21","guid":{"rendered":"https:\/\/www.hoymercedes.com.ar\/principal\/?p=166515"},"modified":"2023-09-02T21:07:24","modified_gmt":"2023-09-03T00:07:24","slug":"festejos-en-el-nuevo-aniversario-del-hogar-villa-abrille","status":"publish","type":"post","link":"https:\/\/www.hoymercedes.com.ar\/principal\/2023\/09\/02\/festejos-en-el-nuevo-aniversario-del-hogar-villa-abrille\/","title":{"rendered":"Festejos en el nuevo aniversario del Hogar Villa Abrille"},"content":{"rendered":"\n<figure class=\"wp-block-image size-large\"><img loading=\"lazy\" decoding=\"async\" width=\"1024\" height=\"680\" data-attachment-id=\"166516\" data-permalink=\"https:\/\/www.hoymercedes.com.ar\/principal\/2023\/09\/02\/festejos-en-el-nuevo-aniversario-del-hogar-villa-abrille\/mhm7622\/#main\" data-orig-file=\"https:\/\/www.hoymercedes.com.ar\/principal\/wp-content\/uploads\/2023\/09\/MHM7622.jpg\" data-orig-size=\"1323,879\" data-comments-opened=\"0\" data-image-meta=\"{&quot;aperture&quot;:&quot;0&quot;,&quot;credit&quot;:&quot;Moreira Mario Hugo    FOTOGRAFIA&quot;,&quot;camera&quot;:&quot;&quot;,&quot;caption&quot;:&quot;&quot;,&quot;created_timestamp&quot;:&quot;0&quot;,&quot;copyright&quot;:&quot;AW Fotografia   Moreira Mario Hugo&quot;,&quot;focal_length&quot;:&quot;0&quot;,&quot;iso&quot;:&quot;0&quot;,&quot;shutter_speed&quot;:&quot;0&quot;,&quot;title&quot;:&quot;&quot;,&quot;orientation&quot;:&quot;0&quot;}\" data-image-title=\"MHM7622\" data-image-description=\"\" data-image-caption=\"\" data-large-file=\"https:\/\/www.hoymercedes.com.ar\/principal\/wp-content\/uploads\/2023\/09\/MHM7622-1024x680.jpg\" src=\"https:\/\/www.hoymercedes.com.ar\/principal\/wp-content\/uploads\/2023\/09\/MHM7622-1024x680.jpg\" alt=\"\" class=\"wp-image-166516\" srcset=\"https:\/\/www.hoymercedes.com.ar\/principal\/wp-content\/uploads\/2023\/09\/MHM7622-1024x680.jpg 1024w, https:\/\/www.hoymercedes.com.ar\/principal\/wp-content\/uploads\/2023\/09\/MHM7622-630x419.jpg 630w, https:\/\/www.hoymercedes.com.ar\/principal\/wp-content\/uploads\/2023\/09\/MHM7622-150x100.jpg 150w, https:\/\/www.hoymercedes.com.ar\/principal\/wp-content\/uploads\/2023\/09\/MHM7622-700x465.jpg 700w, https:\/\/www.hoymercedes.com.ar\/principal\/wp-content\/uploads\/2023\/09\/MHM7622.jpg 1323w\" sizes=\"auto, (max-width: 1024px) 100vw, 1024px\" \/><\/figure>\n\n\n\n<p>El Hogar Villa Abrille cumpli\u00f3 54 a\u00f1os de existencia y se conmemor\u00f3 con un gran almuerzo de camarader\u00eda de las y los y residentes, el personal e invitados especiales, siendo aquellos que d\u00eda a d\u00eda comparten distintos momentos con nuestros adultos mayores.<\/p>\n\n\n\n<p>\u201cQueremos felicitar a cada trabajador y trabajadora del equipo de Adultos Mayores y de este hogar, sin duda tiene un compromiso, dedicaci\u00f3n y cari\u00f1o que se ve reflejado en el bienestar de nuestros residentes\u201d coment\u00f3 el intendente Ustarroz.<\/p>\n\n\n\n<figure class=\"wp-block-image size-large\"><img loading=\"lazy\" decoding=\"async\" width=\"1024\" height=\"680\" data-attachment-id=\"166517\" data-permalink=\"https:\/\/www.hoymercedes.com.ar\/principal\/2023\/09\/02\/festejos-en-el-nuevo-aniversario-del-hogar-villa-abrille\/mhm7656\/#main\" data-orig-file=\"https:\/\/www.hoymercedes.com.ar\/principal\/wp-content\/uploads\/2023\/09\/MHM7656.jpg\" data-orig-size=\"1323,879\" data-comments-opened=\"0\" data-image-meta=\"{&quot;aperture&quot;:&quot;0&quot;,&quot;credit&quot;:&quot;Moreira Mario Hugo    FOTOGRAFIA&quot;,&quot;camera&quot;:&quot;&quot;,&quot;caption&quot;:&quot;&quot;,&quot;created_timestamp&quot;:&quot;0&quot;,&quot;copyright&quot;:&quot;AW Fotografia   Moreira Mario Hugo&quot;,&quot;focal_length&quot;:&quot;0&quot;,&quot;iso&quot;:&quot;0&quot;,&quot;shutter_speed&quot;:&quot;0&quot;,&quot;title&quot;:&quot;&quot;,&quot;orientation&quot;:&quot;0&quot;}\" data-image-title=\"MHM7656\" data-image-description=\"\" data-image-caption=\"\" data-large-file=\"https:\/\/www.hoymercedes.com.ar\/principal\/wp-content\/uploads\/2023\/09\/MHM7656-1024x680.jpg\" src=\"https:\/\/www.hoymercedes.com.ar\/principal\/wp-content\/uploads\/2023\/09\/MHM7656-1024x680.jpg\" alt=\"\" class=\"wp-image-166517\" srcset=\"https:\/\/www.hoymercedes.com.ar\/principal\/wp-content\/uploads\/2023\/09\/MHM7656-1024x680.jpg 1024w, https:\/\/www.hoymercedes.com.ar\/principal\/wp-content\/uploads\/2023\/09\/MHM7656-630x419.jpg 630w, https:\/\/www.hoymercedes.com.ar\/principal\/wp-content\/uploads\/2023\/09\/MHM7656-150x100.jpg 150w, https:\/\/www.hoymercedes.com.ar\/principal\/wp-content\/uploads\/2023\/09\/MHM7656-700x465.jpg 700w, https:\/\/www.hoymercedes.com.ar\/principal\/wp-content\/uploads\/2023\/09\/MHM7656.jpg 1323w\" sizes=\"auto, (max-width: 1024px) 100vw, 1024px\" \/><\/figure>\n\n\n\n<p>El hogar dependiente de la direcci\u00f3n de Victoria Odel en Adultos Mayores y la coordinaci\u00f3n general de Mat\u00edas Tabossi ha venido teniendo un crecimiento sostenido en infraestructura, remodelaci\u00f3n del edificio, incorporaci\u00f3n de tecnolog\u00eda, m\u00e1s profesionales y servicios, adem\u00e1s de generar la articulaci\u00f3n con distintos programas y acciones de otras \u00e1reas municipales.<\/p>\n\n\n\n<p>Carmen, un de las residentes, tom\u00f3 la palabra y destac\u00f3 que \u201cque ellos no hacen cosas s\u00f3lo por la salud, sino que brindan amor\u201d ante el personal de todos los turnos que fueron especialmente para la ocasi\u00f3n que adem\u00e1s cont\u00f3 con el excelente show en vivo de Mat\u00edas Navarro.<\/p>\n\n\n\n<p>\u201cEstamos muy felices. Vivimos una actividad muy significativa. Quiero agradecer a todo el equipo del hogar, a cada trabajador y trabajadora por el compromiso diario en mejorar la calidad de quienes conforman esta querida instituci\u00f3n, como as\u00ed tambi\u00e9n potenciarla institucionalmente\u201d cont\u00f3 Odel, quien narr\u00f3 que \u201cpor supuesto, adem\u00e1s, hubo una rica torta que compartimos en el 54\u00ba aniversario de nuestra querida instituci\u00f3n\u201d afirm\u00f3.<\/p>\n","protected":false},"excerpt":{"rendered":"<p>El Hogar Villa Abrille cumpli\u00f3 54 a\u00f1os de existencia y se conmemor\u00f3 con un gran almuerzo de camarader\u00eda de las &#8230; <a title=\"Festejos en el nuevo aniversario del Hogar Villa Abrille\" class=\"read-more\" href=\"https:\/\/www.hoymercedes.com.ar\/principal\/2023\/09\/02\/festejos-en-el-nuevo-aniversario-del-hogar-villa-abrille\/\" aria-label=\"Leer m\u00e1s sobre Festejos en el nuevo aniversario del Hogar Villa Abrille\">Leer m\u00e1s<\/a><\/p>\n","protected":false},"author":1,"featured_media":166519,"comment_status":"closed","ping_status":"open","sticky":false,"template":"","format":"standard","meta":{"_monsterinsights_skip_tracking":false,"_monsterinsights_sitenote_active":false,"_monsterinsights_sitenote_note":"","_monsterinsights_sitenote_category":0,"jetpack_post_was_ever_published":false,"_jetpack_newsletter_access":"","_jetpack_dont_email_post_to_subs":false,"_jetpack_newsletter_tier_id":0,"_jetpack_memberships_contains_paywalled_content":false,"_jetpack_memberships_contains_paid_content":false,"footnotes":"","jetpack_publicize_message":"","jetpack_publicize_feature_enabled":true,"jetpack_social_post_already_shared":true,"jetpack_social_options":{"image_generator_settings":{"template":"highway","default_image_id":0,"font":"","enabled":false},"version":2},"_wpas_customize_per_network":false},"categories":[5485,8],"tags":[1239],"class_list":["post-166515","post","type-post","status-publish","format-standard","has-post-thumbnail","hentry","category-comunidad","category-sociedad","tag-villa-abrile","generate-columns","tablet-grid-50","mobile-grid-100","grid-parent","grid-50"],"jetpack_publicize_connections":[],"jetpack_featured_media_url":"https:\/\/www.hoymercedes.com.ar\/principal\/wp-content\/uploads\/2023\/09\/MHM7622-1.jpg","wps_subtitle":"","jetpack_sharing_enabled":true,"_links":{"self":[{"href":"https:\/\/www.hoymercedes.com.ar\/principal\/wp-json\/wp\/v2\/posts\/166515","targetHints":{"allow":["GET"]}}],"collection":[{"href":"https:\/\/www.hoymercedes.com.ar\/principal\/wp-json\/wp\/v2\/posts"}],"about":[{"href":"https:\/\/www.hoymercedes.com.ar\/principal\/wp-json\/wp\/v2\/types\/post"}],"author":[{"embeddable":true,"href":"https:\/\/www.hoymercedes.com.ar\/principal\/wp-json\/wp\/v2\/users\/1"}],"replies":[{"embeddable":true,"href":"https:\/\/www.hoymercedes.com.ar\/principal\/wp-json\/wp\/v2\/comments?post=166515"}],"version-history":[{"count":0,"href":"https:\/\/www.hoymercedes.com.ar\/principal\/wp-json\/wp\/v2\/posts\/166515\/revisions"}],"wp:featuredmedia":[{"embeddable":true,"href":"https:\/\/www.hoymercedes.com.ar\/principal\/wp-json\/wp\/v2\/media\/166519"}],"wp:attachment":[{"href":"https:\/\/www.hoymercedes.com.ar\/principal\/wp-json\/wp\/v2\/media?parent=166515"}],"wp:term":[{"taxonomy":"category","embeddable":true,"href":"https:\/\/www.hoymercedes.com.ar\/principal\/wp-json\/wp\/v2\/categories?post=166515"},{"taxonomy":"post_tag","embeddable":true,"href":"https:\/\/www.hoymercedes.com.ar\/principal\/wp-json\/wp\/v2\/tags?post=166515"}],"curies":[{"name":"wp","href":"https:\/\/api.w.org\/{rel}","templated":true}]}}