{"id":166579,"date":"2023-09-04T16:01:56","date_gmt":"2023-09-04T19:01:56","guid":{"rendered":"https:\/\/www.hoymercedes.com.ar\/principal\/?p=166579"},"modified":"2023-09-04T16:02:14","modified_gmt":"2023-09-04T19:02:14","slug":"firman-acuerdo-entre-all-boys-solidario-y-ministerio-de-ciencias-de-la-nacion","status":"publish","type":"post","link":"https:\/\/www.hoymercedes.com.ar\/principal\/2023\/09\/04\/firman-acuerdo-entre-all-boys-solidario-y-ministerio-de-ciencias-de-la-nacion\/","title":{"rendered":"Firman acuerdo entre All Boys Solidario y Ministerio de Ciencias de la Naci\u00f3n"},"content":{"rendered":"\n<p>Desde All Boys Solidario anunciaron la firma de convenio con el Ministerio de Ciencias y Tecnolog\u00eda de la Naci\u00f3n que encabeza actualmente Daniel Filmus. <\/p>\n\n\n\n<figure class=\"wp-block-image size-full\"><img loading=\"lazy\" decoding=\"async\" width=\"800\" height=\"533\" data-attachment-id=\"166580\" data-permalink=\"https:\/\/www.hoymercedes.com.ar\/principal\/2023\/09\/04\/firman-acuerdo-entre-all-boys-solidario-y-ministerio-de-ciencias-de-la-nacion\/img-20230904-wa0011_copy_800x533\/#main\" data-orig-file=\"https:\/\/www.hoymercedes.com.ar\/principal\/wp-content\/uploads\/2023\/09\/IMG-20230904-WA0011_copy_800x533.jpg\" data-orig-size=\"800,533\" data-comments-opened=\"0\" data-image-meta=\"{&quot;aperture&quot;:&quot;0&quot;,&quot;credit&quot;:&quot;&quot;,&quot;camera&quot;:&quot;&quot;,&quot;caption&quot;:&quot;&quot;,&quot;created_timestamp&quot;:&quot;0&quot;,&quot;copyright&quot;:&quot;&quot;,&quot;focal_length&quot;:&quot;0&quot;,&quot;iso&quot;:&quot;0&quot;,&quot;shutter_speed&quot;:&quot;0&quot;,&quot;title&quot;:&quot;&quot;,&quot;orientation&quot;:&quot;0&quot;}\" data-image-title=\"IMG-20230904-WA0011_copy_800x533\" data-image-description=\"\" data-image-caption=\"\" data-large-file=\"https:\/\/www.hoymercedes.com.ar\/principal\/wp-content\/uploads\/2023\/09\/IMG-20230904-WA0011_copy_800x533.jpg\" src=\"https:\/\/www.hoymercedes.com.ar\/principal\/wp-content\/uploads\/2023\/09\/IMG-20230904-WA0011_copy_800x533.jpg\" alt=\"\" class=\"wp-image-166580\" srcset=\"https:\/\/www.hoymercedes.com.ar\/principal\/wp-content\/uploads\/2023\/09\/IMG-20230904-WA0011_copy_800x533.jpg 800w, https:\/\/www.hoymercedes.com.ar\/principal\/wp-content\/uploads\/2023\/09\/IMG-20230904-WA0011_copy_800x533-630x420.jpg 630w, https:\/\/www.hoymercedes.com.ar\/principal\/wp-content\/uploads\/2023\/09\/IMG-20230904-WA0011_copy_800x533-150x100.jpg 150w, https:\/\/www.hoymercedes.com.ar\/principal\/wp-content\/uploads\/2023\/09\/IMG-20230904-WA0011_copy_800x533-700x465.jpg 700w\" sizes=\"auto, (max-width: 800px) 100vw, 800px\" \/><\/figure>\n\n\n\n<p>Los integrantes de All Boys Solidario, Omar Pelusa Gonz\u00e1lez y Guillermo Repetto fueron recibidos por el Ministro Filmus quien escuch\u00f3 atentamente el proyecto Voy por Vos por el cual se mostr\u00f3 muy interesado.<\/p>\n\n\n\n<p>\u00abEn principio para visibilizar la DMD. Se acordar\u00e1 con AFA. LPF. Para que los equipos que componen la liga Profesional de F\u00fatbol posen con una Bandera provista por el Ministerio de Ciencias y Tecnolog\u00eda pidiendo por la Cura de la Distrofia Muscular\u00bb explicaron desde la instituci\u00f3n solidaria. <\/p>\n\n\n\n<p>Tambi\u00e9n se acord\u00f3 interactuar con los Centros de investigaciones de la UCA y Conicet a trav\u00e9s del Ministerio.<\/p>\n\n\n\n<p>Por otro lado la gente de All Boys Solidario est\u00e1 a la espera de una audiencia con la Ministra de Salud Carla Vizzoti. \u00abCasi seguro ser\u00e1 la semana pr\u00f3xima. Estamos esperando para trabajar en equipo. All Boys Solidario. Ministerio de Ciencias y Tecnolog\u00eda. Ministerio de Salud, Ej\u00e9rcito Argentino. <em>Voy por Vos<\/em> ya es una Campa\u00f1a Internacional\u00bb, agregan desde All Boys. <\/p>\n","protected":false},"excerpt":{"rendered":"<p>Desde All Boys Solidario anunciaron la firma de convenio con el Ministerio de Ciencias y Tecnolog\u00eda de la Naci\u00f3n que &#8230; <a title=\"Firman acuerdo entre All Boys Solidario y Ministerio de Ciencias de la Naci\u00f3n\" class=\"read-more\" href=\"https:\/\/www.hoymercedes.com.ar\/principal\/2023\/09\/04\/firman-acuerdo-entre-all-boys-solidario-y-ministerio-de-ciencias-de-la-nacion\/\" aria-label=\"Leer m\u00e1s sobre Firman acuerdo entre All Boys Solidario y Ministerio de Ciencias de la Naci\u00f3n\">Leer m\u00e1s<\/a><\/p>\n","protected":false},"author":1,"featured_media":166580,"comment_status":"closed","ping_status":"open","sticky":false,"template":"","format":"standard","meta":{"_monsterinsights_skip_tracking":false,"_monsterinsights_sitenote_active":false,"_monsterinsights_sitenote_note":"","_monsterinsights_sitenote_category":0,"jetpack_post_was_ever_published":false,"_jetpack_newsletter_access":"","_jetpack_dont_email_post_to_subs":false,"_jetpack_newsletter_tier_id":0,"_jetpack_memberships_contains_paywalled_content":false,"_jetpack_memberships_contains_paid_content":false,"footnotes":"","jetpack_publicize_message":"","jetpack_publicize_feature_enabled":true,"jetpack_social_post_already_shared":true,"jetpack_social_options":{"image_generator_settings":{"template":"highway","default_image_id":0,"font":"","enabled":false},"version":2},"_wpas_customize_per_network":false},"categories":[8],"tags":[],"class_list":["post-166579","post","type-post","status-publish","format-standard","has-post-thumbnail","hentry","category-sociedad","generate-columns","tablet-grid-50","mobile-grid-100","grid-parent","grid-50"],"jetpack_publicize_connections":[],"jetpack_featured_media_url":"https:\/\/www.hoymercedes.com.ar\/principal\/wp-content\/uploads\/2023\/09\/IMG-20230904-WA0011_copy_800x533.jpg","wps_subtitle":"","jetpack_sharing_enabled":true,"_links":{"self":[{"href":"https:\/\/www.hoymercedes.com.ar\/principal\/wp-json\/wp\/v2\/posts\/166579","targetHints":{"allow":["GET"]}}],"collection":[{"href":"https:\/\/www.hoymercedes.com.ar\/principal\/wp-json\/wp\/v2\/posts"}],"about":[{"href":"https:\/\/www.hoymercedes.com.ar\/principal\/wp-json\/wp\/v2\/types\/post"}],"author":[{"embeddable":true,"href":"https:\/\/www.hoymercedes.com.ar\/principal\/wp-json\/wp\/v2\/users\/1"}],"replies":[{"embeddable":true,"href":"https:\/\/www.hoymercedes.com.ar\/principal\/wp-json\/wp\/v2\/comments?post=166579"}],"version-history":[{"count":0,"href":"https:\/\/www.hoymercedes.com.ar\/principal\/wp-json\/wp\/v2\/posts\/166579\/revisions"}],"wp:featuredmedia":[{"embeddable":true,"href":"https:\/\/www.hoymercedes.com.ar\/principal\/wp-json\/wp\/v2\/media\/166580"}],"wp:attachment":[{"href":"https:\/\/www.hoymercedes.com.ar\/principal\/wp-json\/wp\/v2\/media?parent=166579"}],"wp:term":[{"taxonomy":"category","embeddable":true,"href":"https:\/\/www.hoymercedes.com.ar\/principal\/wp-json\/wp\/v2\/categories?post=166579"},{"taxonomy":"post_tag","embeddable":true,"href":"https:\/\/www.hoymercedes.com.ar\/principal\/wp-json\/wp\/v2\/tags?post=166579"}],"curies":[{"name":"wp","href":"https:\/\/api.w.org\/{rel}","templated":true}]}}