{"id":16659,"date":"2012-10-04T11:27:23","date_gmt":"2012-10-04T11:27:23","guid":{"rendered":"http:\/\/www.hoymercedes.com.ar\/principal\/?p=16659"},"modified":"2012-10-04T11:27:46","modified_gmt":"2012-10-04T11:27:46","slug":"basura-mic-presenta-varios-proyectos-al-respecto","status":"publish","type":"post","link":"https:\/\/www.hoymercedes.com.ar\/principal\/2012\/10\/04\/basura-mic-presenta-varios-proyectos-al-respecto\/","title":{"rendered":"Basura: MIC presenta varios proyectos al respecto"},"content":{"rendered":"<p>El bloque del Movimiento Independiente Comunal ha presentado una nueva\u00a0bater\u00eda\u00a0de propuestas en relaci\u00f3n a diversas tem\u00e1ticas, pero, en especial cinco de ellos que est\u00e1n vinculados a la proliferaci\u00f3n de basurales no autorizados en el marco de nuestra ciudad.<\/p>\n<p>5 proyectos relacionados con basurales no autorizados que proliferan en Mercedes cuyas consecuencias, como se sabe, afectan diversos aspectos de la vida humana, especialmente la cuesti\u00f3n de la salud.<\/p>\n<p>Los proyectos apuntas a los siguientes \u00e1mbitos de la ciudad:<\/p>\n<p>1- 22 bis y Ruta Provincial N\u00b0 41.<\/p>\n<p>2. 61 bis entre 114 y 144.<\/p>\n<p>3. En cercan\u00edas del Cementerio, sector viejo.<\/p>\n<p>4. En Avenida Dorrego o Costanera a 50 metros al norte de la Ruta Provincial N\u00b0 41.<\/p>\n<p>5. 61 bis entre v\u00edas del ex ferrocarril Sarmiento y San Mart\u00edn. Barrio San Mart\u00edn.<\/p>\n<p>Entre los fundamentos que presenta Jos\u00e9 Cestari, se encuentran los siguientes:<\/p>\n<p><em>\u00abQue la reiteraci\u00f3n de pedidos de erradicaci\u00f3n efectuada por este cuerpo a trav\u00e9s de resoluciones aprobadas y estando en vigencia la Ley Provincial 13.592 y su modificatoria Ley 13.657 (especialmente los art\u00edculos 3, 6 y 17) no han logrado la soluci\u00f3n de esta problem\u00e1tica por parte del Departamento Ejecutivo.<\/em><\/p>\n<p><em>Se dirige al DE, para que a trav\u00e9s del \u00e1rea correspondiente, proceda a la erradicaci\u00f3n definitiva de los basurales clandestinos.<\/em><\/p>\n<p><em>Se dirige a la Comisi\u00f3n de Gesti\u00f3n de Manejo Integral de los RSU para el saneamiento de lo mencionado. (Ordenanza aprobada en la Sesi\u00f3n Ordinaria del martes 25 de septiembre)\u00bb<\/em><\/p>\n","protected":false},"excerpt":{"rendered":"<p>El bloque del Movimiento Independiente Comunal ha presentado una nueva\u00a0bater\u00eda\u00a0de propuestas en relaci\u00f3n a diversas tem\u00e1ticas, pero, en especial cinco &#8230; <a title=\"Basura: MIC presenta varios proyectos al respecto\" class=\"read-more\" href=\"https:\/\/www.hoymercedes.com.ar\/principal\/2012\/10\/04\/basura-mic-presenta-varios-proyectos-al-respecto\/\" aria-label=\"Leer m\u00e1s sobre Basura: MIC presenta varios proyectos al respecto\">Leer m\u00e1s<\/a><\/p>\n","protected":false},"author":1,"featured_media":0,"comment_status":"open","ping_status":"open","sticky":false,"template":"","format":"standard","meta":{"_monsterinsights_skip_tracking":false,"_monsterinsights_sitenote_active":false,"_monsterinsights_sitenote_note":"","_monsterinsights_sitenote_category":0,"jetpack_post_was_ever_published":false,"_jetpack_newsletter_access":"","_jetpack_dont_email_post_to_subs":false,"_jetpack_newsletter_tier_id":0,"_jetpack_memberships_contains_paywalled_content":false,"_jetpack_memberships_contains_paid_content":false,"footnotes":"","jetpack_publicize_message":"","jetpack_publicize_feature_enabled":true,"jetpack_social_post_already_shared":false,"jetpack_social_options":{"image_generator_settings":{"template":"highway","default_image_id":0,"font":"","enabled":false},"version":2},"_wpas_customize_per_network":false},"categories":[5],"tags":[2792,321],"class_list":["post-16659","post","type-post","status-publish","format-standard","hentry","category-politica","tag-basurales-mercedes","tag-jose-cestari","generate-columns","tablet-grid-50","mobile-grid-100","grid-parent","grid-50"],"jetpack_publicize_connections":[],"jetpack_featured_media_url":"","wps_subtitle":"","jetpack_sharing_enabled":true,"_links":{"self":[{"href":"https:\/\/www.hoymercedes.com.ar\/principal\/wp-json\/wp\/v2\/posts\/16659","targetHints":{"allow":["GET"]}}],"collection":[{"href":"https:\/\/www.hoymercedes.com.ar\/principal\/wp-json\/wp\/v2\/posts"}],"about":[{"href":"https:\/\/www.hoymercedes.com.ar\/principal\/wp-json\/wp\/v2\/types\/post"}],"author":[{"embeddable":true,"href":"https:\/\/www.hoymercedes.com.ar\/principal\/wp-json\/wp\/v2\/users\/1"}],"replies":[{"embeddable":true,"href":"https:\/\/www.hoymercedes.com.ar\/principal\/wp-json\/wp\/v2\/comments?post=16659"}],"version-history":[{"count":0,"href":"https:\/\/www.hoymercedes.com.ar\/principal\/wp-json\/wp\/v2\/posts\/16659\/revisions"}],"wp:attachment":[{"href":"https:\/\/www.hoymercedes.com.ar\/principal\/wp-json\/wp\/v2\/media?parent=16659"}],"wp:term":[{"taxonomy":"category","embeddable":true,"href":"https:\/\/www.hoymercedes.com.ar\/principal\/wp-json\/wp\/v2\/categories?post=16659"},{"taxonomy":"post_tag","embeddable":true,"href":"https:\/\/www.hoymercedes.com.ar\/principal\/wp-json\/wp\/v2\/tags?post=16659"}],"curies":[{"name":"wp","href":"https:\/\/api.w.org\/{rel}","templated":true}]}}