{"id":166800,"date":"2023-09-07T17:30:00","date_gmt":"2023-09-07T20:30:00","guid":{"rendered":"https:\/\/www.hoymercedes.com.ar\/principal\/?p=166800"},"modified":"2023-09-07T17:04:57","modified_gmt":"2023-09-07T20:04:57","slug":"cueto-y-figoli-proponen-un-nuevo-ciclo-de-talleres-y-actividades-de-n-visuales","status":"publish","type":"post","link":"https:\/\/www.hoymercedes.com.ar\/principal\/2023\/09\/07\/cueto-y-figoli-proponen-un-nuevo-ciclo-de-talleres-y-actividades-de-n-visuales\/","title":{"rendered":"Cueto y F\u00edgoli proponen un nuevo ciclo de talleres y actividades de n: visuales"},"content":{"rendered":"\n<p>Las profesoras Marcela Cueto y Paula F\u00edgoli proponen un taller de cinco encuentros presenciales y gratuitos que denominaron: \u00abDesde el entorno. Otras formas posibles de hacer y mirar\u00bb. Se trata de una secuencia articulada de encuentros presenciales y gratuitos: charlas, caminatas y talleres, que suceder\u00e1 en Mercedes. <\/p>\n\n\n<div class=\"wp-block-image\">\n<figure class=\"aligncenter size-full\"><img loading=\"lazy\" decoding=\"async\" width=\"800\" height=\"800\" data-attachment-id=\"166802\" data-permalink=\"https:\/\/www.hoymercedes.com.ar\/principal\/2023\/09\/07\/cueto-y-figoli-proponen-un-nuevo-ciclo-de-talleres-y-actividades-de-n-visuales\/curso-cueto-figoli\/#main\" data-orig-file=\"https:\/\/www.hoymercedes.com.ar\/principal\/wp-content\/uploads\/2023\/09\/curso-cueto-figoli.jpg\" data-orig-size=\"800,800\" data-comments-opened=\"0\" data-image-meta=\"{&quot;aperture&quot;:&quot;0&quot;,&quot;credit&quot;:&quot;&quot;,&quot;camera&quot;:&quot;&quot;,&quot;caption&quot;:&quot;&quot;,&quot;created_timestamp&quot;:&quot;0&quot;,&quot;copyright&quot;:&quot;&quot;,&quot;focal_length&quot;:&quot;0&quot;,&quot;iso&quot;:&quot;0&quot;,&quot;shutter_speed&quot;:&quot;0&quot;,&quot;title&quot;:&quot;&quot;,&quot;orientation&quot;:&quot;0&quot;}\" data-image-title=\"curso cueto figoli\" data-image-description=\"\" data-image-caption=\"\" data-large-file=\"https:\/\/www.hoymercedes.com.ar\/principal\/wp-content\/uploads\/2023\/09\/curso-cueto-figoli.jpg\" src=\"https:\/\/www.hoymercedes.com.ar\/principal\/wp-content\/uploads\/2023\/09\/curso-cueto-figoli.jpg\" alt=\"\" class=\"wp-image-166802\" srcset=\"https:\/\/www.hoymercedes.com.ar\/principal\/wp-content\/uploads\/2023\/09\/curso-cueto-figoli.jpg 800w, https:\/\/www.hoymercedes.com.ar\/principal\/wp-content\/uploads\/2023\/09\/curso-cueto-figoli-620x620.jpg 620w, https:\/\/www.hoymercedes.com.ar\/principal\/wp-content\/uploads\/2023\/09\/curso-cueto-figoli-150x150.jpg 150w\" sizes=\"auto, (max-width: 800px) 100vw, 800px\" \/><\/figure>\n<\/div>\n\n\n<p>El objetivo de la propuesta es, mediante un enfoque interdisciplinario en clave contempor\u00e1nea, experimentar una relaci\u00f3n nueva con el entorno: pensando, mirando y haciendo activando el conocimiento y disfrute de otras formas posibles de artes visuales, diferentes a las tradicionales, poniendo en juego saberes nuevos y previos.<\/p>\n\n\n\n<p>En el transcurso de las actividades se abordar\u00e1n tres aspectos del entorno inmediato: el entorno natural, el urbano y el dom\u00e9stico. La propuesta est\u00e1 dirigida a mayores de 18 a\u00f1os, que residan en el partido de Mercedes o sus inmediaciones, con o sin experiencia en el campo de las artes, quienes deber\u00e1n inscribirse en el siguiente formulario: <a href=\"https:\/\/forms.gle\/UNgR6a2cPUo1qoy89\" target=\"_blank\" rel=\"noopener\">https:\/\/forms.gle\/UNgR6a2cPUo1qoy89<\/a>. Los cupos son limitados, la inscripci\u00f3n estar\u00e1 abierta hasta el 12\/9.<\/p>\n\n\n\n<p>Las responsables, que idearon la propuesta desde y para su comunidad, son las artistas y docentes Marcela Cueto y Paula F\u00edgoli, quienes la llevar\u00e1n adelante junto a Camilo Guinot y Nilda Rosemberg como artistas invitades en dos de las actividades que integran el cronograma.<\/p>\n\n\n\n<p>El epicentro ser\u00e1 el EAC (Estudio de Arte Cueto, ubicado en calle 19 427, Mercedes), no obstante, por las caracter\u00edsticas del proyecto algunos de los encuentros ser\u00e1n en otras ubicaciones. <\/p>\n\n\n\n<p>Esta secuencia de actividades se desarrollar\u00e1 en el marco del Programa FUTURA, herramientas para una cultura en movimiento, organizado por el CCEBA; Centro Cultural de Espa\u00f1a en Buenos Aires, con el apoyo de la Fundaci\u00f3n Williams. Las autoras del proyecto, tambi\u00e9n cuentan con los avales de las direcciones de Ambiente, de Turismo, y de Cultura de la Municipalidad de Mercedes, de la agrupaci\u00f3n ambiental S.O.S H\u00c1BITAT y del Centro de Estudiantes de la Esc. de Arte de Mercedes.<\/p>\n\n\n\n<p>La secuencia inicia con un taller en el EAC y sus inmediaciones y finaliza con un balance de la experiencia y sus proyecciones en el mismo lugar. Desde el inicio, se ofrecer\u00e1 para los y las participantes que lo deseen, un acompa\u00f1amiento individual en formato de tutor\u00eda virtual, en paralelo a la construcci\u00f3n colectiva.<\/p>\n\n\n\n<p>CRONOGRAMA DE ACTIVIDADES: (puede ser modificado por cuestiones clim\u00e1ticas):<br>\u25cf S\u00e1bado 16 de septiembre 15 hs. Lugar: EAC y aire libre en inmediaciones.<br>\u25cf S\u00e1bado 23 de septiembre 15 hs. Lugar: R\u00edo Luj\u00e1n en zona rural. Acompa\u00f1a: agrupaci\u00f3n S.O.S H\u00c1BITAT.<br>\u25cf S\u00e1bado 30 de septiembre 15:30 hs. Lugar: Museo Hist\u00f3rico Municipal. Con Nilda Rosemberg.<br>\u25cf S\u00e1bado 7 de octubre (horario a confirmar). Lugar: Parque Municipal. Con Camilo Guinot.<br>\u25cf D\u00eda lunes o jueves a confirmar hacia fines de octubre o principios de noviembre. Lugar: EAC.<\/p>\n\n\n\n<p>Cabe destacar que, tanto la actividad a orillas del R\u00edo Luj\u00e1n junto a S.O.S. H\u00c1BITAT, como el encuentro en Museo Miguez con la presencia de Nilda Rosemberg, ser\u00e1n abiertas a la comunidad, es decir estar\u00e1n destinadas tanto a quienes se inscriban y realicen el ciclo completo, como para quienes no consiguieron vacante o presentan un inter\u00e9s puntual por esa experiencia. Cerca de la fecha se difundir\u00e1n los detalles de ambas propuestas.<\/p>\n\n\n\n<p><\/p>\n","protected":false},"excerpt":{"rendered":"<p>Las profesoras Marcela Cueto y Paula F\u00edgoli proponen un taller de cinco encuentros presenciales y gratuitos que denominaron: \u00abDesde el &#8230; <a title=\"Cueto y F\u00edgoli proponen un nuevo ciclo de talleres y actividades de n: visuales\" class=\"read-more\" href=\"https:\/\/www.hoymercedes.com.ar\/principal\/2023\/09\/07\/cueto-y-figoli-proponen-un-nuevo-ciclo-de-talleres-y-actividades-de-n-visuales\/\" aria-label=\"Leer m\u00e1s sobre Cueto y F\u00edgoli proponen un nuevo ciclo de talleres y actividades de n: visuales\">Leer m\u00e1s<\/a><\/p>\n","protected":false},"author":1,"featured_media":166802,"comment_status":"closed","ping_status":"open","sticky":false,"template":"","format":"standard","meta":{"_monsterinsights_skip_tracking":false,"_monsterinsights_sitenote_active":false,"_monsterinsights_sitenote_note":"","_monsterinsights_sitenote_category":0,"jetpack_post_was_ever_published":false,"_jetpack_newsletter_access":"","_jetpack_dont_email_post_to_subs":false,"_jetpack_newsletter_tier_id":0,"_jetpack_memberships_contains_paywalled_content":false,"_jetpack_memberships_contains_paid_content":false,"footnotes":"","jetpack_publicize_message":"","jetpack_publicize_feature_enabled":true,"jetpack_social_post_already_shared":true,"jetpack_social_options":{"image_generator_settings":{"template":"highway","default_image_id":0,"font":"","enabled":false},"version":2},"_wpas_customize_per_network":false},"categories":[104],"tags":[7805],"class_list":["post-166800","post","type-post","status-publish","format-standard","has-post-thumbnail","hentry","category-cultura","tag-cultura","generate-columns","tablet-grid-50","mobile-grid-100","grid-parent","grid-50"],"jetpack_publicize_connections":[],"jetpack_featured_media_url":"https:\/\/www.hoymercedes.com.ar\/principal\/wp-content\/uploads\/2023\/09\/curso-cueto-figoli.jpg","wps_subtitle":"","jetpack_sharing_enabled":true,"_links":{"self":[{"href":"https:\/\/www.hoymercedes.com.ar\/principal\/wp-json\/wp\/v2\/posts\/166800","targetHints":{"allow":["GET"]}}],"collection":[{"href":"https:\/\/www.hoymercedes.com.ar\/principal\/wp-json\/wp\/v2\/posts"}],"about":[{"href":"https:\/\/www.hoymercedes.com.ar\/principal\/wp-json\/wp\/v2\/types\/post"}],"author":[{"embeddable":true,"href":"https:\/\/www.hoymercedes.com.ar\/principal\/wp-json\/wp\/v2\/users\/1"}],"replies":[{"embeddable":true,"href":"https:\/\/www.hoymercedes.com.ar\/principal\/wp-json\/wp\/v2\/comments?post=166800"}],"version-history":[{"count":0,"href":"https:\/\/www.hoymercedes.com.ar\/principal\/wp-json\/wp\/v2\/posts\/166800\/revisions"}],"wp:featuredmedia":[{"embeddable":true,"href":"https:\/\/www.hoymercedes.com.ar\/principal\/wp-json\/wp\/v2\/media\/166802"}],"wp:attachment":[{"href":"https:\/\/www.hoymercedes.com.ar\/principal\/wp-json\/wp\/v2\/media?parent=166800"}],"wp:term":[{"taxonomy":"category","embeddable":true,"href":"https:\/\/www.hoymercedes.com.ar\/principal\/wp-json\/wp\/v2\/categories?post=166800"},{"taxonomy":"post_tag","embeddable":true,"href":"https:\/\/www.hoymercedes.com.ar\/principal\/wp-json\/wp\/v2\/tags?post=166800"}],"curies":[{"name":"wp","href":"https:\/\/api.w.org\/{rel}","templated":true}]}}