{"id":166819,"date":"2023-09-07T22:11:51","date_gmt":"2023-09-08T01:11:51","guid":{"rendered":"https:\/\/www.hoymercedes.com.ar\/principal\/?p=166819"},"modified":"2023-09-07T22:12:07","modified_gmt":"2023-09-08T01:12:07","slug":"realizaran-encuentro-deportivo-de-abogados","status":"publish","type":"post","link":"https:\/\/www.hoymercedes.com.ar\/principal\/2023\/09\/07\/realizaran-encuentro-deportivo-de-abogados\/","title":{"rendered":"Realizar\u00e1n encuentro deportivo de Abogados"},"content":{"rendered":"\n<p>El Colegio de Abogados del Departamento Judicial Mercedes realizar\u00e1 este s\u00e1bado un Encuentro Deportivo en el que participar\u00e1n representantes de los Colegios de la provincia. Son 103 los inscriptos para las seis disciplinas deportivas, con 52 letrados provenientes de otros Colegios de la provincia.<\/p>\n\n\n<div class=\"wp-block-image\">\n<figure class=\"aligncenter size-full\"><img loading=\"lazy\" decoding=\"async\" width=\"800\" height=\"800\" data-attachment-id=\"166816\" data-permalink=\"https:\/\/www.hoymercedes.com.ar\/principal\/img-20230907-wa0018_copy_800x800\/\" data-orig-file=\"https:\/\/www.hoymercedes.com.ar\/principal\/wp-content\/uploads\/2023\/09\/IMG-20230907-WA0018_copy_800x800.jpg\" data-orig-size=\"800,800\" data-comments-opened=\"0\" data-image-meta=\"{&quot;aperture&quot;:&quot;0&quot;,&quot;credit&quot;:&quot;&quot;,&quot;camera&quot;:&quot;&quot;,&quot;caption&quot;:&quot;&quot;,&quot;created_timestamp&quot;:&quot;0&quot;,&quot;copyright&quot;:&quot;&quot;,&quot;focal_length&quot;:&quot;0&quot;,&quot;iso&quot;:&quot;0&quot;,&quot;shutter_speed&quot;:&quot;0&quot;,&quot;title&quot;:&quot;&quot;,&quot;orientation&quot;:&quot;0&quot;}\" data-image-title=\"IMG-20230907-WA0018_copy_800x800\" data-image-description=\"\" data-image-caption=\"\" data-large-file=\"https:\/\/www.hoymercedes.com.ar\/principal\/wp-content\/uploads\/2023\/09\/IMG-20230907-WA0018_copy_800x800.jpg\" src=\"https:\/\/www.hoymercedes.com.ar\/principal\/wp-content\/uploads\/2023\/09\/IMG-20230907-WA0018_copy_800x800.jpg\" alt=\"\" class=\"wp-image-166816\" srcset=\"https:\/\/www.hoymercedes.com.ar\/principal\/wp-content\/uploads\/2023\/09\/IMG-20230907-WA0018_copy_800x800.jpg 800w, https:\/\/www.hoymercedes.com.ar\/principal\/wp-content\/uploads\/2023\/09\/IMG-20230907-WA0018_copy_800x800-620x620.jpg 620w, https:\/\/www.hoymercedes.com.ar\/principal\/wp-content\/uploads\/2023\/09\/IMG-20230907-WA0018_copy_800x800-150x150.jpg 150w\" sizes=\"auto, (max-width: 800px) 100vw, 800px\" \/><\/figure>\n<\/div>\n\n\n<p>El Encuentro Deportivo en Mercedes forma parte de las preparativos para las Jornadas Deportivas que se celebrar\u00e1n en Mar del Plata del 8 al 11 de noviembre. Con un total de 103 inscriptos, los letrados participantes competir\u00e1n en F\u00fatbol Femenino, Basquet Masculino, Voley Masculino, Running, Paddle y Tenis Mixto.<\/p>\n\n\n\n<p>De acuerdo a la informaci\u00f3n provista por el Colegio de Abogados, en caso de condiciones clim\u00e1ticas adversas, se informa que todas las actividades ser\u00e1n suspendidas, a excepci\u00f3n del B\u00e1squet Masculino y el F\u00fatbol Femenino, los cuales se llevar\u00e1n a cabo en instalaciones cubiertas.<\/p>\n\n\n\n<p>Las actividades se desarrollar\u00e1n en los siguientes lugares de la ciudad de Mercedes:<\/p>\n\n\n\n<ul class=\"wp-block-list\">\n<li>F\u00fatbol Femenino: La Brava Villa Deportiva. Calle 29 N\u00ba 2700.<\/li>\n\n\n\n<li>Voley Masculino: Parque Municipal Martin Rodriguez. Calle 5 1-148.<\/li>\n\n\n\n<li>B\u00e1squet Masculino: Club Atl\u00e9tico Estudiantes. Calle 31 N\u00ba 335.<\/li>\n\n\n\n<li>Paddle Mixto: Lo del Vasco Paddle &#8211; 9H7V+5J.<\/li>\n\n\n\n<li>Tenis Mixto: Canchas Ateneo (LPF) &#8211; Calle 11 y 114.<\/li>\n\n\n\n<li>Running: Salida y llegada en La Brava Villa Deportiva.<\/li>\n<\/ul>\n\n\n\n<p><\/p>\n\n\n\n<p>Fuente: Prensa CADJMercedes<\/p>\n","protected":false},"excerpt":{"rendered":"<p>El Colegio de Abogados del Departamento Judicial Mercedes realizar\u00e1 este s\u00e1bado un Encuentro Deportivo en el que participar\u00e1n representantes de &#8230; <a title=\"Realizar\u00e1n encuentro deportivo de Abogados\" class=\"read-more\" href=\"https:\/\/www.hoymercedes.com.ar\/principal\/2023\/09\/07\/realizaran-encuentro-deportivo-de-abogados\/\" aria-label=\"Leer m\u00e1s sobre Realizar\u00e1n encuentro deportivo de Abogados\">Leer m\u00e1s<\/a><\/p>\n","protected":false},"author":1,"featured_media":166816,"comment_status":"closed","ping_status":"open","sticky":false,"template":"","format":"standard","meta":{"_monsterinsights_skip_tracking":false,"_monsterinsights_sitenote_active":false,"_monsterinsights_sitenote_note":"","_monsterinsights_sitenote_category":0,"jetpack_post_was_ever_published":false,"_jetpack_newsletter_access":"","_jetpack_dont_email_post_to_subs":false,"_jetpack_newsletter_tier_id":0,"_jetpack_memberships_contains_paywalled_content":false,"_jetpack_memberships_contains_paid_content":false,"footnotes":"","jetpack_publicize_message":"","jetpack_publicize_feature_enabled":true,"jetpack_social_post_already_shared":true,"jetpack_social_options":{"image_generator_settings":{"template":"highway","default_image_id":0,"font":"","enabled":false},"version":2},"_wpas_customize_per_network":false},"categories":[8],"tags":[],"class_list":["post-166819","post","type-post","status-publish","format-standard","has-post-thumbnail","hentry","category-sociedad","generate-columns","tablet-grid-50","mobile-grid-100","grid-parent","grid-50"],"jetpack_publicize_connections":[],"jetpack_featured_media_url":"https:\/\/www.hoymercedes.com.ar\/principal\/wp-content\/uploads\/2023\/09\/IMG-20230907-WA0018_copy_800x800.jpg","wps_subtitle":"","jetpack_sharing_enabled":true,"_links":{"self":[{"href":"https:\/\/www.hoymercedes.com.ar\/principal\/wp-json\/wp\/v2\/posts\/166819","targetHints":{"allow":["GET"]}}],"collection":[{"href":"https:\/\/www.hoymercedes.com.ar\/principal\/wp-json\/wp\/v2\/posts"}],"about":[{"href":"https:\/\/www.hoymercedes.com.ar\/principal\/wp-json\/wp\/v2\/types\/post"}],"author":[{"embeddable":true,"href":"https:\/\/www.hoymercedes.com.ar\/principal\/wp-json\/wp\/v2\/users\/1"}],"replies":[{"embeddable":true,"href":"https:\/\/www.hoymercedes.com.ar\/principal\/wp-json\/wp\/v2\/comments?post=166819"}],"version-history":[{"count":0,"href":"https:\/\/www.hoymercedes.com.ar\/principal\/wp-json\/wp\/v2\/posts\/166819\/revisions"}],"wp:featuredmedia":[{"embeddable":true,"href":"https:\/\/www.hoymercedes.com.ar\/principal\/wp-json\/wp\/v2\/media\/166816"}],"wp:attachment":[{"href":"https:\/\/www.hoymercedes.com.ar\/principal\/wp-json\/wp\/v2\/media?parent=166819"}],"wp:term":[{"taxonomy":"category","embeddable":true,"href":"https:\/\/www.hoymercedes.com.ar\/principal\/wp-json\/wp\/v2\/categories?post=166819"},{"taxonomy":"post_tag","embeddable":true,"href":"https:\/\/www.hoymercedes.com.ar\/principal\/wp-json\/wp\/v2\/tags?post=166819"}],"curies":[{"name":"wp","href":"https:\/\/api.w.org\/{rel}","templated":true}]}}