{"id":166939,"date":"2023-09-11T07:12:00","date_gmt":"2023-09-11T10:12:00","guid":{"rendered":"https:\/\/www.hoymercedes.com.ar\/principal\/?p=166939"},"modified":"2023-09-11T09:37:21","modified_gmt":"2023-09-11T12:37:21","slug":"fiesta-del-salame-record-multitudinaria-y-con-excelentes-ventas","status":"publish","type":"post","link":"https:\/\/www.hoymercedes.com.ar\/principal\/2023\/09\/11\/fiesta-del-salame-record-multitudinaria-y-con-excelentes-ventas\/","title":{"rendered":"Fiesta del Salame r\u00e9cord, multitudinaria y con excelentes ventas"},"content":{"rendered":"\n<p>Finaliz\u00f3 con <strong>r\u00e9cord de asistencia y excelentes ventas<\/strong> la 48\u00ba Fiesta Nacional del Salame Quintero. Fueron tres d\u00edas multitudinarios. El intendente <strong>Juani Ustarroz<\/strong> agradeci\u00f3 y felicit\u00f3 a cada productor, a las familias, a las y los trabajadores que hicieron posible este inolvidable encuentro. Hubo, adem\u00e1s, ocupaci\u00f3n plena en hospedajes y Tom\u00e1s Jofr\u00e9. La familia Piccone fue la ganadora del a\u00f1o a mejor salame quintero del a\u00f1o.<\/p>\n\n\n\n<figure class=\"wp-block-image size-full\"><img loading=\"lazy\" decoding=\"async\" width=\"974\" height=\"647\" data-attachment-id=\"166940\" data-permalink=\"https:\/\/www.hoymercedes.com.ar\/principal\/2023\/09\/11\/fiesta-del-salame-record-multitudinaria-y-con-excelentes-ventas\/mhm9002\/#main\" data-orig-file=\"https:\/\/www.hoymercedes.com.ar\/principal\/wp-content\/uploads\/2023\/09\/MHM9002.jpg\" data-orig-size=\"974,647\" data-comments-opened=\"0\" data-image-meta=\"{&quot;aperture&quot;:&quot;0&quot;,&quot;credit&quot;:&quot;Moreira Mario Hugo    FOTOGRAFIA&quot;,&quot;camera&quot;:&quot;&quot;,&quot;caption&quot;:&quot;&quot;,&quot;created_timestamp&quot;:&quot;0&quot;,&quot;copyright&quot;:&quot;AW Fotografia   Moreira Mario Hugo&quot;,&quot;focal_length&quot;:&quot;0&quot;,&quot;iso&quot;:&quot;0&quot;,&quot;shutter_speed&quot;:&quot;0&quot;,&quot;title&quot;:&quot;&quot;,&quot;orientation&quot;:&quot;0&quot;}\" data-image-title=\"MHM9002\" data-image-description=\"\" data-image-caption=\"\" data-large-file=\"https:\/\/www.hoymercedes.com.ar\/principal\/wp-content\/uploads\/2023\/09\/MHM9002.jpg\" src=\"https:\/\/www.hoymercedes.com.ar\/principal\/wp-content\/uploads\/2023\/09\/MHM9002.jpg\" alt=\"\" class=\"wp-image-166940\" srcset=\"https:\/\/www.hoymercedes.com.ar\/principal\/wp-content\/uploads\/2023\/09\/MHM9002.jpg 974w, https:\/\/www.hoymercedes.com.ar\/principal\/wp-content\/uploads\/2023\/09\/MHM9002-630x418.jpg 630w, https:\/\/www.hoymercedes.com.ar\/principal\/wp-content\/uploads\/2023\/09\/MHM9002-150x100.jpg 150w, https:\/\/www.hoymercedes.com.ar\/principal\/wp-content\/uploads\/2023\/09\/MHM9002-700x465.jpg 700w\" sizes=\"auto, (max-width: 974px) 100vw, 974px\" \/><\/figure>\n\n\n\n<p>El intendente Juan Ignacio Ustarroz manifest\u00f3 \u201cquiero felicitar a este enorme grupo de productores y productoras porque son quienes mantienen la esencia de la tradici\u00f3n del mejor salame del mundo\u201d y remarc\u00f3 \u201cel mejor salame se hace con coherencia, con trabajo, esfuerzo y mucho amor\u201d.<\/p>\n\n\n\n<p><\/p>\n\n\n\n<p>En este sentido, el Dr. Ustarroz expres\u00f3 \u201ceste gran reconocimiento de todo el pueblo de Mercedes a nuestros productores que nos permite tener esta gran fiesta\u201d y recalc\u00f3 \u201cgracias a cada uno de ustedes \u2013el p\u00fablico- por haber venido, donde para nosotros, cada fiesta es la posibilidad de impulsar el turismo, el trabajo, la solidaridad y la uni\u00f3n de un pueblo, que lo que necesita es avanzar\u201d.<\/p>\n\n\n\n<figure class=\"wp-block-image size-large\"><img loading=\"lazy\" decoding=\"async\" width=\"1024\" height=\"682\" data-attachment-id=\"166941\" data-permalink=\"https:\/\/www.hoymercedes.com.ar\/principal\/2023\/09\/11\/fiesta-del-salame-record-multitudinaria-y-con-excelentes-ventas\/sja_0708\/#main\" data-orig-file=\"https:\/\/www.hoymercedes.com.ar\/principal\/wp-content\/uploads\/2023\/09\/SJA_0708.jpg\" data-orig-size=\"1319,879\" data-comments-opened=\"0\" data-image-meta=\"{&quot;aperture&quot;:&quot;0&quot;,&quot;credit&quot;:&quot;SEBASTIANAMBROSSIO&quot;,&quot;camera&quot;:&quot;&quot;,&quot;caption&quot;:&quot;&quot;,&quot;created_timestamp&quot;:&quot;0&quot;,&quot;copyright&quot;:&quot;SebastianAmbrossio&quot;,&quot;focal_length&quot;:&quot;0&quot;,&quot;iso&quot;:&quot;0&quot;,&quot;shutter_speed&quot;:&quot;0&quot;,&quot;title&quot;:&quot;&quot;,&quot;orientation&quot;:&quot;0&quot;}\" data-image-title=\"SJA_0708\" data-image-description=\"\" data-image-caption=\"\" data-large-file=\"https:\/\/www.hoymercedes.com.ar\/principal\/wp-content\/uploads\/2023\/09\/SJA_0708-1024x682.jpg\" src=\"https:\/\/www.hoymercedes.com.ar\/principal\/wp-content\/uploads\/2023\/09\/SJA_0708-1024x682.jpg\" alt=\"\" class=\"wp-image-166941\" srcset=\"https:\/\/www.hoymercedes.com.ar\/principal\/wp-content\/uploads\/2023\/09\/SJA_0708-1024x682.jpg 1024w, https:\/\/www.hoymercedes.com.ar\/principal\/wp-content\/uploads\/2023\/09\/SJA_0708-630x420.jpg 630w, https:\/\/www.hoymercedes.com.ar\/principal\/wp-content\/uploads\/2023\/09\/SJA_0708-150x100.jpg 150w, https:\/\/www.hoymercedes.com.ar\/principal\/wp-content\/uploads\/2023\/09\/SJA_0708-700x465.jpg 700w, https:\/\/www.hoymercedes.com.ar\/principal\/wp-content\/uploads\/2023\/09\/SJA_0708.jpg 1319w\" sizes=\"auto, (max-width: 1024px) 100vw, 1024px\" \/><\/figure>\n\n\n\n<p><strong>Gracias<\/strong><\/p>\n\n\n\n<p>\u201cGracias a los trabajadores y trabajadoras por el gran trabajo realizado en este predio, para dejarlo en excelentes condiciones, reconocer al pueblo trabajador, por el gran esfuerzo, su gran labor y a cada uno de los que est\u00e1n en las carpas, los clubes, los artesanos, los productores y a todos estos asistentes de todo el pa\u00eds por venir, y que el a\u00f1o que viene vuelvan con much\u00edsima m\u00e1s gente\u201d indic\u00f3 el intendente Ustarroz invitando a regresar.<\/p>\n\n\n\n<p><strong>Jornadas<\/strong><\/p>\n\n\n\n<figure class=\"wp-block-image size-large\"><img loading=\"lazy\" decoding=\"async\" width=\"1024\" height=\"680\" data-attachment-id=\"166942\" data-permalink=\"https:\/\/www.hoymercedes.com.ar\/principal\/2023\/09\/11\/fiesta-del-salame-record-multitudinaria-y-con-excelentes-ventas\/mhm9188\/#main\" data-orig-file=\"https:\/\/www.hoymercedes.com.ar\/principal\/wp-content\/uploads\/2023\/09\/MHM9188.jpg\" data-orig-size=\"1323,879\" data-comments-opened=\"0\" data-image-meta=\"{&quot;aperture&quot;:&quot;0&quot;,&quot;credit&quot;:&quot;Moreira Mario Hugo    FOTOGRAFIA&quot;,&quot;camera&quot;:&quot;&quot;,&quot;caption&quot;:&quot;&quot;,&quot;created_timestamp&quot;:&quot;0&quot;,&quot;copyright&quot;:&quot;AW Fotografia   Moreira Mario Hugo&quot;,&quot;focal_length&quot;:&quot;0&quot;,&quot;iso&quot;:&quot;0&quot;,&quot;shutter_speed&quot;:&quot;0&quot;,&quot;title&quot;:&quot;&quot;,&quot;orientation&quot;:&quot;0&quot;}\" data-image-title=\"MHM9188\" data-image-description=\"\" data-image-caption=\"\" data-large-file=\"https:\/\/www.hoymercedes.com.ar\/principal\/wp-content\/uploads\/2023\/09\/MHM9188-1024x680.jpg\" src=\"https:\/\/www.hoymercedes.com.ar\/principal\/wp-content\/uploads\/2023\/09\/MHM9188-1024x680.jpg\" alt=\"\" class=\"wp-image-166942\" srcset=\"https:\/\/www.hoymercedes.com.ar\/principal\/wp-content\/uploads\/2023\/09\/MHM9188-1024x680.jpg 1024w, https:\/\/www.hoymercedes.com.ar\/principal\/wp-content\/uploads\/2023\/09\/MHM9188-630x419.jpg 630w, https:\/\/www.hoymercedes.com.ar\/principal\/wp-content\/uploads\/2023\/09\/MHM9188-150x100.jpg 150w, https:\/\/www.hoymercedes.com.ar\/principal\/wp-content\/uploads\/2023\/09\/MHM9188-700x465.jpg 700w, https:\/\/www.hoymercedes.com.ar\/principal\/wp-content\/uploads\/2023\/09\/MHM9188.jpg 1323w\" sizes=\"auto, (max-width: 1024px) 100vw, 1024px\" \/><\/figure>\n\n\n\n<p>Luego de dos d\u00edas incre\u00edbles, la tercera jornada se vivi\u00f3 con un gran marco de p\u00fablico que disfrut\u00f3 de shows musicales, patios de comidas, artesanales, y por supuesto, del mejor salame del mundo, un verdadero orgullo para toda la ciudad.<\/p>\n\n\n\n<p><strong>Parque<\/strong><\/p>\n\n\n\n<p>Nuestro parque Municipal Independencia se visti\u00f3 una vez m\u00e1s de fiesta, el cual, este domingo fue recorrido por miles y miles de visitantes, que disfrutaron de la jornada final de lo fue la 48\u00aa Fiesta Nacional del Salame.<\/p>\n\n\n\n<p><strong>Multitud<\/strong><\/p>\n\n\n\n<p>Por su parte, Francisco Dinova, director de turismo se\u00f1al\u00f3 \u201cque placer y emoci\u00f3n poder ver este parque municipal colmado de esta manera, viernes, s\u00e1bado y domingo. Como decimos, el turismo es una realidad concreta en nuestra ciudad, y como dice nuestro slogan en Mercedes siempre hay algo para hacer, para disfrutar, tenemos nuestro pueblo, gastronom\u00eda, naturaleza, historia, cultura y a nuestros productores de salame quintero\u201d.<\/p>\n\n\n\n<p>\u201cA los miles y miles de visitantes, les decimos que pueden venir a Mercedes todo el a\u00f1o, todos los fines de semana pueden venir a disfrutar\u201d destac\u00f3 Dinova.<\/p>\n\n\n\n<p><strong>Premiaci\u00f3n<\/strong><\/p>\n\n\n\n<p>La premiaci\u00f3n comenz\u00f3 con el Mejor stand, a la familia Velazco de \u201cSabores Mercedinos\u201d, premio otorgado por la C\u00e1mara Econ\u00f3mica Mercdina para dar lugar al reconocimiento Argentina Federal impulsado por el ministro \u201cWado\u201d de Pedro desde el Ministerio del Interior para el productor Hugo Dipieri. Donde, finalmente, se dio paso a los mejores salames de esta festividad, donde el tercer puesto se lo llev\u00f3 Marcelo Bello, el segundo puesto para Javier Dipieri.&nbsp;<\/p>\n\n\n\n<figure class=\"wp-block-image size-full\"><img loading=\"lazy\" decoding=\"async\" width=\"971\" height=\"647\" data-attachment-id=\"166943\" data-permalink=\"https:\/\/www.hoymercedes.com.ar\/principal\/2023\/09\/11\/fiesta-del-salame-record-multitudinaria-y-con-excelentes-ventas\/sja_0678\/#main\" data-orig-file=\"https:\/\/www.hoymercedes.com.ar\/principal\/wp-content\/uploads\/2023\/09\/SJA_0678.jpg\" data-orig-size=\"971,647\" data-comments-opened=\"0\" data-image-meta=\"{&quot;aperture&quot;:&quot;0&quot;,&quot;credit&quot;:&quot;SEBASTIANAMBROSSIO&quot;,&quot;camera&quot;:&quot;&quot;,&quot;caption&quot;:&quot;&quot;,&quot;created_timestamp&quot;:&quot;0&quot;,&quot;copyright&quot;:&quot;SebastianAmbrossio&quot;,&quot;focal_length&quot;:&quot;0&quot;,&quot;iso&quot;:&quot;0&quot;,&quot;shutter_speed&quot;:&quot;0&quot;,&quot;title&quot;:&quot;&quot;,&quot;orientation&quot;:&quot;0&quot;}\" data-image-title=\"SJA_0678\" data-image-description=\"\" data-image-caption=\"\" data-large-file=\"https:\/\/www.hoymercedes.com.ar\/principal\/wp-content\/uploads\/2023\/09\/SJA_0678.jpg\" src=\"https:\/\/www.hoymercedes.com.ar\/principal\/wp-content\/uploads\/2023\/09\/SJA_0678.jpg\" alt=\"\" class=\"wp-image-166943\" srcset=\"https:\/\/www.hoymercedes.com.ar\/principal\/wp-content\/uploads\/2023\/09\/SJA_0678.jpg 971w, https:\/\/www.hoymercedes.com.ar\/principal\/wp-content\/uploads\/2023\/09\/SJA_0678-630x420.jpg 630w, https:\/\/www.hoymercedes.com.ar\/principal\/wp-content\/uploads\/2023\/09\/SJA_0678-150x100.jpg 150w, https:\/\/www.hoymercedes.com.ar\/principal\/wp-content\/uploads\/2023\/09\/SJA_0678-700x465.jpg 700w\" sizes=\"auto, (max-width: 971px) 100vw, 971px\" \/><\/figure>\n\n\n\n<p><strong>Ganador<\/strong><\/p>\n\n\n\n<p>Finalmente productores de salame, jueces catadores, funcionarios y el intendente Juan Ignacio Ustarroz dieron a conocer al productor ganador que este a\u00f1o, primer premio que fue para Jos\u00e9 Piccone, quien una vez m\u00e1s, se lleva este galard\u00f3n \u201cQuiero agradecer a toda mi familia y much\u00edsimas gracias se\u00f1or intendente por esta fiesta que tuvo una organizaci\u00f3n fabulosa, disfrutemos de esto\u201d declar\u00f3 el productor.<\/p>\n\n\n\n<figure class=\"wp-block-image size-large\"><img loading=\"lazy\" decoding=\"async\" width=\"1024\" height=\"682\" data-attachment-id=\"166945\" data-permalink=\"https:\/\/www.hoymercedes.com.ar\/principal\/2023\/09\/11\/fiesta-del-salame-record-multitudinaria-y-con-excelentes-ventas\/dsc05890-1\/#main\" data-orig-file=\"https:\/\/www.hoymercedes.com.ar\/principal\/wp-content\/uploads\/2023\/09\/DSC05890-1.jpg\" data-orig-size=\"1319,879\" data-comments-opened=\"0\" data-image-meta=\"{&quot;aperture&quot;:&quot;0&quot;,&quot;credit&quot;:&quot;&quot;,&quot;camera&quot;:&quot;&quot;,&quot;caption&quot;:&quot;&quot;,&quot;created_timestamp&quot;:&quot;0&quot;,&quot;copyright&quot;:&quot;&quot;,&quot;focal_length&quot;:&quot;0&quot;,&quot;iso&quot;:&quot;0&quot;,&quot;shutter_speed&quot;:&quot;0&quot;,&quot;title&quot;:&quot;&quot;,&quot;orientation&quot;:&quot;0&quot;}\" data-image-title=\"DSC05890-1\" data-image-description=\"\" data-image-caption=\"\" data-large-file=\"https:\/\/www.hoymercedes.com.ar\/principal\/wp-content\/uploads\/2023\/09\/DSC05890-1-1024x682.jpg\" src=\"https:\/\/www.hoymercedes.com.ar\/principal\/wp-content\/uploads\/2023\/09\/DSC05890-1-1024x682.jpg\" alt=\"\" class=\"wp-image-166945\" srcset=\"https:\/\/www.hoymercedes.com.ar\/principal\/wp-content\/uploads\/2023\/09\/DSC05890-1-1024x682.jpg 1024w, https:\/\/www.hoymercedes.com.ar\/principal\/wp-content\/uploads\/2023\/09\/DSC05890-1-630x420.jpg 630w, https:\/\/www.hoymercedes.com.ar\/principal\/wp-content\/uploads\/2023\/09\/DSC05890-1-150x100.jpg 150w, https:\/\/www.hoymercedes.com.ar\/principal\/wp-content\/uploads\/2023\/09\/DSC05890-1-700x465.jpg 700w, https:\/\/www.hoymercedes.com.ar\/principal\/wp-content\/uploads\/2023\/09\/DSC05890-1.jpg 1319w\" sizes=\"auto, (max-width: 1024px) 100vw, 1024px\" \/><\/figure>\n\n\n\n<p><strong>Artistas<\/strong><\/p>\n\n\n\n<p>El salame quintero, siendo el epicentro gastron\u00f3mico de la ciudad, reuni\u00f3 a miles de personas, que adem\u00e1s, supieron disfrutar de tres d\u00edas de shows art\u00edsticos de primera l\u00ednea.<\/p>\n\n\n\n<p>El viernes, pasaron por el escenario; Laura Lorena y la Santa Milonguita, Cumbia Pika, Menta y Lim\u00f3n y Los Charros. El s\u00e1bado, por su parte, estuvieron; El t\u00e9mpano, Hermanados, Los tabaleros, Fernanda Ottolini y la banda y Tita Print. Llegando a la jornada final de la mano de Claudia Lome\u00f1a, La Bestia Folk, Oscar Rossello, Los L\u00f3pez Heredia y el cierre estelar de Los Tekis.<\/p>\n","protected":false},"excerpt":{"rendered":"<p>Finaliz\u00f3 con r\u00e9cord de asistencia y excelentes ventas la 48\u00ba Fiesta Nacional del Salame Quintero. Fueron tres d\u00edas multitudinarios. El &#8230; <a title=\"Fiesta del Salame r\u00e9cord, multitudinaria y con excelentes ventas\" class=\"read-more\" href=\"https:\/\/www.hoymercedes.com.ar\/principal\/2023\/09\/11\/fiesta-del-salame-record-multitudinaria-y-con-excelentes-ventas\/\" aria-label=\"Leer m\u00e1s sobre Fiesta del Salame r\u00e9cord, multitudinaria y con excelentes ventas\">Leer m\u00e1s<\/a><\/p>\n","protected":false},"author":1,"featured_media":166941,"comment_status":"closed","ping_status":"open","sticky":false,"template":"","format":"standard","meta":{"_monsterinsights_skip_tracking":false,"_monsterinsights_sitenote_active":false,"_monsterinsights_sitenote_note":"","_monsterinsights_sitenote_category":0,"jetpack_post_was_ever_published":false,"_jetpack_newsletter_access":"","_jetpack_dont_email_post_to_subs":false,"_jetpack_newsletter_tier_id":0,"_jetpack_memberships_contains_paywalled_content":false,"_jetpack_memberships_contains_paid_content":false,"footnotes":"","jetpack_publicize_message":"","jetpack_publicize_feature_enabled":true,"jetpack_social_post_already_shared":false,"jetpack_social_options":{"image_generator_settings":{"template":"highway","default_image_id":0,"font":"","enabled":false},"version":2},"_wpas_customize_per_network":false},"categories":[8],"tags":[1329,18339],"class_list":["post-166939","post","type-post","status-publish","format-standard","has-post-thumbnail","hentry","category-sociedad","tag-fiesta-del-salame-mercedes","tag-fiestas-en-mercedes","generate-columns","tablet-grid-50","mobile-grid-100","grid-parent","grid-50"],"jetpack_publicize_connections":[],"jetpack_featured_media_url":"https:\/\/www.hoymercedes.com.ar\/principal\/wp-content\/uploads\/2023\/09\/SJA_0708.jpg","wps_subtitle":"Fiestas Populares","jetpack_sharing_enabled":true,"_links":{"self":[{"href":"https:\/\/www.hoymercedes.com.ar\/principal\/wp-json\/wp\/v2\/posts\/166939","targetHints":{"allow":["GET"]}}],"collection":[{"href":"https:\/\/www.hoymercedes.com.ar\/principal\/wp-json\/wp\/v2\/posts"}],"about":[{"href":"https:\/\/www.hoymercedes.com.ar\/principal\/wp-json\/wp\/v2\/types\/post"}],"author":[{"embeddable":true,"href":"https:\/\/www.hoymercedes.com.ar\/principal\/wp-json\/wp\/v2\/users\/1"}],"replies":[{"embeddable":true,"href":"https:\/\/www.hoymercedes.com.ar\/principal\/wp-json\/wp\/v2\/comments?post=166939"}],"version-history":[{"count":0,"href":"https:\/\/www.hoymercedes.com.ar\/principal\/wp-json\/wp\/v2\/posts\/166939\/revisions"}],"wp:featuredmedia":[{"embeddable":true,"href":"https:\/\/www.hoymercedes.com.ar\/principal\/wp-json\/wp\/v2\/media\/166941"}],"wp:attachment":[{"href":"https:\/\/www.hoymercedes.com.ar\/principal\/wp-json\/wp\/v2\/media?parent=166939"}],"wp:term":[{"taxonomy":"category","embeddable":true,"href":"https:\/\/www.hoymercedes.com.ar\/principal\/wp-json\/wp\/v2\/categories?post=166939"},{"taxonomy":"post_tag","embeddable":true,"href":"https:\/\/www.hoymercedes.com.ar\/principal\/wp-json\/wp\/v2\/tags?post=166939"}],"curies":[{"name":"wp","href":"https:\/\/api.w.org\/{rel}","templated":true}]}}