{"id":167001,"date":"2023-09-11T19:08:00","date_gmt":"2023-09-11T22:08:00","guid":{"rendered":"https:\/\/www.hoymercedes.com.ar\/principal\/?p=167001"},"modified":"2023-09-11T21:19:03","modified_gmt":"2023-09-12T00:19:03","slug":"circo-rodante-en-el-teatro-argentino","status":"publish","type":"post","link":"https:\/\/www.hoymercedes.com.ar\/principal\/2023\/09\/11\/circo-rodante-en-el-teatro-argentino\/","title":{"rendered":"Circo Rodante en el Teatro Argentino"},"content":{"rendered":"\n<p>Por Fernando Viloria &#8211; Se presentar\u00e1 en nuestra ciudad un espect\u00e1culo \u00fanico de circo, m\u00fasica, magia, acrobacias, malabares y mucha diversi\u00f3n para todas las edades.&nbsp;<\/p>\n\n\n<div class=\"wp-block-image\">\n<figure class=\"aligncenter size-full\"><img loading=\"lazy\" decoding=\"async\" width=\"540\" height=\"304\" data-attachment-id=\"166779\" data-permalink=\"https:\/\/www.hoymercedes.com.ar\/principal\/2023\/09\/07\/teatro-el-talia-presenta-cuanto-vale-una-heladera\/circo-rodante\/#main\" data-orig-file=\"https:\/\/www.hoymercedes.com.ar\/principal\/wp-content\/uploads\/2023\/09\/CIRCO-RODANTE.jpg\" data-orig-size=\"540,304\" data-comments-opened=\"0\" data-image-meta=\"{&quot;aperture&quot;:&quot;0&quot;,&quot;credit&quot;:&quot;&quot;,&quot;camera&quot;:&quot;&quot;,&quot;caption&quot;:&quot;&quot;,&quot;created_timestamp&quot;:&quot;0&quot;,&quot;copyright&quot;:&quot;&quot;,&quot;focal_length&quot;:&quot;0&quot;,&quot;iso&quot;:&quot;0&quot;,&quot;shutter_speed&quot;:&quot;0&quot;,&quot;title&quot;:&quot;&quot;,&quot;orientation&quot;:&quot;0&quot;}\" data-image-title=\"CIRCO RODANTE\" data-image-description=\"\" data-image-caption=\"\" data-large-file=\"https:\/\/www.hoymercedes.com.ar\/principal\/wp-content\/uploads\/2023\/09\/CIRCO-RODANTE.jpg\" src=\"https:\/\/www.hoymercedes.com.ar\/principal\/wp-content\/uploads\/2023\/09\/CIRCO-RODANTE.jpg\" alt=\"\" class=\"wp-image-166779\" srcset=\"https:\/\/www.hoymercedes.com.ar\/principal\/wp-content\/uploads\/2023\/09\/CIRCO-RODANTE.jpg 540w, https:\/\/www.hoymercedes.com.ar\/principal\/wp-content\/uploads\/2023\/09\/CIRCO-RODANTE-150x84.jpg 150w\" sizes=\"auto, (max-width: 540px) 100vw, 540px\" \/><\/figure>\n<\/div>\n\n\n<p>Luego de las exitosas presentaciones en las vacaciones de invierno a carpa llena, realizando tres funciones por d\u00eda en Moreno. De festejar el D\u00eda de la Ni\u00f1ez en General Rodr\u00edguez y del show del fin de semana pasado en Santa Teresita Partido de la Costa, el Circo Rodante se presenta en el Teatro Argentino de Mercedes. <\/p>\n\n\n\n<p>Troupe, M\u00fasica y Circo se presentar\u00e1 el s\u00e1bado 23 de septiembre a las 18 horas en un espect\u00e1culo para toda la familia con el reconocido Federico Lione como el \u201cPayaso Pelambre\u201d, la banda musical Los Wallys Ska integrada por Eddy en bater\u00eda y voz, Juancho bajo y voz y El Tula en guitarra y voz, Roci\u00f3 del Cielo en acrobacias, El Pollo Magic encargado de la magia y los Payasos Chimichurri El\u00e9ctrico y Zopapa con sus intr\u00e9pidas habilidades y destrezas.&nbsp;<\/p>\n\n\n\n<p>Las entradas anticipadas con descuento por mensaje directo al (2324) 552981 y en el Teatro a partir del lunes 11, una gran oportunidad de divertirse, emocionarse y sonre\u00edr con el Circo Rodante que alegra corazones.&nbsp;&nbsp;<\/p>\n","protected":false},"excerpt":{"rendered":"<p>Se presentar\u00e1 en nuestra ciudad un espect\u00e1culo \u00fanico de circo, m\u00fasica, magia, acrobacias, malabares y mucha diversi\u00f3n para todas las edades.\u00a0 Ser\u00e1 el s\u00e1bado 23 de septiembre a las 18 horas <\/p>\n","protected":false},"author":1,"featured_media":166780,"comment_status":"closed","ping_status":"open","sticky":false,"template":"","format":"standard","meta":{"_monsterinsights_skip_tracking":false,"_monsterinsights_sitenote_active":false,"_monsterinsights_sitenote_note":"","_monsterinsights_sitenote_category":0,"jetpack_post_was_ever_published":false,"_jetpack_newsletter_access":"","_jetpack_dont_email_post_to_subs":false,"_jetpack_newsletter_tier_id":0,"_jetpack_memberships_contains_paywalled_content":false,"_jetpack_memberships_contains_paid_content":false,"footnotes":"","jetpack_publicize_message":"","jetpack_publicize_feature_enabled":true,"jetpack_social_post_already_shared":true,"jetpack_social_options":{"image_generator_settings":{"template":"highway","default_image_id":0,"font":"","enabled":false},"version":2},"_wpas_customize_per_network":false},"categories":[104],"tags":[7805],"class_list":["post-167001","post","type-post","status-publish","format-standard","has-post-thumbnail","hentry","category-cultura","tag-cultura","generate-columns","tablet-grid-50","mobile-grid-100","grid-parent","grid-50"],"jetpack_publicize_connections":[],"jetpack_featured_media_url":"https:\/\/www.hoymercedes.com.ar\/principal\/wp-content\/uploads\/2023\/09\/Payaso-Pelambre-y-Los-Wallys-Ska.jpg","wps_subtitle":"","jetpack_sharing_enabled":true,"_links":{"self":[{"href":"https:\/\/www.hoymercedes.com.ar\/principal\/wp-json\/wp\/v2\/posts\/167001","targetHints":{"allow":["GET"]}}],"collection":[{"href":"https:\/\/www.hoymercedes.com.ar\/principal\/wp-json\/wp\/v2\/posts"}],"about":[{"href":"https:\/\/www.hoymercedes.com.ar\/principal\/wp-json\/wp\/v2\/types\/post"}],"author":[{"embeddable":true,"href":"https:\/\/www.hoymercedes.com.ar\/principal\/wp-json\/wp\/v2\/users\/1"}],"replies":[{"embeddable":true,"href":"https:\/\/www.hoymercedes.com.ar\/principal\/wp-json\/wp\/v2\/comments?post=167001"}],"version-history":[{"count":0,"href":"https:\/\/www.hoymercedes.com.ar\/principal\/wp-json\/wp\/v2\/posts\/167001\/revisions"}],"wp:featuredmedia":[{"embeddable":true,"href":"https:\/\/www.hoymercedes.com.ar\/principal\/wp-json\/wp\/v2\/media\/166780"}],"wp:attachment":[{"href":"https:\/\/www.hoymercedes.com.ar\/principal\/wp-json\/wp\/v2\/media?parent=167001"}],"wp:term":[{"taxonomy":"category","embeddable":true,"href":"https:\/\/www.hoymercedes.com.ar\/principal\/wp-json\/wp\/v2\/categories?post=167001"},{"taxonomy":"post_tag","embeddable":true,"href":"https:\/\/www.hoymercedes.com.ar\/principal\/wp-json\/wp\/v2\/tags?post=167001"}],"curies":[{"name":"wp","href":"https:\/\/api.w.org\/{rel}","templated":true}]}}