{"id":167007,"date":"2023-09-11T21:24:53","date_gmt":"2023-09-12T00:24:53","guid":{"rendered":"https:\/\/www.hoymercedes.com.ar\/principal\/?p=167007"},"modified":"2023-09-11T21:27:10","modified_gmt":"2023-09-12T00:27:10","slug":"tenis-de-mesa-alejandro-russo-disputara-la-copa-tango","status":"publish","type":"post","link":"https:\/\/www.hoymercedes.com.ar\/principal\/2023\/09\/11\/tenis-de-mesa-alejandro-russo-disputara-la-copa-tango\/","title":{"rendered":"Tenis de mesa: Alejandro Russo disputar\u00e1 la Copa Tango\u00a0"},"content":{"rendered":"\n<p>El tradicional evento de Tenis de Mesa Adaptado organizado FATEMA que este a\u00f1o cumple su 20\u00b0 aniversario, se ha convertido en una costumbre para el atleta mercedino en la disciplina.<\/p>\n\n\n<div class=\"wp-block-image\">\n<figure class=\"aligncenter size-full\"><img loading=\"lazy\" decoding=\"async\" width=\"614\" height=\"376\" data-attachment-id=\"166980\" data-permalink=\"https:\/\/www.hoymercedes.com.ar\/principal\/2023\/09\/11\/ajedrez-sexta-ronda-en-san-andres-de-giles\/tenis-de-mesa-1109\/#main\" data-orig-file=\"https:\/\/www.hoymercedes.com.ar\/principal\/wp-content\/uploads\/2023\/09\/tenis-de-mesa-1109.jpg\" data-orig-size=\"614,376\" data-comments-opened=\"0\" data-image-meta=\"{&quot;aperture&quot;:&quot;0&quot;,&quot;credit&quot;:&quot;&quot;,&quot;camera&quot;:&quot;&quot;,&quot;caption&quot;:&quot;&quot;,&quot;created_timestamp&quot;:&quot;0&quot;,&quot;copyright&quot;:&quot;&quot;,&quot;focal_length&quot;:&quot;0&quot;,&quot;iso&quot;:&quot;0&quot;,&quot;shutter_speed&quot;:&quot;0&quot;,&quot;title&quot;:&quot;&quot;,&quot;orientation&quot;:&quot;0&quot;}\" data-image-title=\"tenis de mesa 1109\" data-image-description=\"\" data-image-caption=\"\" data-large-file=\"https:\/\/www.hoymercedes.com.ar\/principal\/wp-content\/uploads\/2023\/09\/tenis-de-mesa-1109.jpg\" src=\"https:\/\/www.hoymercedes.com.ar\/principal\/wp-content\/uploads\/2023\/09\/tenis-de-mesa-1109.jpg\" alt=\"\" class=\"wp-image-166980\" srcset=\"https:\/\/www.hoymercedes.com.ar\/principal\/wp-content\/uploads\/2023\/09\/tenis-de-mesa-1109.jpg 614w, https:\/\/www.hoymercedes.com.ar\/principal\/wp-content\/uploads\/2023\/09\/tenis-de-mesa-1109-150x92.jpg 150w\" sizes=\"auto, (max-width: 614px) 100vw, 614px\" \/><\/figure>\n<\/div>\n\n\n<p>El mercedino Alejandro Russo, representante de la Escuela Municipal de Tenis de Mesa, fue citado por la entrenadora de la selecci\u00f3n argentina, Alejandra Gabaglio, para disputar por tercera vez consecutiva la edici\u00f3n n\u00famero 20 de la Copa Tango y formara parte de una concentraci\u00f3n previa al certamen junto al resto de la comitiva nacional.<\/p>\n\n\n\n<p>La misma de llevar\u00e1 a cabo en el predio del Cenard (Centro Nacional de Alto Rendimiento) del 6 al 8 de octubre, donde el sudamericano de Tenis de Mesa Adaptado tendr\u00e1 participaci\u00f3n en las modalidades singles y dobles.&nbsp;<\/p>\n\n\n\n<p>El evento contar\u00e1 con jugadores de distintas partes del mundo y la competencia estar\u00e1 fiscalizada por la ITTF (Internacional Table Tennis Federation), autorizada por el IPC (Internacional Paralimpic Comit\u00e9) y organizada por el COPAR (Comit\u00e9 Paral\u00edmpico Argentino).<\/p>\n\n\n\n<p>Alejandro Russo participara en la clase 10 (atletas de pie), donde buscara sumar puntos para la tabla de orden internacional.<\/p>\n\n\n\n<p>Colaboraci\u00f3n Mariano Oyarz\u00fa<\/p>\n","protected":false},"excerpt":{"rendered":"<p>El tradicional evento de Tenis de Mesa Adaptado organizado FATEMA que este a\u00f1o cumple su 20\u00b0 aniversario, se ha convertido en una costumbre para el atleta mercedino en la disciplina.<\/p>\n","protected":false},"author":1,"featured_media":166980,"comment_status":"closed","ping_status":"open","sticky":false,"template":"","format":"standard","meta":{"_monsterinsights_skip_tracking":false,"_monsterinsights_sitenote_active":false,"_monsterinsights_sitenote_note":"","_monsterinsights_sitenote_category":0,"jetpack_post_was_ever_published":false,"_jetpack_newsletter_access":"","_jetpack_dont_email_post_to_subs":false,"_jetpack_newsletter_tier_id":0,"_jetpack_memberships_contains_paywalled_content":false,"_jetpack_memberships_contains_paid_content":false,"footnotes":"","jetpack_publicize_message":"","jetpack_publicize_feature_enabled":true,"jetpack_social_post_already_shared":true,"jetpack_social_options":{"image_generator_settings":{"template":"highway","default_image_id":0,"font":"","enabled":false},"version":2},"_wpas_customize_per_network":false},"categories":[8],"tags":[],"class_list":["post-167007","post","type-post","status-publish","format-standard","has-post-thumbnail","hentry","category-sociedad","generate-columns","tablet-grid-50","mobile-grid-100","grid-parent","grid-50"],"jetpack_publicize_connections":[],"jetpack_featured_media_url":"https:\/\/www.hoymercedes.com.ar\/principal\/wp-content\/uploads\/2023\/09\/tenis-de-mesa-1109.jpg","wps_subtitle":"","jetpack_sharing_enabled":true,"_links":{"self":[{"href":"https:\/\/www.hoymercedes.com.ar\/principal\/wp-json\/wp\/v2\/posts\/167007","targetHints":{"allow":["GET"]}}],"collection":[{"href":"https:\/\/www.hoymercedes.com.ar\/principal\/wp-json\/wp\/v2\/posts"}],"about":[{"href":"https:\/\/www.hoymercedes.com.ar\/principal\/wp-json\/wp\/v2\/types\/post"}],"author":[{"embeddable":true,"href":"https:\/\/www.hoymercedes.com.ar\/principal\/wp-json\/wp\/v2\/users\/1"}],"replies":[{"embeddable":true,"href":"https:\/\/www.hoymercedes.com.ar\/principal\/wp-json\/wp\/v2\/comments?post=167007"}],"version-history":[{"count":0,"href":"https:\/\/www.hoymercedes.com.ar\/principal\/wp-json\/wp\/v2\/posts\/167007\/revisions"}],"wp:featuredmedia":[{"embeddable":true,"href":"https:\/\/www.hoymercedes.com.ar\/principal\/wp-json\/wp\/v2\/media\/166980"}],"wp:attachment":[{"href":"https:\/\/www.hoymercedes.com.ar\/principal\/wp-json\/wp\/v2\/media?parent=167007"}],"wp:term":[{"taxonomy":"category","embeddable":true,"href":"https:\/\/www.hoymercedes.com.ar\/principal\/wp-json\/wp\/v2\/categories?post=167007"},{"taxonomy":"post_tag","embeddable":true,"href":"https:\/\/www.hoymercedes.com.ar\/principal\/wp-json\/wp\/v2\/tags?post=167007"}],"curies":[{"name":"wp","href":"https:\/\/api.w.org\/{rel}","templated":true}]}}