{"id":167030,"date":"2023-09-12T13:20:57","date_gmt":"2023-09-12T16:20:57","guid":{"rendered":"https:\/\/www.hoymercedes.com.ar\/principal\/?p=167030"},"modified":"2023-09-12T13:21:14","modified_gmt":"2023-09-12T16:21:14","slug":"homenaje-a-sarmiento-en-el-dia-del-maestro-2","status":"publish","type":"post","link":"https:\/\/www.hoymercedes.com.ar\/principal\/2023\/09\/12\/homenaje-a-sarmiento-en-el-dia-del-maestro-2\/","title":{"rendered":"Homenaje a Sarmiento en el D\u00eda del Maestro"},"content":{"rendered":"\n<p>En la ma\u00f1ana del 11 de septiembre, el Municipio de Mercedes y la Biblioteca Sarmiento llevaron adelante el acto protocolar por el D\u00eda del Maestro en los pies del monumento que recuerda a Domingo Faustino Sarmiento en la intersecci\u00f3n de 30 y 29. <\/p>\n\n\n\n<p>Se depositaron ofrendas florales en nombre de las dos instituciones y del Concejo Deliberante de Mercedes y del Consejo Escolar, as\u00ed como de Jefatura de Inspecci\u00f3n y de Sindicatos de Docentes. Adem\u00e1s, tomaron la palabra autoridades comunales, del Consejo y de la Biblioteca que lleva el nombre del educador homenajeado. <\/p>\n\n\n<div class=\"wp-block-image\">\n<figure class=\"aligncenter size-full\"><img loading=\"lazy\" decoding=\"async\" width=\"493\" height=\"532\" data-attachment-id=\"167031\" data-permalink=\"https:\/\/www.hoymercedes.com.ar\/principal\/2023\/09\/12\/homenaje-a-sarmiento-en-el-dia-del-maestro-2\/photo_5186331726597696406_y-copia\/#main\" data-orig-file=\"https:\/\/www.hoymercedes.com.ar\/principal\/wp-content\/uploads\/2023\/09\/photo_5186331726597696406_y-copia.jpg\" data-orig-size=\"493,532\" data-comments-opened=\"0\" data-image-meta=\"{&quot;aperture&quot;:&quot;0&quot;,&quot;credit&quot;:&quot;&quot;,&quot;camera&quot;:&quot;&quot;,&quot;caption&quot;:&quot;&quot;,&quot;created_timestamp&quot;:&quot;1694523568&quot;,&quot;copyright&quot;:&quot;&quot;,&quot;focal_length&quot;:&quot;0&quot;,&quot;iso&quot;:&quot;0&quot;,&quot;shutter_speed&quot;:&quot;0&quot;,&quot;title&quot;:&quot;&quot;,&quot;orientation&quot;:&quot;1&quot;}\" data-image-title=\"photo_5186331726597696406_y &amp;#8211; copia\" data-image-description=\"\" data-image-caption=\"\" data-large-file=\"https:\/\/www.hoymercedes.com.ar\/principal\/wp-content\/uploads\/2023\/09\/photo_5186331726597696406_y-copia.jpg\" src=\"https:\/\/www.hoymercedes.com.ar\/principal\/wp-content\/uploads\/2023\/09\/photo_5186331726597696406_y-copia.jpg\" alt=\"\" class=\"wp-image-167031\" srcset=\"https:\/\/www.hoymercedes.com.ar\/principal\/wp-content\/uploads\/2023\/09\/photo_5186331726597696406_y-copia.jpg 493w, https:\/\/www.hoymercedes.com.ar\/principal\/wp-content\/uploads\/2023\/09\/photo_5186331726597696406_y-copia-139x150.jpg 139w\" sizes=\"auto, (max-width: 493px) 100vw, 493px\" \/><\/figure>\n<\/div>","protected":false},"excerpt":{"rendered":"<p>En la ma\u00f1ana del 11 de septiembre, el Municipio de Mercedes y la Biblioteca Sarmiento llevaron adelante el acto protocolar &#8230; <a title=\"Homenaje a Sarmiento en el D\u00eda del Maestro\" class=\"read-more\" href=\"https:\/\/www.hoymercedes.com.ar\/principal\/2023\/09\/12\/homenaje-a-sarmiento-en-el-dia-del-maestro-2\/\" aria-label=\"Leer m\u00e1s sobre Homenaje a Sarmiento en el D\u00eda del Maestro\">Leer m\u00e1s<\/a><\/p>\n","protected":false},"author":1,"featured_media":167031,"comment_status":"closed","ping_status":"open","sticky":false,"template":"","format":"standard","meta":{"_monsterinsights_skip_tracking":false,"_monsterinsights_sitenote_active":false,"_monsterinsights_sitenote_note":"","_monsterinsights_sitenote_category":0,"jetpack_post_was_ever_published":false,"_jetpack_newsletter_access":"","_jetpack_dont_email_post_to_subs":false,"_jetpack_newsletter_tier_id":0,"_jetpack_memberships_contains_paywalled_content":false,"_jetpack_memberships_contains_paid_content":false,"footnotes":"","jetpack_publicize_message":"","jetpack_publicize_feature_enabled":true,"jetpack_social_post_already_shared":true,"jetpack_social_options":{"image_generator_settings":{"template":"highway","default_image_id":0,"font":"","enabled":false},"version":2},"_wpas_customize_per_network":false},"categories":[8],"tags":[47],"class_list":["post-167030","post","type-post","status-publish","format-standard","has-post-thumbnail","hentry","category-sociedad","tag-educacion-2","generate-columns","tablet-grid-50","mobile-grid-100","grid-parent","grid-50"],"jetpack_publicize_connections":[],"jetpack_featured_media_url":"https:\/\/www.hoymercedes.com.ar\/principal\/wp-content\/uploads\/2023\/09\/photo_5186331726597696406_y-copia.jpg","wps_subtitle":"","jetpack_sharing_enabled":true,"_links":{"self":[{"href":"https:\/\/www.hoymercedes.com.ar\/principal\/wp-json\/wp\/v2\/posts\/167030","targetHints":{"allow":["GET"]}}],"collection":[{"href":"https:\/\/www.hoymercedes.com.ar\/principal\/wp-json\/wp\/v2\/posts"}],"about":[{"href":"https:\/\/www.hoymercedes.com.ar\/principal\/wp-json\/wp\/v2\/types\/post"}],"author":[{"embeddable":true,"href":"https:\/\/www.hoymercedes.com.ar\/principal\/wp-json\/wp\/v2\/users\/1"}],"replies":[{"embeddable":true,"href":"https:\/\/www.hoymercedes.com.ar\/principal\/wp-json\/wp\/v2\/comments?post=167030"}],"version-history":[{"count":0,"href":"https:\/\/www.hoymercedes.com.ar\/principal\/wp-json\/wp\/v2\/posts\/167030\/revisions"}],"wp:featuredmedia":[{"embeddable":true,"href":"https:\/\/www.hoymercedes.com.ar\/principal\/wp-json\/wp\/v2\/media\/167031"}],"wp:attachment":[{"href":"https:\/\/www.hoymercedes.com.ar\/principal\/wp-json\/wp\/v2\/media?parent=167030"}],"wp:term":[{"taxonomy":"category","embeddable":true,"href":"https:\/\/www.hoymercedes.com.ar\/principal\/wp-json\/wp\/v2\/categories?post=167030"},{"taxonomy":"post_tag","embeddable":true,"href":"https:\/\/www.hoymercedes.com.ar\/principal\/wp-json\/wp\/v2\/tags?post=167030"}],"curies":[{"name":"wp","href":"https:\/\/api.w.org\/{rel}","templated":true}]}}