{"id":167040,"date":"2023-09-12T15:08:12","date_gmt":"2023-09-12T18:08:12","guid":{"rendered":"https:\/\/www.hoymercedes.com.ar\/principal\/?p=167040"},"modified":"2023-09-12T15:08:15","modified_gmt":"2023-09-12T18:08:15","slug":"salon-de-pintura-de-abogados-anuncian-200-mil-pesos-para-el-primer-premio","status":"publish","type":"post","link":"https:\/\/www.hoymercedes.com.ar\/principal\/2023\/09\/12\/salon-de-pintura-de-abogados-anuncian-200-mil-pesos-para-el-primer-premio\/","title":{"rendered":"Sal\u00f3n de Pintura de Abogados: anuncian 200 mil pesos para el primer premio"},"content":{"rendered":"\n<p>El Colegio de Abogados del Departamento Judicial Mercedes anunci\u00f3 el cronograma para la nueva edici\u00f3n del 38\u00b0 Sal\u00f3n de Pintura. En ese marco, destacan que el primer premio es de 200 mil pesos. La recepci\u00f3n de obras ser\u00e1 del 23 al 27 de octubre de 2023, mientras que la inauguraci\u00f3n de la exposici\u00f3n ser\u00e1 el 4 de noviembre. <\/p>\n\n\n\n<p>Tal lo anunciado por el Colegio de Abogados, el calendario del 38\u00b0 Sal\u00f3n de Pintura ser\u00e1: <br>&#8211; Recepci\u00f3n de Obras:\u00a0Del 23 al 27 de octubre de 2023, de 8:30 a 13:00 horas.<br>&#8211; Actuaci\u00f3n del Jurado:\u00a0S\u00e1bado, 28 de octubre de 2023.<br>&#8211; Inauguraci\u00f3n:\u00a0S\u00e1bado, 4 de noviembre de 2023, a las 19:00 horas.<br>&#8211; Exposici\u00f3n:\u00a0Del 6 al 10 de noviembre de 2023, de 8:30 a 13:30 horas.<\/p>\n\n\n\n<p>Los participantes tendr\u00e1n la oportunidad de presentar sus obras durante el per\u00edodo de recepci\u00f3n, en el horario establecido, en las instalaciones del Colegio de Abogados del Departamento Judicial de Mercedes.<\/p>\n\n\n\n<p>Asimismo, adelantaron cu\u00e1les ser\u00e1n los premios, siendo el primero de la compra de la pintura ganadora:<br>&#8211; Primer Premio:\u00a0Adquisici\u00f3n de $200.000 (doscientos mil pesos), Medalla y Diploma.<br>&#8211; Segundo Premio:\u00a0Medalla y Diploma.<br>&#8211; Tercer Premio:\u00a0Medalla y Diploma.<br>&#8211; Cuarto Premio:\u00a0Medalla y Diploma.<\/p>\n\n\n\n<p>El jurado tendr\u00e1 la facultad de otorgar menciones especiales a obras que destaquen por sus m\u00e9ritos. Es importante destacar que estas menciones no implicar\u00e1n un orden de prelaci\u00f3n.<\/p>\n\n\n\n<p>Para acceder al Reglamento completo del evento, le invitamos a visitar el siguiente enlace: <a rel=\"noreferrer noopener\" href=\"https:\/\/www.camercedes.org.ar\/wp-content\/uploads\/2023\/09\/REGLAMENTO-2023-SALON-DE-PINTURA-PDF.pdf\" target=\"_blank\">Descargar Reglamento<\/a><\/p>\n\n\n\n<p>Para obtener m\u00e1s informaci\u00f3n o aclarar cualquier duda, por favor, p\u00f3ngase en contacto con nosotros a trav\u00e9s del tel\u00e9fono 02324-426700, interno 315, o v\u00eda correo electr\u00f3nico a&nbsp;<a href=\"mailto:mesaentrada2@camercedes.org.ar\">mesaentrada2@camercedes.org.ar<\/a>.<\/p>\n\n\n<div class=\"wp-block-image\">\n<figure class=\"aligncenter size-full\"><img loading=\"lazy\" decoding=\"async\" width=\"800\" height=\"800\" data-attachment-id=\"167041\" data-permalink=\"https:\/\/www.hoymercedes.com.ar\/principal\/2023\/09\/12\/salon-de-pintura-de-abogados-anuncian-200-mil-pesos-para-el-primer-premio\/salon-abogados\/#main\" data-orig-file=\"https:\/\/www.hoymercedes.com.ar\/principal\/wp-content\/uploads\/2023\/09\/salon-abogados.jpg\" data-orig-size=\"800,800\" data-comments-opened=\"0\" data-image-meta=\"{&quot;aperture&quot;:&quot;0&quot;,&quot;credit&quot;:&quot;&quot;,&quot;camera&quot;:&quot;&quot;,&quot;caption&quot;:&quot;&quot;,&quot;created_timestamp&quot;:&quot;0&quot;,&quot;copyright&quot;:&quot;&quot;,&quot;focal_length&quot;:&quot;0&quot;,&quot;iso&quot;:&quot;0&quot;,&quot;shutter_speed&quot;:&quot;0&quot;,&quot;title&quot;:&quot;&quot;,&quot;orientation&quot;:&quot;0&quot;}\" data-image-title=\"salon abogados\" data-image-description=\"\" data-image-caption=\"\" data-large-file=\"https:\/\/www.hoymercedes.com.ar\/principal\/wp-content\/uploads\/2023\/09\/salon-abogados.jpg\" src=\"https:\/\/www.hoymercedes.com.ar\/principal\/wp-content\/uploads\/2023\/09\/salon-abogados.jpg\" alt=\"\" class=\"wp-image-167041\" srcset=\"https:\/\/www.hoymercedes.com.ar\/principal\/wp-content\/uploads\/2023\/09\/salon-abogados.jpg 800w, https:\/\/www.hoymercedes.com.ar\/principal\/wp-content\/uploads\/2023\/09\/salon-abogados-620x620.jpg 620w, https:\/\/www.hoymercedes.com.ar\/principal\/wp-content\/uploads\/2023\/09\/salon-abogados-150x150.jpg 150w\" sizes=\"auto, (max-width: 800px) 100vw, 800px\" \/><\/figure>\n<\/div>","protected":false},"excerpt":{"rendered":"<p>El Colegio de Abogados del Departamento Judicial Mercedes anunci\u00f3 el cronograma para la nueva edici\u00f3n del 38\u00b0 Sal\u00f3n de Pintura. &#8230; <a title=\"Sal\u00f3n de Pintura de Abogados: anuncian 200 mil pesos para el primer premio\" class=\"read-more\" href=\"https:\/\/www.hoymercedes.com.ar\/principal\/2023\/09\/12\/salon-de-pintura-de-abogados-anuncian-200-mil-pesos-para-el-primer-premio\/\" aria-label=\"Leer m\u00e1s sobre Sal\u00f3n de Pintura de Abogados: anuncian 200 mil pesos para el primer premio\">Leer m\u00e1s<\/a><\/p>\n","protected":false},"author":1,"featured_media":167041,"comment_status":"closed","ping_status":"open","sticky":false,"template":"","format":"standard","meta":{"_monsterinsights_skip_tracking":false,"_monsterinsights_sitenote_active":false,"_monsterinsights_sitenote_note":"","_monsterinsights_sitenote_category":0,"jetpack_post_was_ever_published":false,"_jetpack_newsletter_access":"","_jetpack_dont_email_post_to_subs":false,"_jetpack_newsletter_tier_id":0,"_jetpack_memberships_contains_paywalled_content":false,"_jetpack_memberships_contains_paid_content":false,"footnotes":"","jetpack_publicize_message":"","jetpack_publicize_feature_enabled":true,"jetpack_social_post_already_shared":true,"jetpack_social_options":{"image_generator_settings":{"template":"highway","default_image_id":0,"font":"","enabled":false},"version":2},"_wpas_customize_per_network":false},"categories":[104],"tags":[7805],"class_list":["post-167040","post","type-post","status-publish","format-standard","has-post-thumbnail","hentry","category-cultura","tag-cultura","generate-columns","tablet-grid-50","mobile-grid-100","grid-parent","grid-50"],"jetpack_publicize_connections":[],"jetpack_featured_media_url":"https:\/\/www.hoymercedes.com.ar\/principal\/wp-content\/uploads\/2023\/09\/salon-abogados.jpg","wps_subtitle":"","jetpack_sharing_enabled":true,"_links":{"self":[{"href":"https:\/\/www.hoymercedes.com.ar\/principal\/wp-json\/wp\/v2\/posts\/167040","targetHints":{"allow":["GET"]}}],"collection":[{"href":"https:\/\/www.hoymercedes.com.ar\/principal\/wp-json\/wp\/v2\/posts"}],"about":[{"href":"https:\/\/www.hoymercedes.com.ar\/principal\/wp-json\/wp\/v2\/types\/post"}],"author":[{"embeddable":true,"href":"https:\/\/www.hoymercedes.com.ar\/principal\/wp-json\/wp\/v2\/users\/1"}],"replies":[{"embeddable":true,"href":"https:\/\/www.hoymercedes.com.ar\/principal\/wp-json\/wp\/v2\/comments?post=167040"}],"version-history":[{"count":0,"href":"https:\/\/www.hoymercedes.com.ar\/principal\/wp-json\/wp\/v2\/posts\/167040\/revisions"}],"wp:featuredmedia":[{"embeddable":true,"href":"https:\/\/www.hoymercedes.com.ar\/principal\/wp-json\/wp\/v2\/media\/167041"}],"wp:attachment":[{"href":"https:\/\/www.hoymercedes.com.ar\/principal\/wp-json\/wp\/v2\/media?parent=167040"}],"wp:term":[{"taxonomy":"category","embeddable":true,"href":"https:\/\/www.hoymercedes.com.ar\/principal\/wp-json\/wp\/v2\/categories?post=167040"},{"taxonomy":"post_tag","embeddable":true,"href":"https:\/\/www.hoymercedes.com.ar\/principal\/wp-json\/wp\/v2\/tags?post=167040"}],"curies":[{"name":"wp","href":"https:\/\/api.w.org\/{rel}","templated":true}]}}