{"id":167046,"date":"2023-09-12T21:01:25","date_gmt":"2023-09-13T00:01:25","guid":{"rendered":"https:\/\/www.hoymercedes.com.ar\/principal\/?p=167046"},"modified":"2023-09-12T21:03:18","modified_gmt":"2023-09-13T00:03:18","slug":"ultimos-dias-para-enviar-obras-para-el-salon-de-fotografias","status":"publish","type":"post","link":"https:\/\/www.hoymercedes.com.ar\/principal\/2023\/09\/12\/ultimos-dias-para-enviar-obras-para-el-salon-de-fotografias\/","title":{"rendered":"\u00daltimos d\u00edas para enviar obras para el Sal\u00f3n de fotograf\u00edas"},"content":{"rendered":"\n<p>Desde el Museo de Arte \u00abMunicipalidad de Mercedes\u00bb (MAMM) anunciaron que extendieron el plazo para enviar las fotograf\u00edas digitales para participar del 14\u00b0 Sal\u00f3n Anual de Fotograf\u00eda de la ciudad. De acuerdo a lo informado, los interesados en participar pueden enviar al correo electr\u00f3nico del Museo la imagen en digital hasta el 14 de septiembre inclusive. <\/p>\n\n\n\n<p>Al d\u00eda siguiente, el Jurado realizar\u00e1 la preselecci\u00f3n de las im\u00e1genes que deber\u00e1 ser impresas luego y antes del 29 de septiembre, d\u00eda en el que el Jurado determinar\u00e1 los premiados y seleccionados para el Sal\u00f3n que se inaugurar\u00e1 el s\u00e1bado 30 de septiembre. <\/p>\n\n\n<div class=\"wp-block-image\">\n<figure class=\"aligncenter size-large\"><img loading=\"lazy\" decoding=\"async\" width=\"576\" height=\"1024\" data-attachment-id=\"167059\" data-permalink=\"https:\/\/www.hoymercedes.com.ar\/principal\/2023\/09\/12\/ultimos-dias-para-enviar-obras-para-el-salon-de-fotografias\/salon-foto\/#main\" data-orig-file=\"https:\/\/www.hoymercedes.com.ar\/principal\/wp-content\/uploads\/2023\/09\/salon-foto.jpg\" data-orig-size=\"1080,1920\" data-comments-opened=\"0\" data-image-meta=\"{&quot;aperture&quot;:&quot;0&quot;,&quot;credit&quot;:&quot;&quot;,&quot;camera&quot;:&quot;&quot;,&quot;caption&quot;:&quot;&quot;,&quot;created_timestamp&quot;:&quot;0&quot;,&quot;copyright&quot;:&quot;&quot;,&quot;focal_length&quot;:&quot;0&quot;,&quot;iso&quot;:&quot;0&quot;,&quot;shutter_speed&quot;:&quot;0&quot;,&quot;title&quot;:&quot;&quot;,&quot;orientation&quot;:&quot;0&quot;}\" data-image-title=\"salon foto\" data-image-description=\"\" data-image-caption=\"\" data-large-file=\"https:\/\/www.hoymercedes.com.ar\/principal\/wp-content\/uploads\/2023\/09\/salon-foto-576x1024.jpg\" src=\"https:\/\/www.hoymercedes.com.ar\/principal\/wp-content\/uploads\/2023\/09\/salon-foto-576x1024.jpg\" alt=\"\" class=\"wp-image-167059\" srcset=\"https:\/\/www.hoymercedes.com.ar\/principal\/wp-content\/uploads\/2023\/09\/salon-foto-576x1024.jpg 576w, https:\/\/www.hoymercedes.com.ar\/principal\/wp-content\/uploads\/2023\/09\/salon-foto-349x620.jpg 349w, https:\/\/www.hoymercedes.com.ar\/principal\/wp-content\/uploads\/2023\/09\/salon-foto-84x150.jpg 84w, https:\/\/www.hoymercedes.com.ar\/principal\/wp-content\/uploads\/2023\/09\/salon-foto-864x1536.jpg 864w, https:\/\/www.hoymercedes.com.ar\/principal\/wp-content\/uploads\/2023\/09\/salon-foto.jpg 1080w\" sizes=\"auto, (max-width: 576px) 100vw, 576px\" \/><\/figure>\n<\/div>","protected":false},"excerpt":{"rendered":"<p>Desde el Museo de Arte \u00abMunicipalidad de Mercedes\u00bb (MAMM) anunciaron que extendieron el plazo para enviar las fotograf\u00edas digitales para &#8230; <a title=\"\u00daltimos d\u00edas para enviar obras para el Sal\u00f3n de fotograf\u00edas\" class=\"read-more\" href=\"https:\/\/www.hoymercedes.com.ar\/principal\/2023\/09\/12\/ultimos-dias-para-enviar-obras-para-el-salon-de-fotografias\/\" aria-label=\"Leer m\u00e1s sobre \u00daltimos d\u00edas para enviar obras para el Sal\u00f3n de fotograf\u00edas\">Leer m\u00e1s<\/a><\/p>\n","protected":false},"author":1,"featured_media":167059,"comment_status":"closed","ping_status":"open","sticky":false,"template":"","format":"standard","meta":{"_monsterinsights_skip_tracking":false,"_monsterinsights_sitenote_active":false,"_monsterinsights_sitenote_note":"","_monsterinsights_sitenote_category":0,"jetpack_post_was_ever_published":false,"_jetpack_newsletter_access":"","_jetpack_dont_email_post_to_subs":false,"_jetpack_newsletter_tier_id":0,"_jetpack_memberships_contains_paywalled_content":false,"_jetpack_memberships_contains_paid_content":false,"footnotes":"","jetpack_publicize_message":"","jetpack_publicize_feature_enabled":true,"jetpack_social_post_already_shared":true,"jetpack_social_options":{"image_generator_settings":{"template":"highway","default_image_id":0,"font":"","enabled":false},"version":2},"_wpas_customize_per_network":false},"categories":[104],"tags":[7805],"class_list":["post-167046","post","type-post","status-publish","format-standard","has-post-thumbnail","hentry","category-cultura","tag-cultura","generate-columns","tablet-grid-50","mobile-grid-100","grid-parent","grid-50"],"jetpack_publicize_connections":[],"jetpack_featured_media_url":"https:\/\/www.hoymercedes.com.ar\/principal\/wp-content\/uploads\/2023\/09\/salon-foto.jpg","wps_subtitle":"","jetpack_sharing_enabled":true,"_links":{"self":[{"href":"https:\/\/www.hoymercedes.com.ar\/principal\/wp-json\/wp\/v2\/posts\/167046","targetHints":{"allow":["GET"]}}],"collection":[{"href":"https:\/\/www.hoymercedes.com.ar\/principal\/wp-json\/wp\/v2\/posts"}],"about":[{"href":"https:\/\/www.hoymercedes.com.ar\/principal\/wp-json\/wp\/v2\/types\/post"}],"author":[{"embeddable":true,"href":"https:\/\/www.hoymercedes.com.ar\/principal\/wp-json\/wp\/v2\/users\/1"}],"replies":[{"embeddable":true,"href":"https:\/\/www.hoymercedes.com.ar\/principal\/wp-json\/wp\/v2\/comments?post=167046"}],"version-history":[{"count":0,"href":"https:\/\/www.hoymercedes.com.ar\/principal\/wp-json\/wp\/v2\/posts\/167046\/revisions"}],"wp:featuredmedia":[{"embeddable":true,"href":"https:\/\/www.hoymercedes.com.ar\/principal\/wp-json\/wp\/v2\/media\/167059"}],"wp:attachment":[{"href":"https:\/\/www.hoymercedes.com.ar\/principal\/wp-json\/wp\/v2\/media?parent=167046"}],"wp:term":[{"taxonomy":"category","embeddable":true,"href":"https:\/\/www.hoymercedes.com.ar\/principal\/wp-json\/wp\/v2\/categories?post=167046"},{"taxonomy":"post_tag","embeddable":true,"href":"https:\/\/www.hoymercedes.com.ar\/principal\/wp-json\/wp\/v2\/tags?post=167046"}],"curies":[{"name":"wp","href":"https:\/\/api.w.org\/{rel}","templated":true}]}}