{"id":167093,"date":"2023-09-13T22:30:00","date_gmt":"2023-09-14T01:30:00","guid":{"rendered":"https:\/\/www.hoymercedes.com.ar\/principal\/?p=167093"},"modified":"2023-09-13T22:20:14","modified_gmt":"2023-09-14T01:20:14","slug":"homenaje-al-dr-cardenas-y-sentido-encuentro-frente-al-hospital","status":"publish","type":"post","link":"https:\/\/www.hoymercedes.com.ar\/principal\/2023\/09\/13\/homenaje-al-dr-cardenas-y-sentido-encuentro-frente-al-hospital\/","title":{"rendered":"Homenaje al Dr C\u00e1rdenas y sentido encuentro frente al Hospital"},"content":{"rendered":"\n<figure class=\"wp-block-image size-large\"><img loading=\"lazy\" decoding=\"async\" width=\"1024\" height=\"576\" data-attachment-id=\"167094\" data-permalink=\"https:\/\/www.hoymercedes.com.ar\/principal\/2023\/09\/13\/homenaje-al-dr-cardenas-y-sentido-encuentro-frente-al-hospital\/b-1-2\/#main\" data-orig-file=\"https:\/\/www.hoymercedes.com.ar\/principal\/wp-content\/uploads\/2023\/09\/b-1.jpeg\" data-orig-size=\"1599,899\" data-comments-opened=\"0\" data-image-meta=\"{&quot;aperture&quot;:&quot;0&quot;,&quot;credit&quot;:&quot;&quot;,&quot;camera&quot;:&quot;&quot;,&quot;caption&quot;:&quot;&quot;,&quot;created_timestamp&quot;:&quot;0&quot;,&quot;copyright&quot;:&quot;&quot;,&quot;focal_length&quot;:&quot;0&quot;,&quot;iso&quot;:&quot;0&quot;,&quot;shutter_speed&quot;:&quot;0&quot;,&quot;title&quot;:&quot;&quot;,&quot;orientation&quot;:&quot;0&quot;}\" data-image-title=\"b-1\" data-image-description=\"\" data-image-caption=\"\" data-large-file=\"https:\/\/www.hoymercedes.com.ar\/principal\/wp-content\/uploads\/2023\/09\/b-1-1024x576.jpeg\" src=\"https:\/\/www.hoymercedes.com.ar\/principal\/wp-content\/uploads\/2023\/09\/b-1-1024x576.jpeg\" alt=\"\" class=\"wp-image-167094\" srcset=\"https:\/\/www.hoymercedes.com.ar\/principal\/wp-content\/uploads\/2023\/09\/b-1-1024x576.jpeg 1024w, https:\/\/www.hoymercedes.com.ar\/principal\/wp-content\/uploads\/2023\/09\/b-1-630x354.jpeg 630w, https:\/\/www.hoymercedes.com.ar\/principal\/wp-content\/uploads\/2023\/09\/b-1-150x84.jpeg 150w, https:\/\/www.hoymercedes.com.ar\/principal\/wp-content\/uploads\/2023\/09\/b-1-1536x864.jpeg 1536w, https:\/\/www.hoymercedes.com.ar\/principal\/wp-content\/uploads\/2023\/09\/b-1.jpeg 1599w\" sizes=\"auto, (max-width: 1024px) 100vw, 1024px\" \/><\/figure>\n\n\n\n<p>Se llev\u00f3 adelante un sentido encuentro en reconocimiento y homenaje del Dr. Hern\u00e1n C\u00e1rdenas, quien falleciera a principios de a\u00f1o. Durante muchos a\u00f1os trabaj\u00f3 y desarroll\u00f3 actividades profesionales en el Hospital Dubarry, donde primero intervino como radi\u00f3logo y luego como ginec\u00f3logo. Su reconocida trayectoria convoc\u00f3 a familiares, amigos y profesionales a la colocaci\u00f3n de un roble en Plaza Belgrano en su memoria.<\/p>\n\n\n\n<p>Estudio medicina y se preocup\u00f3 por formarse con excelencia con el fin de volver a su pueblo y as\u00ed lo hizo para trabajar y formar su familia, cuyas ra\u00edces se remontan a los inicios de esta poblaci\u00f3n, all\u00e1 por 1770, a\u00fan Guardia de Lux\u00e1n.<\/p>\n\n\n\n<p>Ingreso al Hospital Blas Dubarry como radi\u00f3logo ya que no hab\u00eda vacantes en Ginecolog\u00eda y Obstetricia que era su especialidad, aunque quedaba a cargo de dicho servicio si era necesario. Con el tiempo deja dicha tarea para convertirse en perito del Tribunal de Menores, adem\u00e1s de intervenir profesionalmente en ciudades de la regi\u00f3n.<\/p>\n\n\n\n<p>Aun se destaca que su capacidad y conocimiento le permiti\u00f3 inventar una t\u00e9cnica para repearmebilizar las trompas de Falopio y de este modo muchas mujeres lograr ser madres.<\/p>\n\n\n\n<p>Con o sin obra social, en sus 40 a\u00f1os de servicios m\u00e9dicos siempre atenci\u00f3n, siendo adem\u00e1s integrante de distintas acciones solidarias vinculadas al cuidado de la salud.<\/p>\n\n\n\n<p>El Dr. C\u00e1rdenas muri\u00f3 en el Hospital Blas Dubarry el 13 de enero de este a\u00f1o, a poco de cumplir 90.<\/p>\n\n\n\n<figure class=\"wp-block-image size-large\"><img loading=\"lazy\" decoding=\"async\" width=\"1024\" height=\"576\" data-attachment-id=\"167095\" data-permalink=\"https:\/\/www.hoymercedes.com.ar\/principal\/2023\/09\/13\/homenaje-al-dr-cardenas-y-sentido-encuentro-frente-al-hospital\/b-3-2\/#main\" data-orig-file=\"https:\/\/www.hoymercedes.com.ar\/principal\/wp-content\/uploads\/2023\/09\/b-3.jpeg\" data-orig-size=\"1280,720\" data-comments-opened=\"0\" data-image-meta=\"{&quot;aperture&quot;:&quot;0&quot;,&quot;credit&quot;:&quot;&quot;,&quot;camera&quot;:&quot;&quot;,&quot;caption&quot;:&quot;&quot;,&quot;created_timestamp&quot;:&quot;0&quot;,&quot;copyright&quot;:&quot;&quot;,&quot;focal_length&quot;:&quot;0&quot;,&quot;iso&quot;:&quot;0&quot;,&quot;shutter_speed&quot;:&quot;0&quot;,&quot;title&quot;:&quot;&quot;,&quot;orientation&quot;:&quot;0&quot;}\" data-image-title=\"b-3\" data-image-description=\"\" data-image-caption=\"\" data-large-file=\"https:\/\/www.hoymercedes.com.ar\/principal\/wp-content\/uploads\/2023\/09\/b-3-1024x576.jpeg\" src=\"https:\/\/www.hoymercedes.com.ar\/principal\/wp-content\/uploads\/2023\/09\/b-3-1024x576.jpeg\" alt=\"\" class=\"wp-image-167095\" srcset=\"https:\/\/www.hoymercedes.com.ar\/principal\/wp-content\/uploads\/2023\/09\/b-3-1024x576.jpeg 1024w, https:\/\/www.hoymercedes.com.ar\/principal\/wp-content\/uploads\/2023\/09\/b-3-630x354.jpeg 630w, https:\/\/www.hoymercedes.com.ar\/principal\/wp-content\/uploads\/2023\/09\/b-3-150x84.jpeg 150w, https:\/\/www.hoymercedes.com.ar\/principal\/wp-content\/uploads\/2023\/09\/b-3.jpeg 1280w\" sizes=\"auto, (max-width: 1024px) 100vw, 1024px\" \/><\/figure>\n\n\n\n<p>Esta semana, familiares y amigos, se encontraron frente al Hospital Dubarry, donde tanto vinculo tuvo, y su recuerdo afectivo sigue latente, para plantar un roble que fue donado por la familia, siendo con doble objetivo. Por un lado reponer que supo existir en dicho espacio p\u00fablico y colocar el nuevo en memoria del querido y reconocido profesional. Participaron tambi\u00e9n del encuentro asistiendo las \u00e1reas de Servicios P\u00fablicos y Direcci\u00f3n de Espacios Verdes municipal.<\/p>\n","protected":false},"excerpt":{"rendered":"<p>Se llev\u00f3 adelante un sentido encuentro en reconocimiento y homenaje del Dr. Hern\u00e1n C\u00e1rdenas, quien falleciera a principios de a\u00f1o. &#8230; <a title=\"Homenaje al Dr C\u00e1rdenas y sentido encuentro frente al Hospital\" class=\"read-more\" href=\"https:\/\/www.hoymercedes.com.ar\/principal\/2023\/09\/13\/homenaje-al-dr-cardenas-y-sentido-encuentro-frente-al-hospital\/\" aria-label=\"Leer m\u00e1s sobre Homenaje al Dr C\u00e1rdenas y sentido encuentro frente al Hospital\">Leer m\u00e1s<\/a><\/p>\n","protected":false},"author":1,"featured_media":167094,"comment_status":"closed","ping_status":"open","sticky":false,"template":"","format":"standard","meta":{"_monsterinsights_skip_tracking":false,"_monsterinsights_sitenote_active":false,"_monsterinsights_sitenote_note":"","_monsterinsights_sitenote_category":0,"jetpack_post_was_ever_published":false,"_jetpack_newsletter_access":"","_jetpack_dont_email_post_to_subs":false,"_jetpack_newsletter_tier_id":0,"_jetpack_memberships_contains_paywalled_content":false,"_jetpack_memberships_contains_paid_content":false,"footnotes":"","jetpack_publicize_message":"","jetpack_publicize_feature_enabled":true,"jetpack_social_post_already_shared":true,"jetpack_social_options":{"image_generator_settings":{"template":"highway","default_image_id":0,"font":"","enabled":false},"version":2},"_wpas_customize_per_network":false},"categories":[8],"tags":[],"class_list":["post-167093","post","type-post","status-publish","format-standard","has-post-thumbnail","hentry","category-sociedad","generate-columns","tablet-grid-50","mobile-grid-100","grid-parent","grid-50"],"jetpack_publicize_connections":[],"jetpack_featured_media_url":"https:\/\/www.hoymercedes.com.ar\/principal\/wp-content\/uploads\/2023\/09\/b-1.jpeg","wps_subtitle":"Memoria y homenajes","jetpack_sharing_enabled":true,"_links":{"self":[{"href":"https:\/\/www.hoymercedes.com.ar\/principal\/wp-json\/wp\/v2\/posts\/167093","targetHints":{"allow":["GET"]}}],"collection":[{"href":"https:\/\/www.hoymercedes.com.ar\/principal\/wp-json\/wp\/v2\/posts"}],"about":[{"href":"https:\/\/www.hoymercedes.com.ar\/principal\/wp-json\/wp\/v2\/types\/post"}],"author":[{"embeddable":true,"href":"https:\/\/www.hoymercedes.com.ar\/principal\/wp-json\/wp\/v2\/users\/1"}],"replies":[{"embeddable":true,"href":"https:\/\/www.hoymercedes.com.ar\/principal\/wp-json\/wp\/v2\/comments?post=167093"}],"version-history":[{"count":0,"href":"https:\/\/www.hoymercedes.com.ar\/principal\/wp-json\/wp\/v2\/posts\/167093\/revisions"}],"wp:featuredmedia":[{"embeddable":true,"href":"https:\/\/www.hoymercedes.com.ar\/principal\/wp-json\/wp\/v2\/media\/167094"}],"wp:attachment":[{"href":"https:\/\/www.hoymercedes.com.ar\/principal\/wp-json\/wp\/v2\/media?parent=167093"}],"wp:term":[{"taxonomy":"category","embeddable":true,"href":"https:\/\/www.hoymercedes.com.ar\/principal\/wp-json\/wp\/v2\/categories?post=167093"},{"taxonomy":"post_tag","embeddable":true,"href":"https:\/\/www.hoymercedes.com.ar\/principal\/wp-json\/wp\/v2\/tags?post=167093"}],"curies":[{"name":"wp","href":"https:\/\/api.w.org\/{rel}","templated":true}]}}