{"id":167119,"date":"2023-09-14T18:45:00","date_gmt":"2023-09-14T21:45:00","guid":{"rendered":"https:\/\/www.hoymercedes.com.ar\/principal\/?p=167119"},"modified":"2023-09-14T17:58:25","modified_gmt":"2023-09-14T20:58:25","slug":"ustarroz-recibio-2-nuevas-ambulancias-entregadas-por-provincia-para-mercedes","status":"publish","type":"post","link":"https:\/\/www.hoymercedes.com.ar\/principal\/2023\/09\/14\/ustarroz-recibio-2-nuevas-ambulancias-entregadas-por-provincia-para-mercedes\/","title":{"rendered":"Ustarroz recibi\u00f3 2 nuevas ambulancias entregadas por Provincia para Mercedes"},"content":{"rendered":"\n<figure class=\"wp-block-image size-large\"><img loading=\"lazy\" decoding=\"async\" width=\"1024\" height=\"682\" data-attachment-id=\"167120\" data-permalink=\"https:\/\/www.hoymercedes.com.ar\/principal\/2023\/09\/14\/ustarroz-recibio-2-nuevas-ambulancias-entregadas-por-provincia-para-mercedes\/0h0a6867\/#main\" data-orig-file=\"https:\/\/www.hoymercedes.com.ar\/principal\/wp-content\/uploads\/2023\/09\/0H0A6867.jpg\" data-orig-size=\"1319,879\" data-comments-opened=\"0\" data-image-meta=\"{&quot;aperture&quot;:&quot;0&quot;,&quot;credit&quot;:&quot;&quot;,&quot;camera&quot;:&quot;&quot;,&quot;caption&quot;:&quot;&quot;,&quot;created_timestamp&quot;:&quot;0&quot;,&quot;copyright&quot;:&quot;&quot;,&quot;focal_length&quot;:&quot;0&quot;,&quot;iso&quot;:&quot;0&quot;,&quot;shutter_speed&quot;:&quot;0&quot;,&quot;title&quot;:&quot;&quot;,&quot;orientation&quot;:&quot;0&quot;}\" data-image-title=\"ambulancias mercedes\" data-image-description=\"\" data-image-caption=\"&lt;p&gt;Ustarroz recibe nuevas ambulancias&lt;\/p&gt;\n\" data-large-file=\"https:\/\/www.hoymercedes.com.ar\/principal\/wp-content\/uploads\/2023\/09\/0H0A6867-1024x682.jpg\" src=\"https:\/\/www.hoymercedes.com.ar\/principal\/wp-content\/uploads\/2023\/09\/0H0A6867-1024x682.jpg\" alt=\"\" class=\"wp-image-167120\" srcset=\"https:\/\/www.hoymercedes.com.ar\/principal\/wp-content\/uploads\/2023\/09\/0H0A6867-1024x682.jpg 1024w, https:\/\/www.hoymercedes.com.ar\/principal\/wp-content\/uploads\/2023\/09\/0H0A6867-630x420.jpg 630w, https:\/\/www.hoymercedes.com.ar\/principal\/wp-content\/uploads\/2023\/09\/0H0A6867-150x100.jpg 150w, https:\/\/www.hoymercedes.com.ar\/principal\/wp-content\/uploads\/2023\/09\/0H0A6867-700x465.jpg 700w, https:\/\/www.hoymercedes.com.ar\/principal\/wp-content\/uploads\/2023\/09\/0H0A6867.jpg 1319w\" sizes=\"auto, (max-width: 1024px) 100vw, 1024px\" \/><\/figure>\n\n\n\n<p><\/p>\n\n\n\n<p>El intendente Juani Ustarroz recibi\u00f3 de manos del ministro de salud, Nicol\u00e1s Kreplak, dos nuevas ambulancias para el sistema de salud mercedino. Las dos unidades se suman a la recibida recientemente. Estuvo presente tambi\u00e9n el director del hospital, Walter Crema, el equipo de salud municipal y personal de salud del Dubarry. Se trata de dispositivos de alta complejidad.<\/p>\n\n\n\n<p><strong>Importancia<\/strong><\/p>\n\n\n\n<p>\u201cComo ciudad es muy importante. Estamos sumando dos nuevas ambulancias, y recordemos que hace muy poco tiempo ya nos hab\u00edan entregado una\u201d coment\u00f3 el intendente Dr. Juan I. Ustarroz y mencion\u00f3 que \u201csiempre las intervenciones en materia de salud son muy buenas noticias y en este caso con nueva infraestructura\u201d manifest\u00f3 y recalc\u00f3 que \u201ccontamos con un gran y continuo apoyo por parte del ministro Kreplak, implementando las pol\u00edticas de cuidado de las y los vecinos impulsadas por nuestro gobernador Axel Kicillof\u201d sostuvo.<\/p>\n\n\n\n<figure class=\"wp-block-image size-large\"><img loading=\"lazy\" decoding=\"async\" width=\"1024\" height=\"682\" data-attachment-id=\"167121\" data-permalink=\"https:\/\/www.hoymercedes.com.ar\/principal\/2023\/09\/14\/ustarroz-recibio-2-nuevas-ambulancias-entregadas-por-provincia-para-mercedes\/0h0a6914\/#main\" data-orig-file=\"https:\/\/www.hoymercedes.com.ar\/principal\/wp-content\/uploads\/2023\/09\/0H0A6914.jpg\" data-orig-size=\"1319,879\" data-comments-opened=\"0\" data-image-meta=\"{&quot;aperture&quot;:&quot;0&quot;,&quot;credit&quot;:&quot;&quot;,&quot;camera&quot;:&quot;&quot;,&quot;caption&quot;:&quot;&quot;,&quot;created_timestamp&quot;:&quot;0&quot;,&quot;copyright&quot;:&quot;&quot;,&quot;focal_length&quot;:&quot;0&quot;,&quot;iso&quot;:&quot;0&quot;,&quot;shutter_speed&quot;:&quot;0&quot;,&quot;title&quot;:&quot;&quot;,&quot;orientation&quot;:&quot;0&quot;}\" data-image-title=\"Ustarroz recibe nuevas ambulancias\" data-image-description=\"\" data-image-caption=\"&lt;p&gt;Ustarroz recibe nuevas ambulancias&lt;\/p&gt;\n\" data-large-file=\"https:\/\/www.hoymercedes.com.ar\/principal\/wp-content\/uploads\/2023\/09\/0H0A6914-1024x682.jpg\" src=\"https:\/\/www.hoymercedes.com.ar\/principal\/wp-content\/uploads\/2023\/09\/0H0A6914-1024x682.jpg\" alt=\"\" class=\"wp-image-167121\" srcset=\"https:\/\/www.hoymercedes.com.ar\/principal\/wp-content\/uploads\/2023\/09\/0H0A6914-1024x682.jpg 1024w, https:\/\/www.hoymercedes.com.ar\/principal\/wp-content\/uploads\/2023\/09\/0H0A6914-630x420.jpg 630w, https:\/\/www.hoymercedes.com.ar\/principal\/wp-content\/uploads\/2023\/09\/0H0A6914-150x100.jpg 150w, https:\/\/www.hoymercedes.com.ar\/principal\/wp-content\/uploads\/2023\/09\/0H0A6914-700x465.jpg 700w, https:\/\/www.hoymercedes.com.ar\/principal\/wp-content\/uploads\/2023\/09\/0H0A6914.jpg 1319w\" sizes=\"auto, (max-width: 1024px) 100vw, 1024px\" \/><\/figure>\n\n\n\n<p><strong>Acompa\u00f1amiento<\/strong><\/p>\n\n\n\n<p>Mencion\u00f3 que \u201cqueremos tambi\u00e9n agradecer al ministro \u201cWado\u201d de Pedro siempre apoyando gestiones y pol\u00edticas de Estado para el beneficio de las y los mercedinos\u201d, narr\u00f3 para destacar que \u201choy vemos que el hospital, como la secretar\u00eda de salud de la municipalidad, junto al ministerio, trabajan unidos, con planificaci\u00f3n y criterios en post del cuidado de la salud, pero tambi\u00e9n junto a los privados, creando un sistema \u00fanico que es muy valioso para nuestro pueblo\u201d remarcando antes de finalizar que \u201ces fundamental agradecer y recalcar el compromiso y vocaci\u00f3n de cada trabajador y trabajadora de todo el sistema de salud\u201d.<\/p>\n\n\n\n<figure class=\"wp-block-image size-large\"><img loading=\"lazy\" decoding=\"async\" width=\"1024\" height=\"682\" data-attachment-id=\"167122\" data-permalink=\"https:\/\/www.hoymercedes.com.ar\/principal\/2023\/09\/14\/ustarroz-recibio-2-nuevas-ambulancias-entregadas-por-provincia-para-mercedes\/0h0a6840\/#main\" data-orig-file=\"https:\/\/www.hoymercedes.com.ar\/principal\/wp-content\/uploads\/2023\/09\/0H0A6840.jpg\" data-orig-size=\"1319,879\" data-comments-opened=\"0\" data-image-meta=\"{&quot;aperture&quot;:&quot;0&quot;,&quot;credit&quot;:&quot;&quot;,&quot;camera&quot;:&quot;&quot;,&quot;caption&quot;:&quot;&quot;,&quot;created_timestamp&quot;:&quot;0&quot;,&quot;copyright&quot;:&quot;&quot;,&quot;focal_length&quot;:&quot;0&quot;,&quot;iso&quot;:&quot;0&quot;,&quot;shutter_speed&quot;:&quot;0&quot;,&quot;title&quot;:&quot;&quot;,&quot;orientation&quot;:&quot;0&quot;}\" data-image-title=\"Ustarroz recibe nuevas ambulancias\" data-image-description=\"\" data-image-caption=\"&lt;p&gt;Ustarroz recibe nuevas ambulancias&lt;\/p&gt;\n\" data-large-file=\"https:\/\/www.hoymercedes.com.ar\/principal\/wp-content\/uploads\/2023\/09\/0H0A6840-1024x682.jpg\" src=\"https:\/\/www.hoymercedes.com.ar\/principal\/wp-content\/uploads\/2023\/09\/0H0A6840-1024x682.jpg\" alt=\"\" class=\"wp-image-167122\" srcset=\"https:\/\/www.hoymercedes.com.ar\/principal\/wp-content\/uploads\/2023\/09\/0H0A6840-1024x682.jpg 1024w, https:\/\/www.hoymercedes.com.ar\/principal\/wp-content\/uploads\/2023\/09\/0H0A6840-630x420.jpg 630w, https:\/\/www.hoymercedes.com.ar\/principal\/wp-content\/uploads\/2023\/09\/0H0A6840-150x100.jpg 150w, https:\/\/www.hoymercedes.com.ar\/principal\/wp-content\/uploads\/2023\/09\/0H0A6840-700x465.jpg 700w, https:\/\/www.hoymercedes.com.ar\/principal\/wp-content\/uploads\/2023\/09\/0H0A6840.jpg 1319w\" sizes=\"auto, (max-width: 1024px) 100vw, 1024px\" \/><\/figure>\n\n\n\n<p><strong>Ministro<\/strong><\/p>\n\n\n\n<p>El ministro de Salud de la Provincia, Dr. Nicol\u00e1s Kreplak, mencion\u00f3 que \u201cMercedes es una ciudad muy linda y que tiene un trabajo que a m\u00ed me gusta mucho porque es, primero, con fuerte mirada municipal de la salud. Que es para poder trabajar en atenci\u00f3n primaria de la salud, que es la estrategia que nosotros entendemos como la m\u00e1s correcta\u201d dijo el funcionario.<\/p>\n\n\n\n<p>M\u00e1s adelante coment\u00f3 que como en Mercedes \u201chay que trabajar desde las comunidades, desde los barrios y para eso los municipios son muy importantes. El intendente viene ya hace mucho tiempo, incluso antes de que nos toque a nosotros comenzar con la gesti\u00f3n en la provincia, trabajando muy fuertemente en la salud\u201d manifest\u00f3.<\/p>\n\n\n\n<p><strong>Provincia<\/strong><\/p>\n\n\n\n<p>El ministro tambi\u00e9n destac\u00f3 que \u201ccon el impulso que el gobernador le pone acompa\u00f1ando a la gesti\u00f3n municipal, eso crece mucho m\u00e1s y sobre todo la articulaci\u00f3n entre el hospital y el primer nivel\u201d coment\u00f3 sobre el trabajo aunado entre Municipio, Hospital y Provincia.<\/p>\n\n\n\n<p>Destac\u00f3 que \u201ceso se ve todos los d\u00edas y yo bueno, estoy muy contento porque el hospital crece todo el tiempo y ser\u00eda imposible si no fuera porque sabemos que localmente est\u00e1, no s\u00f3lo el intendente, sino todo el equipo de salud local que acompa\u00f1a y apuntala al trabajo que hacemos de la provincia en el hospital. Entonces es uno de esos hechos de trabajo sin\u00e9rgico que lo que termina redundando es en mejor calidad de vida para la ciudadan\u00eda\u201d sostuvo.<\/p>\n\n\n\n<figure class=\"wp-block-image size-large\"><img loading=\"lazy\" decoding=\"async\" width=\"1024\" height=\"682\" data-attachment-id=\"167123\" data-permalink=\"https:\/\/www.hoymercedes.com.ar\/principal\/2023\/09\/14\/ustarroz-recibio-2-nuevas-ambulancias-entregadas-por-provincia-para-mercedes\/0h0a6859\/#main\" data-orig-file=\"https:\/\/www.hoymercedes.com.ar\/principal\/wp-content\/uploads\/2023\/09\/0H0A6859.jpg\" data-orig-size=\"1319,879\" data-comments-opened=\"0\" data-image-meta=\"{&quot;aperture&quot;:&quot;0&quot;,&quot;credit&quot;:&quot;&quot;,&quot;camera&quot;:&quot;&quot;,&quot;caption&quot;:&quot;&quot;,&quot;created_timestamp&quot;:&quot;0&quot;,&quot;copyright&quot;:&quot;&quot;,&quot;focal_length&quot;:&quot;0&quot;,&quot;iso&quot;:&quot;0&quot;,&quot;shutter_speed&quot;:&quot;0&quot;,&quot;title&quot;:&quot;&quot;,&quot;orientation&quot;:&quot;0&quot;}\" data-image-title=\"Ustarroz recibe nuevas ambulancias\" data-image-description=\"\" data-image-caption=\"&lt;p&gt;Ustarroz recibe nuevas ambulancias&lt;\/p&gt;\n\" data-large-file=\"https:\/\/www.hoymercedes.com.ar\/principal\/wp-content\/uploads\/2023\/09\/0H0A6859-1024x682.jpg\" src=\"https:\/\/www.hoymercedes.com.ar\/principal\/wp-content\/uploads\/2023\/09\/0H0A6859-1024x682.jpg\" alt=\"\" class=\"wp-image-167123\" srcset=\"https:\/\/www.hoymercedes.com.ar\/principal\/wp-content\/uploads\/2023\/09\/0H0A6859-1024x682.jpg 1024w, https:\/\/www.hoymercedes.com.ar\/principal\/wp-content\/uploads\/2023\/09\/0H0A6859-630x420.jpg 630w, https:\/\/www.hoymercedes.com.ar\/principal\/wp-content\/uploads\/2023\/09\/0H0A6859-150x100.jpg 150w, https:\/\/www.hoymercedes.com.ar\/principal\/wp-content\/uploads\/2023\/09\/0H0A6859-700x465.jpg 700w, https:\/\/www.hoymercedes.com.ar\/principal\/wp-content\/uploads\/2023\/09\/0H0A6859.jpg 1319w\" sizes=\"auto, (max-width: 1024px) 100vw, 1024px\" \/><\/figure>\n\n\n\n<p><strong>Hospital<\/strong><\/p>\n\n\n\n<p>Afirm\u00f3 que sobre el nosocomio local que \u201ccada vez tiene m\u00e1s renombre y a los que trabajamos en salud, cuando uno est\u00e1 en un lugar y va teniendo m\u00e1s renombre, te empieza a dar un orgullo, te empieza a dar ganas de venir a hacer la residencia, es un lugar lindo para vivir tambi\u00e9n, as\u00ed que la verdad que estamos muy contentos\u201d narr\u00f3 Kreplak.<\/p>\n\n\n\n<p><strong>Ambulancias<\/strong><\/p>\n\n\n\n<p>\u201cHoy traemos dos ambulancias m\u00e1s, son las ambulancias que entrega la provincia a Buenos Aires. Son tan complejidad\u201d dijo.<\/p>\n\n\n\n<p>Las unidades ser\u00e1n destinadas una para el nosocomio local y la otra para la secretar\u00eda de salud a cargo del Dr N\u00e9stor Pisapia quien durante su gesti\u00f3n se ha visto reforzado el sistema y articulaci\u00f3n.<\/p>\n\n\n\n<p><strong>Encuentro<\/strong><\/p>\n\n\n\n<p>La entrega de concret\u00f3 en frente al Hospital Dubarry, con la presencia de Ustarroz, Kreplak, Walter Crema, Marianela Arenillas, subsecretaria de salud, Mariana Adano, coordinadora de salud, Mart\u00edn Avalle, del SAME, Silvina Suckich, directora del Dubarry y especialmente las y los enfermeros del nosocomio local, grandes hacedores del cuidado de la salud de nuestros vecinos y vecinas.<\/p>\n","protected":false},"excerpt":{"rendered":"<p>El intendente Juani Ustarroz recibi\u00f3 de manos del ministro de salud, Nicol\u00e1s Kreplak, dos nuevas ambulancias para el sistema de &#8230; <a title=\"Ustarroz recibi\u00f3 2 nuevas ambulancias entregadas por Provincia para Mercedes\" class=\"read-more\" href=\"https:\/\/www.hoymercedes.com.ar\/principal\/2023\/09\/14\/ustarroz-recibio-2-nuevas-ambulancias-entregadas-por-provincia-para-mercedes\/\" aria-label=\"Leer m\u00e1s sobre Ustarroz recibi\u00f3 2 nuevas ambulancias entregadas por Provincia para Mercedes\">Leer m\u00e1s<\/a><\/p>\n","protected":false},"author":1,"featured_media":167123,"comment_status":"closed","ping_status":"open","sticky":false,"template":"","format":"standard","meta":{"_monsterinsights_skip_tracking":false,"_monsterinsights_sitenote_active":false,"_monsterinsights_sitenote_note":"","_monsterinsights_sitenote_category":0,"jetpack_post_was_ever_published":false,"_jetpack_newsletter_access":"","_jetpack_dont_email_post_to_subs":false,"_jetpack_newsletter_tier_id":0,"_jetpack_memberships_contains_paywalled_content":false,"_jetpack_memberships_contains_paid_content":false,"footnotes":"","jetpack_publicize_message":"","jetpack_publicize_feature_enabled":true,"jetpack_social_post_already_shared":true,"jetpack_social_options":{"image_generator_settings":{"template":"highway","default_image_id":0,"font":"","enabled":false},"version":2},"_wpas_customize_per_network":false},"categories":[8],"tags":[],"class_list":["post-167119","post","type-post","status-publish","format-standard","has-post-thumbnail","hentry","category-sociedad","generate-columns","tablet-grid-50","mobile-grid-100","grid-parent","grid-50"],"jetpack_publicize_connections":[],"jetpack_featured_media_url":"https:\/\/www.hoymercedes.com.ar\/principal\/wp-content\/uploads\/2023\/09\/0H0A6859.jpg","wps_subtitle":"M\u00e1s infraestrucutra de salud","jetpack_sharing_enabled":true,"_links":{"self":[{"href":"https:\/\/www.hoymercedes.com.ar\/principal\/wp-json\/wp\/v2\/posts\/167119","targetHints":{"allow":["GET"]}}],"collection":[{"href":"https:\/\/www.hoymercedes.com.ar\/principal\/wp-json\/wp\/v2\/posts"}],"about":[{"href":"https:\/\/www.hoymercedes.com.ar\/principal\/wp-json\/wp\/v2\/types\/post"}],"author":[{"embeddable":true,"href":"https:\/\/www.hoymercedes.com.ar\/principal\/wp-json\/wp\/v2\/users\/1"}],"replies":[{"embeddable":true,"href":"https:\/\/www.hoymercedes.com.ar\/principal\/wp-json\/wp\/v2\/comments?post=167119"}],"version-history":[{"count":0,"href":"https:\/\/www.hoymercedes.com.ar\/principal\/wp-json\/wp\/v2\/posts\/167119\/revisions"}],"wp:featuredmedia":[{"embeddable":true,"href":"https:\/\/www.hoymercedes.com.ar\/principal\/wp-json\/wp\/v2\/media\/167123"}],"wp:attachment":[{"href":"https:\/\/www.hoymercedes.com.ar\/principal\/wp-json\/wp\/v2\/media?parent=167119"}],"wp:term":[{"taxonomy":"category","embeddable":true,"href":"https:\/\/www.hoymercedes.com.ar\/principal\/wp-json\/wp\/v2\/categories?post=167119"},{"taxonomy":"post_tag","embeddable":true,"href":"https:\/\/www.hoymercedes.com.ar\/principal\/wp-json\/wp\/v2\/tags?post=167119"}],"curies":[{"name":"wp","href":"https:\/\/api.w.org\/{rel}","templated":true}]}}