{"id":167169,"date":"2023-09-17T10:23:00","date_gmt":"2023-09-17T13:23:00","guid":{"rendered":"https:\/\/www.hoymercedes.com.ar\/principal\/?p=167169"},"modified":"2023-09-17T02:28:10","modified_gmt":"2023-09-17T05:28:10","slug":"se-inauguro-la-planta-de-reciclado-de-mercedes","status":"publish","type":"post","link":"https:\/\/www.hoymercedes.com.ar\/principal\/2023\/09\/17\/se-inauguro-la-planta-de-reciclado-de-mercedes\/","title":{"rendered":"Se inaugur\u00f3 la planta de reciclado de Mercedes"},"content":{"rendered":"\n<figure class=\"wp-block-image size-large\"><img loading=\"lazy\" decoding=\"async\" width=\"1024\" height=\"682\" data-attachment-id=\"167170\" data-permalink=\"https:\/\/www.hoymercedes.com.ar\/principal\/2023\/09\/17\/se-inauguro-la-planta-de-reciclado-de-mercedes\/sja_0941\/#main\" data-orig-file=\"https:\/\/www.hoymercedes.com.ar\/principal\/wp-content\/uploads\/2023\/09\/SJA_0941.jpg\" data-orig-size=\"1319,879\" data-comments-opened=\"0\" data-image-meta=\"{&quot;aperture&quot;:&quot;0&quot;,&quot;credit&quot;:&quot;SEBASTIANAMBROSSIO&quot;,&quot;camera&quot;:&quot;&quot;,&quot;caption&quot;:&quot;&quot;,&quot;created_timestamp&quot;:&quot;0&quot;,&quot;copyright&quot;:&quot;SebastianAmbrossio&quot;,&quot;focal_length&quot;:&quot;0&quot;,&quot;iso&quot;:&quot;0&quot;,&quot;shutter_speed&quot;:&quot;0&quot;,&quot;title&quot;:&quot;&quot;,&quot;orientation&quot;:&quot;0&quot;}\" data-image-title=\"planta de reciclado\" data-image-description=\"\" data-image-caption=\"&lt;p&gt;planta de reciclado&lt;\/p&gt;\n\" data-large-file=\"https:\/\/www.hoymercedes.com.ar\/principal\/wp-content\/uploads\/2023\/09\/SJA_0941-1024x682.jpg\" src=\"https:\/\/www.hoymercedes.com.ar\/principal\/wp-content\/uploads\/2023\/09\/SJA_0941-1024x682.jpg\" alt=\"\" class=\"wp-image-167170\" srcset=\"https:\/\/www.hoymercedes.com.ar\/principal\/wp-content\/uploads\/2023\/09\/SJA_0941-1024x682.jpg 1024w, https:\/\/www.hoymercedes.com.ar\/principal\/wp-content\/uploads\/2023\/09\/SJA_0941-630x420.jpg 630w, https:\/\/www.hoymercedes.com.ar\/principal\/wp-content\/uploads\/2023\/09\/SJA_0941-150x100.jpg 150w, https:\/\/www.hoymercedes.com.ar\/principal\/wp-content\/uploads\/2023\/09\/SJA_0941-700x465.jpg 700w, https:\/\/www.hoymercedes.com.ar\/principal\/wp-content\/uploads\/2023\/09\/SJA_0941.jpg 1319w\" sizes=\"auto, (max-width: 1024px) 100vw, 1024px\" \/><\/figure>\n\n\n\n<p>Se inaugur\u00f3 la planta de reciclado de Mercedes. El <strong>intendente Ustarroz<\/strong> encabez\u00f3 el acto junto a los ministros <strong>Juan Cabandi\u00e9 <\/strong>y Eduardo <strong>\u201cWado\u201d de Pedro<\/strong>. La nueva infraestructura, una s\u00f3lida pol\u00edtica contra el cambio clim\u00e1tico y la econom\u00eda circular, se mont\u00f3 en el predio de La Florida. Trabajadores, trabajadores, cooperativa de reciclado y recuperadores fueron los grandes protagonistas.<\/p>\n\n\n\n<p><strong>Planta<\/strong><\/p>\n\n\n\n<p>La planta se mont\u00f3 con una fuerte inversi\u00f3n en infraestructura a cargo del Ministerio de Ambiente Sostenible de la Naci\u00f3n y el Ministerio de Ambiente de la Provincia de Buenos Aires. Para ello es clave el rol de las y los trabajadores y el MTE organizando la tarea cotidiana de recuperaci\u00f3n, reciclaje, reutilizaci\u00f3n de residuos, generando procesos de econom\u00eda circular y cuidado ambiental. Se encuentra en el predio de La Florida, donde se erradic\u00f3 y sane\u00f3 un ex basural a cielo abierto.<\/p>\n\n\n\n<figure class=\"wp-block-image size-large\"><img loading=\"lazy\" decoding=\"async\" width=\"1024\" height=\"682\" data-attachment-id=\"167171\" data-permalink=\"https:\/\/www.hoymercedes.com.ar\/principal\/2023\/09\/17\/se-inauguro-la-planta-de-reciclado-de-mercedes\/sja_1001\/#main\" data-orig-file=\"https:\/\/www.hoymercedes.com.ar\/principal\/wp-content\/uploads\/2023\/09\/SJA_1001.jpg\" data-orig-size=\"1319,879\" data-comments-opened=\"0\" data-image-meta=\"{&quot;aperture&quot;:&quot;0&quot;,&quot;credit&quot;:&quot;SEBASTIANAMBROSSIO&quot;,&quot;camera&quot;:&quot;&quot;,&quot;caption&quot;:&quot;&quot;,&quot;created_timestamp&quot;:&quot;0&quot;,&quot;copyright&quot;:&quot;SebastianAmbrossio&quot;,&quot;focal_length&quot;:&quot;0&quot;,&quot;iso&quot;:&quot;0&quot;,&quot;shutter_speed&quot;:&quot;0&quot;,&quot;title&quot;:&quot;&quot;,&quot;orientation&quot;:&quot;0&quot;}\" data-image-title=\"SJA_1001\" data-image-description=\"\" data-image-caption=\"\" data-large-file=\"https:\/\/www.hoymercedes.com.ar\/principal\/wp-content\/uploads\/2023\/09\/SJA_1001-1024x682.jpg\" src=\"https:\/\/www.hoymercedes.com.ar\/principal\/wp-content\/uploads\/2023\/09\/SJA_1001-1024x682.jpg\" alt=\"\" class=\"wp-image-167171\" srcset=\"https:\/\/www.hoymercedes.com.ar\/principal\/wp-content\/uploads\/2023\/09\/SJA_1001-1024x682.jpg 1024w, https:\/\/www.hoymercedes.com.ar\/principal\/wp-content\/uploads\/2023\/09\/SJA_1001-630x420.jpg 630w, https:\/\/www.hoymercedes.com.ar\/principal\/wp-content\/uploads\/2023\/09\/SJA_1001-150x100.jpg 150w, https:\/\/www.hoymercedes.com.ar\/principal\/wp-content\/uploads\/2023\/09\/SJA_1001-700x465.jpg 700w, https:\/\/www.hoymercedes.com.ar\/principal\/wp-content\/uploads\/2023\/09\/SJA_1001.jpg 1319w\" sizes=\"auto, (max-width: 1024px) 100vw, 1024px\" \/><\/figure>\n\n\n\n<p><strong>Hist\u00f3rico<\/strong><\/p>\n\n\n\n<p>\u201cEs un d\u00eda hist\u00f3rico, de mucha felicidad y alegr\u00eda. Quiero agradecer al ministro Cabandi\u00e9, a todo su equipo, por el constante acompa\u00f1amiento a nuestro pueblo\u201d afirm\u00f3 el <strong>intendente Ustarroz.<\/strong> M\u00e1s adelante especific\u00f3 que \u201cpara planificar el desarrollo de la ciudad se necesita el acompa\u00f1amiento de toda una comunidad, pero tambi\u00e9n un Estado Nacional y Provincial que los escuche y le den los recursos que puedan promover acciones como la de hoy, que benefician al conjunto de la comunidad\u201d.<\/p>\n\n\n\n<p><strong>Agradecimiento<\/strong><\/p>\n\n\n\n<p>\u201cQuiero agradecer a un concejal de la oposici\u00f3n, <strong>Carlos Mosso,<\/strong> que nos est\u00e1 acompa\u00f1ando\u201d especific\u00f3 el intendente para luego remarcar que \u201chay que promover el encuentro, el dialogo constructivo y la acci\u00f3n, como \u00e9sta, que no se hizo de la noche a la ma\u00f1ana, pero que cambian la vida de las personas\u201d manifest\u00f3 y destac\u00f3 las m\u00e1quinas aportadas por el ministerio de ambiente, el rol del MTE que inici\u00f3 tareas en el galp\u00f3n de calle 6 y 29 y fue creciendo hasta esta nueva y prometedora realidad con \u201cun gran recurso humano, ellos y ellas tienen mucho coraje y valent\u00eda, por eso nos enorgullece posean ahora un espacio que adem\u00e1s de beneficiar el ambiente promueve el desarrollo de las personas\u201d mencion\u00f3 el jefe comunal.<\/p>\n\n\n\n<figure class=\"wp-block-image size-large\"><img loading=\"lazy\" decoding=\"async\" width=\"1024\" height=\"682\" data-attachment-id=\"167172\" data-permalink=\"https:\/\/www.hoymercedes.com.ar\/principal\/2023\/09\/17\/se-inauguro-la-planta-de-reciclado-de-mercedes\/sja_0977\/#main\" data-orig-file=\"https:\/\/www.hoymercedes.com.ar\/principal\/wp-content\/uploads\/2023\/09\/SJA_0977.jpg\" data-orig-size=\"1319,879\" data-comments-opened=\"0\" data-image-meta=\"{&quot;aperture&quot;:&quot;0&quot;,&quot;credit&quot;:&quot;SEBASTIANAMBROSSIO&quot;,&quot;camera&quot;:&quot;&quot;,&quot;caption&quot;:&quot;&quot;,&quot;created_timestamp&quot;:&quot;0&quot;,&quot;copyright&quot;:&quot;SebastianAmbrossio&quot;,&quot;focal_length&quot;:&quot;0&quot;,&quot;iso&quot;:&quot;0&quot;,&quot;shutter_speed&quot;:&quot;0&quot;,&quot;title&quot;:&quot;&quot;,&quot;orientation&quot;:&quot;0&quot;}\" data-image-title=\"SJA_0977\" data-image-description=\"\" data-image-caption=\"\" data-large-file=\"https:\/\/www.hoymercedes.com.ar\/principal\/wp-content\/uploads\/2023\/09\/SJA_0977-1024x682.jpg\" src=\"https:\/\/www.hoymercedes.com.ar\/principal\/wp-content\/uploads\/2023\/09\/SJA_0977-1024x682.jpg\" alt=\"\" class=\"wp-image-167172\" srcset=\"https:\/\/www.hoymercedes.com.ar\/principal\/wp-content\/uploads\/2023\/09\/SJA_0977-1024x682.jpg 1024w, https:\/\/www.hoymercedes.com.ar\/principal\/wp-content\/uploads\/2023\/09\/SJA_0977-630x420.jpg 630w, https:\/\/www.hoymercedes.com.ar\/principal\/wp-content\/uploads\/2023\/09\/SJA_0977-150x100.jpg 150w, https:\/\/www.hoymercedes.com.ar\/principal\/wp-content\/uploads\/2023\/09\/SJA_0977-700x465.jpg 700w, https:\/\/www.hoymercedes.com.ar\/principal\/wp-content\/uploads\/2023\/09\/SJA_0977.jpg 1319w\" sizes=\"auto, (max-width: 1024px) 100vw, 1024px\" \/><\/figure>\n\n\n\n<p><strong>Avances<\/strong><\/p>\n\n\n\n<p>\u201cVamos a seguir trabajando por este camino\u201d sostuvo Ustarroz, \u201ccon el proyecto de la ampliaci\u00f3n de la planta depuradora, las obras de la red de cloacas, de agua, de pavimento, todo es en beneficio del pueblo\u201d narr\u00f3 agradeciendo tambi\u00e9n \u201cal ministro \u201cWado\u201d de Pedro, que constantemente apoya y promueve el crecimiento de la ciudad\u201d sostuvo Ustarroz.<\/p>\n\n\n\n<p><strong>Cuidados<\/strong><\/p>\n\n\n\n<p>El ministro <strong>Juan Cabandi\u00e9<\/strong> manifest\u00f3 que \u201ces muy importante lo que estamos viviendo hoy, porque tiene un fin muy valioso y pr\u00e1ctico, porque cada elemento ac\u00e1 presente es fundamental para el trabajo que realizan las y los recicladores y recuperadores\u201d coment\u00f3 ante las nuevas maquinarias incorporadas al patrimonio municipal.<\/p>\n\n\n\n<p>M\u00e1s adelante expres\u00f3 que \u201ccuando asumimos Juani nos insist\u00eda mucho sobre La Florida y ahora es una realidad, esto es muy valioso, apoya al cuidado ambiental, el trabajo de reciclaje, la ratificaci\u00f3n de saneamiento del basural a cielo abierto cerrado y lleva a que la ciudad est\u00e9 m\u00e1s limpia y cuidado\u201d recalc\u00f3.<\/p>\n\n\n\n<figure class=\"wp-block-image size-large\"><img loading=\"lazy\" decoding=\"async\" width=\"1024\" height=\"682\" data-attachment-id=\"167173\" data-permalink=\"https:\/\/www.hoymercedes.com.ar\/principal\/2023\/09\/17\/se-inauguro-la-planta-de-reciclado-de-mercedes\/sja_0889\/#main\" data-orig-file=\"https:\/\/www.hoymercedes.com.ar\/principal\/wp-content\/uploads\/2023\/09\/SJA_0889.jpg\" data-orig-size=\"1319,879\" data-comments-opened=\"0\" data-image-meta=\"{&quot;aperture&quot;:&quot;0&quot;,&quot;credit&quot;:&quot;SEBASTIANAMBROSSIO&quot;,&quot;camera&quot;:&quot;&quot;,&quot;caption&quot;:&quot;&quot;,&quot;created_timestamp&quot;:&quot;0&quot;,&quot;copyright&quot;:&quot;SebastianAmbrossio&quot;,&quot;focal_length&quot;:&quot;0&quot;,&quot;iso&quot;:&quot;0&quot;,&quot;shutter_speed&quot;:&quot;0&quot;,&quot;title&quot;:&quot;&quot;,&quot;orientation&quot;:&quot;0&quot;}\" data-image-title=\"SJA_0889\" data-image-description=\"\" data-image-caption=\"\" data-large-file=\"https:\/\/www.hoymercedes.com.ar\/principal\/wp-content\/uploads\/2023\/09\/SJA_0889-1024x682.jpg\" src=\"https:\/\/www.hoymercedes.com.ar\/principal\/wp-content\/uploads\/2023\/09\/SJA_0889-1024x682.jpg\" alt=\"\" class=\"wp-image-167173\" srcset=\"https:\/\/www.hoymercedes.com.ar\/principal\/wp-content\/uploads\/2023\/09\/SJA_0889-1024x682.jpg 1024w, https:\/\/www.hoymercedes.com.ar\/principal\/wp-content\/uploads\/2023\/09\/SJA_0889-630x420.jpg 630w, https:\/\/www.hoymercedes.com.ar\/principal\/wp-content\/uploads\/2023\/09\/SJA_0889-150x100.jpg 150w, https:\/\/www.hoymercedes.com.ar\/principal\/wp-content\/uploads\/2023\/09\/SJA_0889-700x465.jpg 700w, https:\/\/www.hoymercedes.com.ar\/principal\/wp-content\/uploads\/2023\/09\/SJA_0889.jpg 1319w\" sizes=\"auto, (max-width: 1024px) 100vw, 1024px\" \/><\/figure>\n\n\n\n<p><strong>Agendas<\/strong><\/p>\n\n\n\n<p>\u201cAhora es fundamental tener presente quienes tienen agendas ambientales para el futuro, hoy es Sergio Massa qui\u00e9n lo promueve\u201d manifest\u00f3 Cabandi\u00e9 y recalc\u00f3 \u201ces tambi\u00e9n una agenda de las y los j\u00f3venes y los m\u00e1s grandes debemos apoyarlos\u201d.<\/p>\n\n\n\n<p>Narr\u00f3 que el ambiente tambi\u00e9n debe \u201cmilitarse, trabajarse, poner sobre la mesa su importancia, quienes lo defienden y quienes no\u201d.<\/p>\n\n\n\n<figure class=\"wp-block-image size-large\"><img loading=\"lazy\" decoding=\"async\" width=\"1024\" height=\"682\" data-attachment-id=\"167167\" data-permalink=\"https:\/\/www.hoymercedes.com.ar\/principal\/?attachment_id=167167#main\" data-orig-file=\"https:\/\/www.hoymercedes.com.ar\/principal\/wp-content\/uploads\/2023\/09\/SJA_0958.jpg\" data-orig-size=\"1319,879\" data-comments-opened=\"0\" data-image-meta=\"{&quot;aperture&quot;:&quot;0&quot;,&quot;credit&quot;:&quot;SEBASTIANAMBROSSIO&quot;,&quot;camera&quot;:&quot;&quot;,&quot;caption&quot;:&quot;&quot;,&quot;created_timestamp&quot;:&quot;0&quot;,&quot;copyright&quot;:&quot;SebastianAmbrossio&quot;,&quot;focal_length&quot;:&quot;0&quot;,&quot;iso&quot;:&quot;0&quot;,&quot;shutter_speed&quot;:&quot;0&quot;,&quot;title&quot;:&quot;&quot;,&quot;orientation&quot;:&quot;0&quot;}\" data-image-title=\"planta de reciclado\" data-image-description=\"\" data-image-caption=\"&lt;p&gt;planta de reciclado&lt;\/p&gt;\n\" data-large-file=\"https:\/\/www.hoymercedes.com.ar\/principal\/wp-content\/uploads\/2023\/09\/SJA_0958-1024x682.jpg\" src=\"https:\/\/www.hoymercedes.com.ar\/principal\/wp-content\/uploads\/2023\/09\/SJA_0958-1024x682.jpg\" alt=\"planta de reciclado\" class=\"wp-image-167167\" srcset=\"https:\/\/www.hoymercedes.com.ar\/principal\/wp-content\/uploads\/2023\/09\/SJA_0958-1024x682.jpg 1024w, https:\/\/www.hoymercedes.com.ar\/principal\/wp-content\/uploads\/2023\/09\/SJA_0958-630x420.jpg 630w, https:\/\/www.hoymercedes.com.ar\/principal\/wp-content\/uploads\/2023\/09\/SJA_0958-150x100.jpg 150w, https:\/\/www.hoymercedes.com.ar\/principal\/wp-content\/uploads\/2023\/09\/SJA_0958-700x465.jpg 700w, https:\/\/www.hoymercedes.com.ar\/principal\/wp-content\/uploads\/2023\/09\/SJA_0958.jpg 1319w\" sizes=\"auto, (max-width: 1024px) 100vw, 1024px\" \/><figcaption class=\"wp-element-caption\">planta de reciclado<\/figcaption><\/figure>\n\n\n\n<p><strong>Importancia<\/strong><\/p>\n\n\n\n<p>Por su parte, el ministro <strong>\u201cWado\u201d de Pedro <\/strong>afirm\u00f3 que \u201cagradezco a cada trabajador y trabajadora, a cada cooperativista, por el compromiso y dedicaci\u00f3n en esta tarea fundamental para la sociedad\u201d y &nbsp;que\u201cson pol\u00edticas p\u00fablicas que trascienden una gesti\u00f3n, una fuerza pol\u00edtica, por eso nos tenemos que poner de acuerdo, y destaco la presencia de Carlos Mosso, porque se trata de temas de inter\u00e9s social, es cuidado de la salud, el ambiente, el trabajo, es poner en valor el rol del Estado\u201d expuso.<\/p>\n\n\n\n<p>Remarc\u00f3 tambi\u00e9n que hay fuerzas pol\u00edticas que no tienen agenda ambiental, por el contrario. \u201cLa sociedad argentina ya defini\u00f3 valores, y uno de ellos es cuidar el ambiente\u201d destac\u00f3.<\/p>\n\n\n\n<p>\u201cHay que trabajar por el futuro, y eso es tambi\u00e9n cuidar el aire, el agua, el suelo, construir sociedades ambientalmente sostenibles y sustentables\u201d manifest\u00f3 De Pedro.<\/p>\n\n\n\n<p><strong>Trabajadores<\/strong><\/p>\n\n\n\n<p>Oscar Lucciani, uno de los trabadores, remarc\u00f3 la importancia de \u201ccontar con infraestructura y un espacio acorde, que permita trabajar de manera segura, cuidando la salud, trabajar sin intermediarios, con equipamientos propios\u201d y agradeci\u00f3 \u201cal intendente Ustarroz por el apoyo constante.<\/p>\n\n\n\n<p><strong>Felicidad<\/strong><\/p>\n\n\n\n<p>Valeria D\u00b4Angelo destac\u00f3 que es un d\u00eda de \u201cgran felicidad y esperanza, porque damos un paso hist\u00f3rico, enorme\u201d cont\u00f3 para luego detallar que \u201cesto se realiza con el trabajo de muchas personas, con MTE, Servicios P\u00fablicos, con Naci\u00f3n, Provincia y el sue\u00f1o de las y los trabajadores que era una deuda y ahora se sald\u00f3\u201d mencion\u00f3.<\/p>\n\n\n\n<p>\u201cComienza una nueva etapa de crecimiento, que nos cost\u00f3 mucho, pero que ya es una realidad\u201d dijo Lu\u00eds Ponce, subsecretario de servicios p\u00fablicos y dijo \u201ces para las y los recicladores, que tengan un espacio acorde gracias al trabajo en conjunto con los distintos niveles del Estado\u201d manifest\u00f3.<\/p>\n\n\n\n<p><strong>Convenios<\/strong><\/p>\n\n\n\n<p>Se firm\u00f3, tambi\u00e9n, un convenio de gesti\u00f3n y trabajo con el MTE y otro con el Ministerio de Ambiente, para profundizar tareas ambientales.<\/p>\n\n\n\n<p><strong>Provincia<\/strong><\/p>\n\n\n\n<p>Estuvo presente tambi\u00e9n <strong>Jackie Flores<\/strong> Subsecretaria de Residuos S\u00f3lidos Urbanos y Econom\u00eda Circular del Ministerio de Ambiente de la Provincia, quien destac\u00f3 lo \u201cimportante de esta actividad, de este espacio\u201d y lo valioso de que \u201cel gobernador Axel Kicillof haya constituido el primer ministerio de ambiente de la provincia\u201d y dijo \u201cprovoca mucho orgullo ver lo que pasa ac\u00e1 en Mercedes\u201d mencion\u00f3 entre otros conceptos.<\/p>\n\n\n\n<p><strong>Presencias<\/strong><\/p>\n\n\n\n<p>Se cont\u00f3 con la presencia del diputado nacional Carlos Selva, Clara Zunino, secretaria de gobierno, Emanuel P\u00e9rez Carrera, secretario de Obras P\u00fablicas, N\u00e9stor Pisapia, secretario de salud, Jorgelina Silva, secretaria de desarrollo de la comunidad, Mariana San Mart\u00edn, directora de participaci\u00f3n, Sabrina Selva, los ediles Carlos Selva, Andrea Bozzini, Fernando Mass\u00f3n, Juli\u00e1n Inzaurgarat, funcionarios y funcionarias del ministerio de ambiente sostenible de la Naci\u00f3n.<\/p>\n\n\n\n<p>Info: Direcci\u00f3n de Ambiente\/Redes\/HM<\/p>\n","protected":false},"excerpt":{"rendered":"<p>Se inaugur\u00f3 la planta de reciclado de Mercedes. El intendente Ustarroz encabez\u00f3 el acto junto a los ministros Juan Cabandi\u00e9 &#8230; <a title=\"Se inaugur\u00f3 la planta de reciclado de Mercedes\" class=\"read-more\" href=\"https:\/\/www.hoymercedes.com.ar\/principal\/2023\/09\/17\/se-inauguro-la-planta-de-reciclado-de-mercedes\/\" aria-label=\"Leer m\u00e1s sobre Se inaugur\u00f3 la planta de reciclado de Mercedes\">Leer m\u00e1s<\/a><\/p>\n","protected":false},"author":1,"featured_media":167167,"comment_status":"closed","ping_status":"open","sticky":false,"template":"","format":"standard","meta":{"_monsterinsights_skip_tracking":false,"_monsterinsights_sitenote_active":false,"_monsterinsights_sitenote_note":"","_monsterinsights_sitenote_category":0,"jetpack_post_was_ever_published":false,"_jetpack_newsletter_access":"","_jetpack_dont_email_post_to_subs":false,"_jetpack_newsletter_tier_id":0,"_jetpack_memberships_contains_paywalled_content":false,"_jetpack_memberships_contains_paid_content":false,"footnotes":"","jetpack_publicize_message":"","jetpack_publicize_feature_enabled":true,"jetpack_social_post_already_shared":true,"jetpack_social_options":{"image_generator_settings":{"template":"highway","default_image_id":0,"font":"","enabled":false},"version":2},"_wpas_customize_per_network":false},"categories":[8],"tags":[],"class_list":["post-167169","post","type-post","status-publish","format-standard","has-post-thumbnail","hentry","category-sociedad","generate-columns","tablet-grid-50","mobile-grid-100","grid-parent","grid-50"],"jetpack_publicize_connections":[],"jetpack_featured_media_url":"https:\/\/www.hoymercedes.com.ar\/principal\/wp-content\/uploads\/2023\/09\/SJA_0958.jpg","wps_subtitle":"Cuidado ambiental y obra p\u00fablica ","jetpack_sharing_enabled":true,"_links":{"self":[{"href":"https:\/\/www.hoymercedes.com.ar\/principal\/wp-json\/wp\/v2\/posts\/167169","targetHints":{"allow":["GET"]}}],"collection":[{"href":"https:\/\/www.hoymercedes.com.ar\/principal\/wp-json\/wp\/v2\/posts"}],"about":[{"href":"https:\/\/www.hoymercedes.com.ar\/principal\/wp-json\/wp\/v2\/types\/post"}],"author":[{"embeddable":true,"href":"https:\/\/www.hoymercedes.com.ar\/principal\/wp-json\/wp\/v2\/users\/1"}],"replies":[{"embeddable":true,"href":"https:\/\/www.hoymercedes.com.ar\/principal\/wp-json\/wp\/v2\/comments?post=167169"}],"version-history":[{"count":0,"href":"https:\/\/www.hoymercedes.com.ar\/principal\/wp-json\/wp\/v2\/posts\/167169\/revisions"}],"wp:featuredmedia":[{"embeddable":true,"href":"https:\/\/www.hoymercedes.com.ar\/principal\/wp-json\/wp\/v2\/media\/167167"}],"wp:attachment":[{"href":"https:\/\/www.hoymercedes.com.ar\/principal\/wp-json\/wp\/v2\/media?parent=167169"}],"wp:term":[{"taxonomy":"category","embeddable":true,"href":"https:\/\/www.hoymercedes.com.ar\/principal\/wp-json\/wp\/v2\/categories?post=167169"},{"taxonomy":"post_tag","embeddable":true,"href":"https:\/\/www.hoymercedes.com.ar\/principal\/wp-json\/wp\/v2\/tags?post=167169"}],"curies":[{"name":"wp","href":"https:\/\/api.w.org\/{rel}","templated":true}]}}