{"id":167185,"date":"2023-09-17T12:30:00","date_gmt":"2023-09-17T15:30:00","guid":{"rendered":"https:\/\/www.hoymercedes.com.ar\/principal\/?p=167185"},"modified":"2023-09-17T09:22:33","modified_gmt":"2023-09-17T12:22:33","slug":"mercedes-y-gran-primera-jornada-en-juegos-bonaerenses","status":"publish","type":"post","link":"https:\/\/www.hoymercedes.com.ar\/principal\/2023\/09\/17\/mercedes-y-gran-primera-jornada-en-juegos-bonaerenses\/","title":{"rendered":"Mercedes y gran primera jornada en Juegos Bonaerenses"},"content":{"rendered":"\n<figure class=\"wp-block-image size-large\"><img loading=\"lazy\" decoding=\"async\" width=\"1024\" height=\"717\" data-attachment-id=\"167186\" data-permalink=\"https:\/\/www.hoymercedes.com.ar\/principal\/2023\/09\/17\/mercedes-y-gran-primera-jornada-en-juegos-bonaerenses\/dsc_0029-5\/#main\" data-orig-file=\"https:\/\/www.hoymercedes.com.ar\/principal\/wp-content\/uploads\/2023\/09\/DSC_0029.jpg\" data-orig-size=\"1650,1155\" data-comments-opened=\"0\" data-image-meta=\"{&quot;aperture&quot;:&quot;0&quot;,&quot;credit&quot;:&quot;&quot;,&quot;camera&quot;:&quot;&quot;,&quot;caption&quot;:&quot;&quot;,&quot;created_timestamp&quot;:&quot;0&quot;,&quot;copyright&quot;:&quot;&quot;,&quot;focal_length&quot;:&quot;0&quot;,&quot;iso&quot;:&quot;0&quot;,&quot;shutter_speed&quot;:&quot;0&quot;,&quot;title&quot;:&quot;&quot;,&quot;orientation&quot;:&quot;0&quot;}\" data-image-title=\"juegos bonaerenses\" data-image-description=\"\" data-image-caption=\"\" data-large-file=\"https:\/\/www.hoymercedes.com.ar\/principal\/wp-content\/uploads\/2023\/09\/DSC_0029-1024x717.jpg\" src=\"https:\/\/www.hoymercedes.com.ar\/principal\/wp-content\/uploads\/2023\/09\/DSC_0029-1024x717.jpg\" alt=\"\" class=\"wp-image-167186\" srcset=\"https:\/\/www.hoymercedes.com.ar\/principal\/wp-content\/uploads\/2023\/09\/DSC_0029-1024x717.jpg 1024w, https:\/\/www.hoymercedes.com.ar\/principal\/wp-content\/uploads\/2023\/09\/DSC_0029-630x441.jpg 630w, https:\/\/www.hoymercedes.com.ar\/principal\/wp-content\/uploads\/2023\/09\/DSC_0029-150x105.jpg 150w, https:\/\/www.hoymercedes.com.ar\/principal\/wp-content\/uploads\/2023\/09\/DSC_0029-1536x1075.jpg 1536w, https:\/\/www.hoymercedes.com.ar\/principal\/wp-content\/uploads\/2023\/09\/DSC_0029-120x85.jpg 120w, https:\/\/www.hoymercedes.com.ar\/principal\/wp-content\/uploads\/2023\/09\/DSC_0029.jpg 1650w\" sizes=\"auto, (max-width: 1024px) 100vw, 1024px\" \/><\/figure>\n\n\n\n<p><strong>Informe: Emanuel Badano<\/strong><\/p>\n\n\n\n<p>La ciudad amaneci\u00f3 soleada y con una temperatura m\u00e1s que agradable, ideal para dar inicio a las competencias pautadas para la fecha en \u201cLa feliz\u201d<\/p>\n\n\n\n<p>En el inicio de la jornada, la pareja integrada por Iribarne y Brandoni cosecharon una victoria en <strong>tenis adultos mayores<\/strong>,<\/p>\n\n\n\n<p>Tambi\u00e9n por la ma\u00f1ana, en <strong>rugby masculino sub 14<\/strong>, Mercedes comenzaba con el pie derecho, llev\u00e1ndose una importante victoria por 22 a 12, sobre el conjunto representativo de Pinamar.<\/p>\n\n\n\n<p>Minutos antes del mediod\u00eda fue el turno de <strong>Beach Handball<\/strong>, en este caso la Escuela Municipal cay\u00f3 ante Castelli por 22 \u2013 9 y 11 \u2013 9.<\/p>\n\n\n\n<figure class=\"wp-block-image size-large\"><img loading=\"lazy\" decoding=\"async\" width=\"1024\" height=\"717\" data-attachment-id=\"167187\" data-permalink=\"https:\/\/www.hoymercedes.com.ar\/principal\/2023\/09\/17\/mercedes-y-gran-primera-jornada-en-juegos-bonaerenses\/dsc_0058-2\/#main\" data-orig-file=\"https:\/\/www.hoymercedes.com.ar\/principal\/wp-content\/uploads\/2023\/09\/DSC_0058.jpg\" data-orig-size=\"1650,1155\" data-comments-opened=\"0\" data-image-meta=\"{&quot;aperture&quot;:&quot;0&quot;,&quot;credit&quot;:&quot;&quot;,&quot;camera&quot;:&quot;&quot;,&quot;caption&quot;:&quot;&quot;,&quot;created_timestamp&quot;:&quot;0&quot;,&quot;copyright&quot;:&quot;&quot;,&quot;focal_length&quot;:&quot;0&quot;,&quot;iso&quot;:&quot;0&quot;,&quot;shutter_speed&quot;:&quot;0&quot;,&quot;title&quot;:&quot;&quot;,&quot;orientation&quot;:&quot;0&quot;}\" data-image-title=\"DSC_0058\" data-image-description=\"\" data-image-caption=\"\" data-large-file=\"https:\/\/www.hoymercedes.com.ar\/principal\/wp-content\/uploads\/2023\/09\/DSC_0058-1024x717.jpg\" src=\"https:\/\/www.hoymercedes.com.ar\/principal\/wp-content\/uploads\/2023\/09\/DSC_0058-1024x717.jpg\" alt=\"\" class=\"wp-image-167187\" srcset=\"https:\/\/www.hoymercedes.com.ar\/principal\/wp-content\/uploads\/2023\/09\/DSC_0058-1024x717.jpg 1024w, https:\/\/www.hoymercedes.com.ar\/principal\/wp-content\/uploads\/2023\/09\/DSC_0058-630x441.jpg 630w, https:\/\/www.hoymercedes.com.ar\/principal\/wp-content\/uploads\/2023\/09\/DSC_0058-150x105.jpg 150w, https:\/\/www.hoymercedes.com.ar\/principal\/wp-content\/uploads\/2023\/09\/DSC_0058-1536x1075.jpg 1536w, https:\/\/www.hoymercedes.com.ar\/principal\/wp-content\/uploads\/2023\/09\/DSC_0058-120x85.jpg 120w, https:\/\/www.hoymercedes.com.ar\/principal\/wp-content\/uploads\/2023\/09\/DSC_0058.jpg 1650w\" sizes=\"auto, (max-width: 1024px) 100vw, 1024px\" \/><\/figure>\n\n\n\n<p>Luego ser\u00eda el turno del femenino, partido que fue postergado para ma\u00f1ana domingo.<\/p>\n\n\n\n<p>En <strong>softbol masculino sub 18<\/strong>, Mercedes fue superado por Moreno, finalizando el resultado 8 a 1.<\/p>\n\n\n\n<p>En la categor\u00eda sub12 mixta, los mercedinos debutaron con una victoria, superando a San Miguel por un ajustado 13 \u2013 12-<\/p>\n\n\n\n<p><strong>B\u00e1squet:<\/strong> el equipo femenino del Colegio San Patricio se vio beneficiado ante la no presentaci\u00f3n de Olavarr\u00eda.<\/p>\n\n\n\n<p>En <strong>Handball femenino sub 16<\/strong>, Camila Rol\u00f3n fue derrotado por Quilmes 26 \u2013 6<\/p>\n\n\n\n<p><strong>Tenis de Mesa:<\/strong><\/p>\n\n\n\n<p>En la categor\u00eda masculino sub 18, Esteban Delvecio derrot\u00f3 al representante de Jun\u00edn por 3 \u2013 2.<\/p>\n\n\n\n<p>En sub 18 PCD, el mercedino fue superado por el jugador oriundo de La Plata, con un marcador de 2 \u2013 3.<\/p>\n\n\n\n<p><strong>Tiro:<\/strong><\/p>\n\n\n\n<p>Mia Lacoste comenz\u00f3 su participaci\u00f3n en los juegos, tuvo sus primeros 45 minutos en el pol\u00edgono, donde pudo desarrollar varios tiros y ahora espera al d\u00eda martes donde volver\u00e1 a competir y se definir\u00e1n las medallas.<\/p>\n\n\n\n<p><strong>Deportes electr\u00f3nicos:<\/strong><\/p>\n\n\n\n<p>Los mercedinos tuvieron su primera jornada participativa.<\/p>\n","protected":false},"excerpt":{"rendered":"<p>Informe: Emanuel Badano La ciudad amaneci\u00f3 soleada y con una temperatura m\u00e1s que agradable, ideal para dar inicio a las &#8230; <a title=\"Mercedes y gran primera jornada en Juegos Bonaerenses\" class=\"read-more\" href=\"https:\/\/www.hoymercedes.com.ar\/principal\/2023\/09\/17\/mercedes-y-gran-primera-jornada-en-juegos-bonaerenses\/\" aria-label=\"Leer m\u00e1s sobre Mercedes y gran primera jornada en Juegos Bonaerenses\">Leer m\u00e1s<\/a><\/p>\n","protected":false},"author":1,"featured_media":167186,"comment_status":"closed","ping_status":"open","sticky":false,"template":"","format":"standard","meta":{"_monsterinsights_skip_tracking":false,"_monsterinsights_sitenote_active":false,"_monsterinsights_sitenote_note":"","_monsterinsights_sitenote_category":0,"jetpack_post_was_ever_published":false,"_jetpack_newsletter_access":"","_jetpack_dont_email_post_to_subs":false,"_jetpack_newsletter_tier_id":0,"_jetpack_memberships_contains_paywalled_content":false,"_jetpack_memberships_contains_paid_content":false,"footnotes":"","jetpack_publicize_message":"","jetpack_publicize_feature_enabled":true,"jetpack_social_post_already_shared":true,"jetpack_social_options":{"image_generator_settings":{"template":"highway","default_image_id":0,"font":"","enabled":false},"version":2},"_wpas_customize_per_network":false},"categories":[21,8],"tags":[],"class_list":["post-167185","post","type-post","status-publish","format-standard","has-post-thumbnail","hentry","category-deportes","category-sociedad","generate-columns","tablet-grid-50","mobile-grid-100","grid-parent","grid-50"],"jetpack_publicize_connections":[],"jetpack_featured_media_url":"https:\/\/www.hoymercedes.com.ar\/principal\/wp-content\/uploads\/2023\/09\/DSC_0029.jpg","wps_subtitle":"Depostes \/ Juegos Bonaerenses","jetpack_sharing_enabled":true,"_links":{"self":[{"href":"https:\/\/www.hoymercedes.com.ar\/principal\/wp-json\/wp\/v2\/posts\/167185","targetHints":{"allow":["GET"]}}],"collection":[{"href":"https:\/\/www.hoymercedes.com.ar\/principal\/wp-json\/wp\/v2\/posts"}],"about":[{"href":"https:\/\/www.hoymercedes.com.ar\/principal\/wp-json\/wp\/v2\/types\/post"}],"author":[{"embeddable":true,"href":"https:\/\/www.hoymercedes.com.ar\/principal\/wp-json\/wp\/v2\/users\/1"}],"replies":[{"embeddable":true,"href":"https:\/\/www.hoymercedes.com.ar\/principal\/wp-json\/wp\/v2\/comments?post=167185"}],"version-history":[{"count":0,"href":"https:\/\/www.hoymercedes.com.ar\/principal\/wp-json\/wp\/v2\/posts\/167185\/revisions"}],"wp:featuredmedia":[{"embeddable":true,"href":"https:\/\/www.hoymercedes.com.ar\/principal\/wp-json\/wp\/v2\/media\/167186"}],"wp:attachment":[{"href":"https:\/\/www.hoymercedes.com.ar\/principal\/wp-json\/wp\/v2\/media?parent=167185"}],"wp:term":[{"taxonomy":"category","embeddable":true,"href":"https:\/\/www.hoymercedes.com.ar\/principal\/wp-json\/wp\/v2\/categories?post=167185"},{"taxonomy":"post_tag","embeddable":true,"href":"https:\/\/www.hoymercedes.com.ar\/principal\/wp-json\/wp\/v2\/tags?post=167185"}],"curies":[{"name":"wp","href":"https:\/\/api.w.org\/{rel}","templated":true}]}}