{"id":167202,"date":"2023-09-17T09:17:13","date_gmt":"2023-09-17T12:17:13","guid":{"rendered":"https:\/\/www.hoymercedes.com.ar\/principal\/?p=167202"},"modified":"2023-09-17T09:17:33","modified_gmt":"2023-09-17T12:17:33","slug":"cine-mercedes-con-peliculas-para-todos-los-publicos","status":"publish","type":"post","link":"https:\/\/www.hoymercedes.com.ar\/principal\/2023\/09\/17\/cine-mercedes-con-peliculas-para-todos-los-publicos\/","title":{"rendered":"Cine Mercedes con pel\u00edculas para todos los p\u00fablicos"},"content":{"rendered":"\n<p>El Cine Mercedes anunci\u00f3 una semana especial de proyecci\u00f3n ya que el s\u00e1bado cerr\u00f3 para participar de una actividad en Luj\u00e1n. No obstante, domingo, lunes y martes proponen diferentes pel\u00edculas para diversos p\u00fablicos. En la funci\u00f3n de las 16:30  del domingo podr\u00e1 verse \u00abGuardianes del Museo\u00bb, mientras que en las funciones de las 18:30 y de las 21:30 del resto de los d\u00edas contin\u00faan con \u00abSonido de Libertad\u00bb y \u00abLa Monja 2\u00bb<\/p>\n\n\n<div class=\"wp-block-image\">\n<figure class=\"aligncenter size-full\"><img loading=\"lazy\" decoding=\"async\" width=\"531\" height=\"800\" data-attachment-id=\"167196\" data-permalink=\"https:\/\/www.hoymercedes.com.ar\/principal\/2023\/09\/17\/farmacias-de-turno-del-domingo-17-de-septiembre\/gacetilla-cine-mercedes-45-3\/#main\" data-orig-file=\"https:\/\/www.hoymercedes.com.ar\/principal\/wp-content\/uploads\/2023\/09\/Gacetilla-Cine-Mercedes-45.jpg\" data-orig-size=\"531,800\" data-comments-opened=\"0\" data-image-meta=\"{&quot;aperture&quot;:&quot;0&quot;,&quot;credit&quot;:&quot;&quot;,&quot;camera&quot;:&quot;&quot;,&quot;caption&quot;:&quot;&quot;,&quot;created_timestamp&quot;:&quot;0&quot;,&quot;copyright&quot;:&quot;&quot;,&quot;focal_length&quot;:&quot;0&quot;,&quot;iso&quot;:&quot;0&quot;,&quot;shutter_speed&quot;:&quot;0&quot;,&quot;title&quot;:&quot;&quot;,&quot;orientation&quot;:&quot;1&quot;}\" data-image-title=\"Gacetilla Cine Mercedes (45)\" data-image-description=\"\" data-image-caption=\"\" data-large-file=\"https:\/\/www.hoymercedes.com.ar\/principal\/wp-content\/uploads\/2023\/09\/Gacetilla-Cine-Mercedes-45.jpg\" src=\"https:\/\/www.hoymercedes.com.ar\/principal\/wp-content\/uploads\/2023\/09\/Gacetilla-Cine-Mercedes-45.jpg\" alt=\"\" class=\"wp-image-167196\" srcset=\"https:\/\/www.hoymercedes.com.ar\/principal\/wp-content\/uploads\/2023\/09\/Gacetilla-Cine-Mercedes-45.jpg 531w, https:\/\/www.hoymercedes.com.ar\/principal\/wp-content\/uploads\/2023\/09\/Gacetilla-Cine-Mercedes-45-412x620.jpg 412w, https:\/\/www.hoymercedes.com.ar\/principal\/wp-content\/uploads\/2023\/09\/Gacetilla-Cine-Mercedes-45-100x150.jpg 100w\" sizes=\"auto, (max-width: 531px) 100vw, 531px\" \/><\/figure>\n<\/div>","protected":false},"excerpt":{"rendered":"<p>En la funci\u00f3n de las 16:30  del domingo podr\u00e1 verse \u00abGuardianes del Museo\u00bb, mientras que en las funciones de las 18:30 y de las 21:30 del resto de los d\u00edas contin\u00faan con \u00abSonido de Libertad\u00bb y \u00abLa Monja 2\u00bb<\/p>\n","protected":false},"author":1,"featured_media":167197,"comment_status":"closed","ping_status":"open","sticky":false,"template":"","format":"standard","meta":{"_monsterinsights_skip_tracking":false,"_monsterinsights_sitenote_active":false,"_monsterinsights_sitenote_note":"","_monsterinsights_sitenote_category":0,"jetpack_post_was_ever_published":false,"_jetpack_newsletter_access":"","_jetpack_dont_email_post_to_subs":false,"_jetpack_newsletter_tier_id":0,"_jetpack_memberships_contains_paywalled_content":false,"_jetpack_memberships_contains_paid_content":false,"footnotes":"","jetpack_publicize_message":"","jetpack_publicize_feature_enabled":true,"jetpack_social_post_already_shared":true,"jetpack_social_options":{"image_generator_settings":{"template":"highway","default_image_id":0,"font":"","enabled":false},"version":2},"_wpas_customize_per_network":false},"categories":[8],"tags":[],"class_list":["post-167202","post","type-post","status-publish","format-standard","has-post-thumbnail","hentry","category-sociedad","generate-columns","tablet-grid-50","mobile-grid-100","grid-parent","grid-50"],"jetpack_publicize_connections":[],"jetpack_featured_media_url":"https:\/\/www.hoymercedes.com.ar\/principal\/wp-content\/uploads\/2023\/09\/GUARDIANES-DEL-MUSEO.jpg","wps_subtitle":"","jetpack_sharing_enabled":true,"_links":{"self":[{"href":"https:\/\/www.hoymercedes.com.ar\/principal\/wp-json\/wp\/v2\/posts\/167202","targetHints":{"allow":["GET"]}}],"collection":[{"href":"https:\/\/www.hoymercedes.com.ar\/principal\/wp-json\/wp\/v2\/posts"}],"about":[{"href":"https:\/\/www.hoymercedes.com.ar\/principal\/wp-json\/wp\/v2\/types\/post"}],"author":[{"embeddable":true,"href":"https:\/\/www.hoymercedes.com.ar\/principal\/wp-json\/wp\/v2\/users\/1"}],"replies":[{"embeddable":true,"href":"https:\/\/www.hoymercedes.com.ar\/principal\/wp-json\/wp\/v2\/comments?post=167202"}],"version-history":[{"count":0,"href":"https:\/\/www.hoymercedes.com.ar\/principal\/wp-json\/wp\/v2\/posts\/167202\/revisions"}],"wp:featuredmedia":[{"embeddable":true,"href":"https:\/\/www.hoymercedes.com.ar\/principal\/wp-json\/wp\/v2\/media\/167197"}],"wp:attachment":[{"href":"https:\/\/www.hoymercedes.com.ar\/principal\/wp-json\/wp\/v2\/media?parent=167202"}],"wp:term":[{"taxonomy":"category","embeddable":true,"href":"https:\/\/www.hoymercedes.com.ar\/principal\/wp-json\/wp\/v2\/categories?post=167202"},{"taxonomy":"post_tag","embeddable":true,"href":"https:\/\/www.hoymercedes.com.ar\/principal\/wp-json\/wp\/v2\/tags?post=167202"}],"curies":[{"name":"wp","href":"https:\/\/api.w.org\/{rel}","templated":true}]}}