{"id":167224,"date":"2023-09-18T13:37:00","date_gmt":"2023-09-18T16:37:00","guid":{"rendered":"https:\/\/www.hoymercedes.com.ar\/principal\/?p=167224"},"modified":"2023-09-18T12:46:25","modified_gmt":"2023-09-18T15:46:25","slug":"all-boys-solidario-se-reunio-con-representantes-del-ministerio-de-salud","status":"publish","type":"post","link":"https:\/\/www.hoymercedes.com.ar\/principal\/2023\/09\/18\/all-boys-solidario-se-reunio-con-representantes-del-ministerio-de-salud\/","title":{"rendered":"All Boys Solidario se reuni\u00f3 con representantes del Ministerio de Salud"},"content":{"rendered":"\n<p><strong><em>Representantes de la organizaci\u00f3n All Boys Solidario se reunieron con destacados referentes del Ministerio de Salud de la Naci\u00f3n, en respuesta a un llamado de la Ministra Carla Vizzoti.<\/em><\/strong><\/p>\n\n\n<div class=\"wp-block-image\">\n<figure class=\"aligncenter size-full\"><img loading=\"lazy\" decoding=\"async\" width=\"696\" height=\"485\" data-attachment-id=\"167225\" data-permalink=\"https:\/\/www.hoymercedes.com.ar\/principal\/2023\/09\/18\/all-boys-solidario-se-reunio-con-representantes-del-ministerio-de-salud\/image-2-16\/#main\" data-orig-file=\"https:\/\/www.hoymercedes.com.ar\/principal\/wp-content\/uploads\/2023\/09\/image-2.png\" data-orig-size=\"696,485\" data-comments-opened=\"0\" data-image-meta=\"{&quot;aperture&quot;:&quot;0&quot;,&quot;credit&quot;:&quot;&quot;,&quot;camera&quot;:&quot;&quot;,&quot;caption&quot;:&quot;&quot;,&quot;created_timestamp&quot;:&quot;0&quot;,&quot;copyright&quot;:&quot;&quot;,&quot;focal_length&quot;:&quot;0&quot;,&quot;iso&quot;:&quot;0&quot;,&quot;shutter_speed&quot;:&quot;0&quot;,&quot;title&quot;:&quot;&quot;,&quot;orientation&quot;:&quot;0&quot;}\" data-image-title=\"image-2\" data-image-description=\"\" data-image-caption=\"\" data-large-file=\"https:\/\/www.hoymercedes.com.ar\/principal\/wp-content\/uploads\/2023\/09\/image-2.png\" src=\"https:\/\/www.hoymercedes.com.ar\/principal\/wp-content\/uploads\/2023\/09\/image-2.png\" alt=\"\" class=\"wp-image-167225\" srcset=\"https:\/\/www.hoymercedes.com.ar\/principal\/wp-content\/uploads\/2023\/09\/image-2.png 696w, https:\/\/www.hoymercedes.com.ar\/principal\/wp-content\/uploads\/2023\/09\/image-2-630x439.png 630w, https:\/\/www.hoymercedes.com.ar\/principal\/wp-content\/uploads\/2023\/09\/image-2-150x105.png 150w, https:\/\/www.hoymercedes.com.ar\/principal\/wp-content\/uploads\/2023\/09\/image-2-120x85.png 120w\" sizes=\"auto, (max-width: 696px) 100vw, 696px\" \/><\/figure>\n<\/div>\n\n\n<p>La reuni\u00f3n, que tuvo lugar en las instalaciones del Ministerio de Salud, cont\u00f3 con la presencia de la doctora Natalia Grinblat, Subsecretaria de Medicamentos e Informaci\u00f3n Estrat\u00e9gica; la doctora Vanina Mercedes S\u00e1nchez; la doctora Natalia Messina, Directora del Programa de Enfermedades Poco Frecuentes (EPF); la doctora Mar\u00eda Celeste D\u00edaz; y Malena Del Giudice,&nbsp; Guillermo Repetto y Omar \u201cPelusa\u201d Gonz\u00e1lez, por All Boys.<\/p>\n\n\n\n<p>Durante esta reuni\u00f3n, se abordaron temas de gran importancia para la salud en todo el pa\u00eds. Uno de los principales puntos de discusi\u00f3n se centr\u00f3 en la creaci\u00f3n de un programa a nivel nacional. Este programa incluir\u00e1 un Listado Nacional de Enfermedades Poco Frecuentes (EPF) que contendr\u00e1 informaci\u00f3n sobre todas estas enfermedades y los referentes m\u00e9dicos en todo el territorio argentino.<\/p>\n\n\n\n<p>El objetivo principal es garantizar una respuesta y asistencia r\u00e1pida en casos de EPF, c\u00f3mo la Distrofia de Duchenne, ofreciendo no solo informaci\u00f3n sino tambi\u00e9n atenci\u00f3n y contenci\u00f3n tanto para los pacientes como para sus acompa\u00f1antes.<\/p>\n\n\n\n<p>Adem\u00e1s, se anunci\u00f3 con gran entusiasmo que el Ministerio de Salud se convertir\u00e1 en auspiciante oficial de la Campa\u00f1a \u201cVoy por Vos\u201d.<\/p>\n\n\n\n<p>En el marco de esta campa\u00f1a, se desplegar\u00e1 una bandera que recorrer\u00e1 los estadios de f\u00fatbol de Argentina, promoviendo la conciencia sobre las enfermedades poco frecuentes y la importancia de brindar apoyo a quienes las padecen.<\/p>\n\n\n\n<p>Esta reuni\u00f3n representa un paso significativo en la colaboraci\u00f3n entre All Boys Solidario y el Ministerio de Salud, con el firme prop\u00f3sito de mejorar la atenci\u00f3n y la calidad de vida de aquellos afectados por enfermedades poco frecuentes en Argentina.<\/p>\n\n\n\n<p>Colaboraci\u00f3n Mariano  Oyarz\u00fa<\/p>\n","protected":false},"excerpt":{"rendered":"<p>Representantes de la organizaci\u00f3n All Boys Solidario se reunieron con destacados referentes del Ministerio de Salud de la Naci\u00f3n, en respuesta a un llamado de la Ministra Carla Vizzoti.<\/p>\n","protected":false},"author":1,"featured_media":167225,"comment_status":"closed","ping_status":"open","sticky":false,"template":"","format":"standard","meta":{"_monsterinsights_skip_tracking":false,"_monsterinsights_sitenote_active":false,"_monsterinsights_sitenote_note":"","_monsterinsights_sitenote_category":0,"jetpack_post_was_ever_published":false,"_jetpack_newsletter_access":"","_jetpack_dont_email_post_to_subs":false,"_jetpack_newsletter_tier_id":0,"_jetpack_memberships_contains_paywalled_content":false,"_jetpack_memberships_contains_paid_content":false,"footnotes":"","jetpack_publicize_message":"","jetpack_publicize_feature_enabled":true,"jetpack_social_post_already_shared":true,"jetpack_social_options":{"image_generator_settings":{"template":"highway","default_image_id":0,"font":"","enabled":false},"version":2},"_wpas_customize_per_network":false},"categories":[8],"tags":[],"class_list":["post-167224","post","type-post","status-publish","format-standard","has-post-thumbnail","hentry","category-sociedad","generate-columns","tablet-grid-50","mobile-grid-100","grid-parent","grid-50"],"jetpack_publicize_connections":[],"jetpack_featured_media_url":"https:\/\/www.hoymercedes.com.ar\/principal\/wp-content\/uploads\/2023\/09\/image-2.png","wps_subtitle":"","jetpack_sharing_enabled":true,"_links":{"self":[{"href":"https:\/\/www.hoymercedes.com.ar\/principal\/wp-json\/wp\/v2\/posts\/167224","targetHints":{"allow":["GET"]}}],"collection":[{"href":"https:\/\/www.hoymercedes.com.ar\/principal\/wp-json\/wp\/v2\/posts"}],"about":[{"href":"https:\/\/www.hoymercedes.com.ar\/principal\/wp-json\/wp\/v2\/types\/post"}],"author":[{"embeddable":true,"href":"https:\/\/www.hoymercedes.com.ar\/principal\/wp-json\/wp\/v2\/users\/1"}],"replies":[{"embeddable":true,"href":"https:\/\/www.hoymercedes.com.ar\/principal\/wp-json\/wp\/v2\/comments?post=167224"}],"version-history":[{"count":0,"href":"https:\/\/www.hoymercedes.com.ar\/principal\/wp-json\/wp\/v2\/posts\/167224\/revisions"}],"wp:featuredmedia":[{"embeddable":true,"href":"https:\/\/www.hoymercedes.com.ar\/principal\/wp-json\/wp\/v2\/media\/167225"}],"wp:attachment":[{"href":"https:\/\/www.hoymercedes.com.ar\/principal\/wp-json\/wp\/v2\/media?parent=167224"}],"wp:term":[{"taxonomy":"category","embeddable":true,"href":"https:\/\/www.hoymercedes.com.ar\/principal\/wp-json\/wp\/v2\/categories?post=167224"},{"taxonomy":"post_tag","embeddable":true,"href":"https:\/\/www.hoymercedes.com.ar\/principal\/wp-json\/wp\/v2\/tags?post=167224"}],"curies":[{"name":"wp","href":"https:\/\/api.w.org\/{rel}","templated":true}]}}