{"id":167229,"date":"2023-09-18T18:04:03","date_gmt":"2023-09-18T21:04:03","guid":{"rendered":"https:\/\/www.hoymercedes.com.ar\/principal\/?p=167229"},"modified":"2023-09-18T18:04:05","modified_gmt":"2023-09-18T21:04:05","slug":"ustarroz-inauguro-el-10o-jardin-espacio-primera-infancia","status":"publish","type":"post","link":"https:\/\/www.hoymercedes.com.ar\/principal\/2023\/09\/18\/ustarroz-inauguro-el-10o-jardin-espacio-primera-infancia\/","title":{"rendered":"Ustarroz inaugur\u00f3 el 10\u00ba Jard\u00edn Espacio Primera Infancia"},"content":{"rendered":"\n<figure class=\"wp-block-image size-large\"><img loading=\"lazy\" decoding=\"async\" width=\"1024\" height=\"682\" data-attachment-id=\"167230\" data-permalink=\"https:\/\/www.hoymercedes.com.ar\/principal\/2023\/09\/18\/ustarroz-inauguro-el-10o-jardin-espacio-primera-infancia\/inauguracion-espaciojarinprimerainfancia-gowlanddsc09405\/#main\" data-orig-file=\"https:\/\/www.hoymercedes.com.ar\/principal\/wp-content\/uploads\/2023\/09\/Inauguracion.EspacioJarinPrimeraInfancia.GowlandDSC09405.jpg\" data-orig-size=\"1250,833\" data-comments-opened=\"0\" data-image-meta=\"{&quot;aperture&quot;:&quot;10&quot;,&quot;credit&quot;:&quot;&quot;,&quot;camera&quot;:&quot;ILCE-7M3&quot;,&quot;caption&quot;:&quot;&quot;,&quot;created_timestamp&quot;:&quot;1695034290&quot;,&quot;copyright&quot;:&quot;&quot;,&quot;focal_length&quot;:&quot;28&quot;,&quot;iso&quot;:&quot;1600&quot;,&quot;shutter_speed&quot;:&quot;0.00625&quot;,&quot;title&quot;:&quot;&quot;,&quot;orientation&quot;:&quot;0&quot;}\" data-image-title=\"Inauguracion.EspacioJarinPrimeraInfancia.GowlandDSC09405\" data-image-description=\"\" data-image-caption=\"\" data-large-file=\"https:\/\/www.hoymercedes.com.ar\/principal\/wp-content\/uploads\/2023\/09\/Inauguracion.EspacioJarinPrimeraInfancia.GowlandDSC09405-1024x682.jpg\" src=\"https:\/\/www.hoymercedes.com.ar\/principal\/wp-content\/uploads\/2023\/09\/Inauguracion.EspacioJarinPrimeraInfancia.GowlandDSC09405-1024x682.jpg\" alt=\"\" class=\"wp-image-167230\" srcset=\"https:\/\/www.hoymercedes.com.ar\/principal\/wp-content\/uploads\/2023\/09\/Inauguracion.EspacioJarinPrimeraInfancia.GowlandDSC09405-1024x682.jpg 1024w, https:\/\/www.hoymercedes.com.ar\/principal\/wp-content\/uploads\/2023\/09\/Inauguracion.EspacioJarinPrimeraInfancia.GowlandDSC09405-630x420.jpg 630w, https:\/\/www.hoymercedes.com.ar\/principal\/wp-content\/uploads\/2023\/09\/Inauguracion.EspacioJarinPrimeraInfancia.GowlandDSC09405-150x100.jpg 150w, https:\/\/www.hoymercedes.com.ar\/principal\/wp-content\/uploads\/2023\/09\/Inauguracion.EspacioJarinPrimeraInfancia.GowlandDSC09405-700x465.jpg 700w, https:\/\/www.hoymercedes.com.ar\/principal\/wp-content\/uploads\/2023\/09\/Inauguracion.EspacioJarinPrimeraInfancia.GowlandDSC09405.jpg 1250w\" sizes=\"auto, (max-width: 1024px) 100vw, 1024px\" \/><\/figure>\n\n\n\n<p><strong>Es el decimo inaugurado<\/strong> por la gesti\u00f3n del intendente Ustarroz. Fue en la localidad de Gowland dando respuesta a las familias. Funcionar\u00e1 en el edificio del Club de Gowland tras conveniar un trabajo en conjunto en pos del cuidado de las y los ni\u00f1os. Participaron del acto las familias, la ministra Victoria Tolosa Paz, el ministro Eduardo \u201cWado\u201d de Pedro, el secretario de ni\u00f1ez y adolescencia Gabriel Lerner, el presidente del Club.<\/p>\n\n\n\n<figure class=\"wp-block-image size-large\"><img loading=\"lazy\" decoding=\"async\" width=\"1024\" height=\"682\" data-attachment-id=\"167231\" data-permalink=\"https:\/\/www.hoymercedes.com.ar\/principal\/2023\/09\/18\/ustarroz-inauguro-el-10o-jardin-espacio-primera-infancia\/inauguracion-espaciojarinprimerainfancia-gowlanddsc09425\/#main\" data-orig-file=\"https:\/\/www.hoymercedes.com.ar\/principal\/wp-content\/uploads\/2023\/09\/Inauguracion.EspacioJarinPrimeraInfancia.GowlandDSC09425.jpg\" data-orig-size=\"1250,833\" data-comments-opened=\"0\" data-image-meta=\"{&quot;aperture&quot;:&quot;10&quot;,&quot;credit&quot;:&quot;&quot;,&quot;camera&quot;:&quot;ILCE-7M3&quot;,&quot;caption&quot;:&quot;&quot;,&quot;created_timestamp&quot;:&quot;1695034325&quot;,&quot;copyright&quot;:&quot;&quot;,&quot;focal_length&quot;:&quot;28&quot;,&quot;iso&quot;:&quot;500&quot;,&quot;shutter_speed&quot;:&quot;0.00625&quot;,&quot;title&quot;:&quot;&quot;,&quot;orientation&quot;:&quot;0&quot;}\" data-image-title=\"Inauguracion.EspacioJarinPrimeraInfancia.GowlandDSC09425\" data-image-description=\"\" data-image-caption=\"\" data-large-file=\"https:\/\/www.hoymercedes.com.ar\/principal\/wp-content\/uploads\/2023\/09\/Inauguracion.EspacioJarinPrimeraInfancia.GowlandDSC09425-1024x682.jpg\" src=\"https:\/\/www.hoymercedes.com.ar\/principal\/wp-content\/uploads\/2023\/09\/Inauguracion.EspacioJarinPrimeraInfancia.GowlandDSC09425-1024x682.jpg\" alt=\"\" class=\"wp-image-167231\" srcset=\"https:\/\/www.hoymercedes.com.ar\/principal\/wp-content\/uploads\/2023\/09\/Inauguracion.EspacioJarinPrimeraInfancia.GowlandDSC09425-1024x682.jpg 1024w, https:\/\/www.hoymercedes.com.ar\/principal\/wp-content\/uploads\/2023\/09\/Inauguracion.EspacioJarinPrimeraInfancia.GowlandDSC09425-630x420.jpg 630w, https:\/\/www.hoymercedes.com.ar\/principal\/wp-content\/uploads\/2023\/09\/Inauguracion.EspacioJarinPrimeraInfancia.GowlandDSC09425-150x100.jpg 150w, https:\/\/www.hoymercedes.com.ar\/principal\/wp-content\/uploads\/2023\/09\/Inauguracion.EspacioJarinPrimeraInfancia.GowlandDSC09425-700x465.jpg 700w, https:\/\/www.hoymercedes.com.ar\/principal\/wp-content\/uploads\/2023\/09\/Inauguracion.EspacioJarinPrimeraInfancia.GowlandDSC09425.jpg 1250w\" sizes=\"auto, (max-width: 1024px) 100vw, 1024px\" \/><\/figure>\n\n\n\n<p><strong>Felicidad<\/strong><\/p>\n\n\n\n<p>Con gran felicidad y emoci\u00f3n, familias de la localidad de Gowland junto a funcionarios nacionales, provinciales y el Municipio de Mercedes, inauguraron el d\u00e9cimo Jard\u00edn Espacio de Primera Infancia de la ciudad, un verdadero hito en la historia de nuestra comunidad. De esta manera, el Estado sigue dando respuestas concretas, impulsando y apoyando pol\u00edticas p\u00fablicas que favorecen y contienen a los ni\u00f1os y ni\u00f1as.<\/p>\n\n\n\n<p><strong>Importante<\/strong><\/p>\n\n\n\n<p>El intendente <strong>Juan Ignacio Ustarroz <\/strong>expres\u00f3 \u201ces un d\u00eda muy importante para nosotras y nosotros, este es el d\u00e9cimo Jard\u00f3n Espacio Primera Infancia que abrimos en la ciudad y es gracias al gran trabajo en conjunto que existi\u00f3 con toda la comunidad de Gowland\u201d, sostuvo.<\/p>\n\n\n\n<p><strong>Comunidad<\/strong><\/p>\n\n\n\n<p>Asimismo, el <strong>Dr. Ustarroz<\/strong> inform\u00f3 \u201cel primer EPI se realiz\u00f3 en el barrio San Mart\u00edn y surgi\u00f3 en la Sociedad de Fomento, y ese primer paso permiti\u00f3 que hoy lleguemos a 10, donde como en todos, lo fundamental fue el factor humano\u201d y apunt\u00f3 \u201cesto nos permite dar una respuesta concreta a las familias de la localidad que ahora tendr\u00e1n, no s\u00f3lo la posibilidad del cuidado, sino, adem\u00e1s, un acompa\u00f1amiento integral al ni\u00f1o y a la familia, que se da entre el Municipio y la comunidad lo cual es muy importante\u201d.<\/p>\n\n\n\n<p><strong>Acompa\u00f1amiento<\/strong><\/p>\n\n\n\n<p>\u201cPara llevar adelante estas importantes obras, necesitamos el apoyo tanto del Estado Provincial como Nacional, porque los recursos para el Municipio son limitados, por lo que agradecemos el apoyo constante a nuestra ciudad\u201d destac\u00f3 el <strong>intendente Ustarroz.<\/strong><\/p>\n\n\n\n<figure class=\"wp-block-image size-large\"><img loading=\"lazy\" decoding=\"async\" width=\"1024\" height=\"682\" data-attachment-id=\"167232\" data-permalink=\"https:\/\/www.hoymercedes.com.ar\/principal\/2023\/09\/18\/ustarroz-inauguro-el-10o-jardin-espacio-primera-infancia\/inauguracion-espaciojarinprimerainfancia-gowlanddsc09259\/#main\" data-orig-file=\"https:\/\/www.hoymercedes.com.ar\/principal\/wp-content\/uploads\/2023\/09\/Inauguracion.EspacioJarinPrimeraInfancia.GowlandDSC09259.jpg\" data-orig-size=\"1250,833\" data-comments-opened=\"0\" data-image-meta=\"{&quot;aperture&quot;:&quot;10&quot;,&quot;credit&quot;:&quot;&quot;,&quot;camera&quot;:&quot;ILCE-7M3&quot;,&quot;caption&quot;:&quot;&quot;,&quot;created_timestamp&quot;:&quot;1695032870&quot;,&quot;copyright&quot;:&quot;&quot;,&quot;focal_length&quot;:&quot;52&quot;,&quot;iso&quot;:&quot;160&quot;,&quot;shutter_speed&quot;:&quot;0.00625&quot;,&quot;title&quot;:&quot;&quot;,&quot;orientation&quot;:&quot;0&quot;}\" data-image-title=\"Inauguracion.EspacioJarinPrimeraInfancia.GowlandDSC09259\" data-image-description=\"\" data-image-caption=\"\" data-large-file=\"https:\/\/www.hoymercedes.com.ar\/principal\/wp-content\/uploads\/2023\/09\/Inauguracion.EspacioJarinPrimeraInfancia.GowlandDSC09259-1024x682.jpg\" src=\"https:\/\/www.hoymercedes.com.ar\/principal\/wp-content\/uploads\/2023\/09\/Inauguracion.EspacioJarinPrimeraInfancia.GowlandDSC09259-1024x682.jpg\" alt=\"\" class=\"wp-image-167232\" srcset=\"https:\/\/www.hoymercedes.com.ar\/principal\/wp-content\/uploads\/2023\/09\/Inauguracion.EspacioJarinPrimeraInfancia.GowlandDSC09259-1024x682.jpg 1024w, https:\/\/www.hoymercedes.com.ar\/principal\/wp-content\/uploads\/2023\/09\/Inauguracion.EspacioJarinPrimeraInfancia.GowlandDSC09259-630x420.jpg 630w, https:\/\/www.hoymercedes.com.ar\/principal\/wp-content\/uploads\/2023\/09\/Inauguracion.EspacioJarinPrimeraInfancia.GowlandDSC09259-150x100.jpg 150w, https:\/\/www.hoymercedes.com.ar\/principal\/wp-content\/uploads\/2023\/09\/Inauguracion.EspacioJarinPrimeraInfancia.GowlandDSC09259-700x465.jpg 700w, https:\/\/www.hoymercedes.com.ar\/principal\/wp-content\/uploads\/2023\/09\/Inauguracion.EspacioJarinPrimeraInfancia.GowlandDSC09259.jpg 1250w\" sizes=\"auto, (max-width: 1024px) 100vw, 1024px\" \/><\/figure>\n\n\n\n<p><strong>Ministra<\/strong><\/p>\n\n\n\n<p>Por su parte, la ministra de desarrollo social, <strong>Victoria Tolosa Paz<\/strong> expres\u00f3 \u201cuna alegr\u00eda estar nuevamente en Mercedes acompa\u00f1ando al intendente Ustarroz y a todo su equipo que ha plantado una importante bandera en materia de infancia\u201d y agreg\u00f3 \u201cponemos en valor lo que hace Mercedes y cada vez que hay una invitaci\u00f3n a un espacio de infancia construido colectivamente entre el empuje de la comunidad organizada de Gowland, pero tambi\u00e9n con el apoyo de la provincia de Buenos Aires y la Naci\u00f3n, importantes para el avance de la ciudad\u201d.<\/p>\n\n\n\n<figure class=\"wp-block-image size-large\"><img loading=\"lazy\" decoding=\"async\" width=\"1024\" height=\"682\" data-attachment-id=\"167234\" data-permalink=\"https:\/\/www.hoymercedes.com.ar\/principal\/2023\/09\/18\/ustarroz-inauguro-el-10o-jardin-espacio-primera-infancia\/inauguracion-espaciojarinprimerainfancia-gowlanddsc09328\/#main\" data-orig-file=\"https:\/\/www.hoymercedes.com.ar\/principal\/wp-content\/uploads\/2023\/09\/Inauguracion.EspacioJarinPrimeraInfancia.GowlandDSC09328.jpg\" data-orig-size=\"1250,833\" data-comments-opened=\"0\" data-image-meta=\"{&quot;aperture&quot;:&quot;10&quot;,&quot;credit&quot;:&quot;&quot;,&quot;camera&quot;:&quot;ILCE-7M3&quot;,&quot;caption&quot;:&quot;&quot;,&quot;created_timestamp&quot;:&quot;1695033595&quot;,&quot;copyright&quot;:&quot;&quot;,&quot;focal_length&quot;:&quot;55&quot;,&quot;iso&quot;:&quot;200&quot;,&quot;shutter_speed&quot;:&quot;0.00625&quot;,&quot;title&quot;:&quot;&quot;,&quot;orientation&quot;:&quot;0&quot;}\" data-image-title=\"Inauguracion.EspacioJarinPrimeraInfancia.GowlandDSC09328\" data-image-description=\"\" data-image-caption=\"\" data-large-file=\"https:\/\/www.hoymercedes.com.ar\/principal\/wp-content\/uploads\/2023\/09\/Inauguracion.EspacioJarinPrimeraInfancia.GowlandDSC09328-1024x682.jpg\" src=\"https:\/\/www.hoymercedes.com.ar\/principal\/wp-content\/uploads\/2023\/09\/Inauguracion.EspacioJarinPrimeraInfancia.GowlandDSC09328-1024x682.jpg\" alt=\"\" class=\"wp-image-167234\" srcset=\"https:\/\/www.hoymercedes.com.ar\/principal\/wp-content\/uploads\/2023\/09\/Inauguracion.EspacioJarinPrimeraInfancia.GowlandDSC09328-1024x682.jpg 1024w, https:\/\/www.hoymercedes.com.ar\/principal\/wp-content\/uploads\/2023\/09\/Inauguracion.EspacioJarinPrimeraInfancia.GowlandDSC09328-630x420.jpg 630w, https:\/\/www.hoymercedes.com.ar\/principal\/wp-content\/uploads\/2023\/09\/Inauguracion.EspacioJarinPrimeraInfancia.GowlandDSC09328-150x100.jpg 150w, https:\/\/www.hoymercedes.com.ar\/principal\/wp-content\/uploads\/2023\/09\/Inauguracion.EspacioJarinPrimeraInfancia.GowlandDSC09328-700x465.jpg 700w, https:\/\/www.hoymercedes.com.ar\/principal\/wp-content\/uploads\/2023\/09\/Inauguracion.EspacioJarinPrimeraInfancia.GowlandDSC09328.jpg 1250w\" sizes=\"auto, (max-width: 1024px) 100vw, 1024px\" \/><\/figure>\n\n\n\n<p><strong>Trabajo<\/strong><\/p>\n\n\n\n<p>\u201cEstos 10 Espacios reflejan la voluntad de un intendente que en tiempos adversos plant\u00f3 una bandera, la de la importancia de la Primera Infancia, no s\u00f3lo en Mercedes, sino en el pa\u00eds\u201d, sostuvo la ministra de desarrollo social de la Naci\u00f3n.<\/p>\n\n\n\n<figure class=\"wp-block-image size-large\"><img loading=\"lazy\" decoding=\"async\" width=\"1024\" height=\"682\" data-attachment-id=\"167233\" data-permalink=\"https:\/\/www.hoymercedes.com.ar\/principal\/2023\/09\/18\/ustarroz-inauguro-el-10o-jardin-espacio-primera-infancia\/inauguracion-espaciojarinprimerainfancia-gowlanddsc09382\/#main\" data-orig-file=\"https:\/\/www.hoymercedes.com.ar\/principal\/wp-content\/uploads\/2023\/09\/Inauguracion.EspacioJarinPrimeraInfancia.GowlandDSC09382.jpg\" data-orig-size=\"1250,833\" data-comments-opened=\"0\" data-image-meta=\"{&quot;aperture&quot;:&quot;10&quot;,&quot;credit&quot;:&quot;&quot;,&quot;camera&quot;:&quot;ILCE-7M3&quot;,&quot;caption&quot;:&quot;&quot;,&quot;created_timestamp&quot;:&quot;1695033933&quot;,&quot;copyright&quot;:&quot;&quot;,&quot;focal_length&quot;:&quot;62&quot;,&quot;iso&quot;:&quot;125&quot;,&quot;shutter_speed&quot;:&quot;0.00625&quot;,&quot;title&quot;:&quot;&quot;,&quot;orientation&quot;:&quot;0&quot;}\" data-image-title=\"Inauguracion.EspacioJarinPrimeraInfancia.GowlandDSC09382\" data-image-description=\"\" data-image-caption=\"\" data-large-file=\"https:\/\/www.hoymercedes.com.ar\/principal\/wp-content\/uploads\/2023\/09\/Inauguracion.EspacioJarinPrimeraInfancia.GowlandDSC09382-1024x682.jpg\" src=\"https:\/\/www.hoymercedes.com.ar\/principal\/wp-content\/uploads\/2023\/09\/Inauguracion.EspacioJarinPrimeraInfancia.GowlandDSC09382-1024x682.jpg\" alt=\"\" class=\"wp-image-167233\" srcset=\"https:\/\/www.hoymercedes.com.ar\/principal\/wp-content\/uploads\/2023\/09\/Inauguracion.EspacioJarinPrimeraInfancia.GowlandDSC09382-1024x682.jpg 1024w, https:\/\/www.hoymercedes.com.ar\/principal\/wp-content\/uploads\/2023\/09\/Inauguracion.EspacioJarinPrimeraInfancia.GowlandDSC09382-630x420.jpg 630w, https:\/\/www.hoymercedes.com.ar\/principal\/wp-content\/uploads\/2023\/09\/Inauguracion.EspacioJarinPrimeraInfancia.GowlandDSC09382-150x100.jpg 150w, https:\/\/www.hoymercedes.com.ar\/principal\/wp-content\/uploads\/2023\/09\/Inauguracion.EspacioJarinPrimeraInfancia.GowlandDSC09382-700x465.jpg 700w, https:\/\/www.hoymercedes.com.ar\/principal\/wp-content\/uploads\/2023\/09\/Inauguracion.EspacioJarinPrimeraInfancia.GowlandDSC09382.jpg 1250w\" sizes=\"auto, (max-width: 1024px) 100vw, 1024px\" \/><\/figure>\n\n\n\n<p><strong>Mercedes<\/strong><\/p>\n\n\n\n<p>Conjuntamente, qui\u00e9n tom\u00f3 la palabra fue el Ministro del Interior, <strong>Eduardo \u201cWado\u201d De Pedro<\/strong> qui\u00e9n manifest\u00f3 \u201ccuando Juani comenz\u00f3 a planificar la ciudad por el 2011 empezamos a ver las obras que hac\u00edan falta, elaboramos un plan estrat\u00e9gico, pensando en obras y en los clubes, y cuando llega Juani al Municipio de Mercedes, creo que hubo un cambio en la concepci\u00f3n de la pol\u00edtica, que fue establecer que Mercedes fuera un municipio solidario, fortaleciendo todas las pol\u00edticas de minoridad e infancia, y arm\u00f3 el plan Primeros Mil D\u00edas, donde ponemos nuestros recursos, el coraz\u00f3n al lado de las futuras generaciones\u201d, sostuvo.<\/p>\n\n\n\n<p>\u201cEste es el d\u00e9cimo Espacio Primera Infancia por lo que quiero felicitarlos, porque adem\u00e1s de planificarlos y pensarlos, despu\u00e9s se termina viendo en los hechos, del coraz\u00f3n a la cabeza y de la cabeza a los hechos\u201d remarc\u00f3 el ministro del Interior.&nbsp;&nbsp;&nbsp;&nbsp; &nbsp;&nbsp;&nbsp;&nbsp;&nbsp;&nbsp;&nbsp;<\/p>\n\n\n\n<p><strong>Hacer<\/strong><\/p>\n\n\n\n<p>La directora de ni\u00f1ez y adolescencia, Lic. Gabriela Olivella cont\u00f3 \u201carrancamos con el primer Espacio por el a\u00f1o 2016 en el barrio San Mart\u00edn y fuimos asumiendo el desaf\u00edo de seguir aumentando la cantidad, trabajo que nos llev\u00f3 a la inauguraci\u00f3n de este d\u00e9cimo Espacio, lo cual nos llena de emoci\u00f3n\u201d y agreg\u00f3 \u201clas localidades de Gowland y Agote han crecido much\u00edsimo y era una demanda de la poblaci\u00f3n, le llevamos la propuesta al intendente Ustarroz, nos dijo s\u00ed, m\u00e9tanle para adelante, y ac\u00e1 estamos inaugurando este espacio tan importante\u201d.<\/p>\n\n\n\n<p>\u201cEsta obra sintetiza dos ejes fundamentales de nuestra gesti\u00f3n, una es escuchar, planificar y hacer y el otro fue el concepto de comunidad organizada\u201d se\u00f1al\u00f3 Olivella.&nbsp; &nbsp;&nbsp;<\/p>\n\n\n\n<p><strong>Club<\/strong><\/p>\n\n\n\n<p>El presidente de la instituci\u00f3n deportiva, Maxi Navarro dijo \u201ccuando inauguramos el sum, el intendente Ustarroz junto a Juli\u00e1n Inzaurgarat nos propusieron esta obra, la construcci\u00f3n de un Espacio de Primera Infancia y no lo dudamos en ning\u00fan momento\u201d y a\u00f1adi\u00f3 \u201cestoy muy emocionado porque viv\u00ed toda mi vida ac\u00e1, y que hoy estemos llevando adelante este espacio es una satisfacci\u00f3n, no s\u00f3lo para m\u00ed, sino para los vecinos y vecinas de Gowland\u201d.<\/p>\n","protected":false},"excerpt":{"rendered":"<p>Es el decimo inaugurado por la gesti\u00f3n del intendente Ustarroz. Fue en la localidad de Gowland dando respuesta a las &#8230; <a title=\"Ustarroz inaugur\u00f3 el 10\u00ba Jard\u00edn Espacio Primera Infancia\" class=\"read-more\" href=\"https:\/\/www.hoymercedes.com.ar\/principal\/2023\/09\/18\/ustarroz-inauguro-el-10o-jardin-espacio-primera-infancia\/\" aria-label=\"Leer m\u00e1s sobre Ustarroz inaugur\u00f3 el 10\u00ba Jard\u00edn Espacio Primera Infancia\">Leer m\u00e1s<\/a><\/p>\n","protected":false},"author":1,"featured_media":167230,"comment_status":"closed","ping_status":"open","sticky":false,"template":"","format":"standard","meta":{"_monsterinsights_skip_tracking":false,"_monsterinsights_sitenote_active":false,"_monsterinsights_sitenote_note":"","_monsterinsights_sitenote_category":0,"jetpack_post_was_ever_published":false,"_jetpack_newsletter_access":"","_jetpack_dont_email_post_to_subs":false,"_jetpack_newsletter_tier_id":0,"_jetpack_memberships_contains_paywalled_content":false,"_jetpack_memberships_contains_paid_content":false,"footnotes":"","jetpack_publicize_message":"","jetpack_publicize_feature_enabled":true,"jetpack_social_post_already_shared":true,"jetpack_social_options":{"image_generator_settings":{"template":"highway","default_image_id":0,"font":"","enabled":false},"version":2},"_wpas_customize_per_network":false},"categories":[8],"tags":[15555],"class_list":["post-167229","post","type-post","status-publish","format-standard","has-post-thumbnail","hentry","category-sociedad","tag-jardin-espacio-primera-infancia","generate-columns","tablet-grid-50","mobile-grid-100","grid-parent","grid-50"],"jetpack_publicize_connections":[],"jetpack_featured_media_url":"https:\/\/www.hoymercedes.com.ar\/principal\/wp-content\/uploads\/2023\/09\/Inauguracion.EspacioJarinPrimeraInfancia.GowlandDSC09405.jpg","wps_subtitle":"Obras y cuidado de las infancias","jetpack_sharing_enabled":true,"_links":{"self":[{"href":"https:\/\/www.hoymercedes.com.ar\/principal\/wp-json\/wp\/v2\/posts\/167229","targetHints":{"allow":["GET"]}}],"collection":[{"href":"https:\/\/www.hoymercedes.com.ar\/principal\/wp-json\/wp\/v2\/posts"}],"about":[{"href":"https:\/\/www.hoymercedes.com.ar\/principal\/wp-json\/wp\/v2\/types\/post"}],"author":[{"embeddable":true,"href":"https:\/\/www.hoymercedes.com.ar\/principal\/wp-json\/wp\/v2\/users\/1"}],"replies":[{"embeddable":true,"href":"https:\/\/www.hoymercedes.com.ar\/principal\/wp-json\/wp\/v2\/comments?post=167229"}],"version-history":[{"count":0,"href":"https:\/\/www.hoymercedes.com.ar\/principal\/wp-json\/wp\/v2\/posts\/167229\/revisions"}],"wp:featuredmedia":[{"embeddable":true,"href":"https:\/\/www.hoymercedes.com.ar\/principal\/wp-json\/wp\/v2\/media\/167230"}],"wp:attachment":[{"href":"https:\/\/www.hoymercedes.com.ar\/principal\/wp-json\/wp\/v2\/media?parent=167229"}],"wp:term":[{"taxonomy":"category","embeddable":true,"href":"https:\/\/www.hoymercedes.com.ar\/principal\/wp-json\/wp\/v2\/categories?post=167229"},{"taxonomy":"post_tag","embeddable":true,"href":"https:\/\/www.hoymercedes.com.ar\/principal\/wp-json\/wp\/v2\/tags?post=167229"}],"curies":[{"name":"wp","href":"https:\/\/api.w.org\/{rel}","templated":true}]}}