{"id":167257,"date":"2023-09-18T21:00:36","date_gmt":"2023-09-19T00:00:36","guid":{"rendered":"https:\/\/www.hoymercedes.com.ar\/principal\/?p=167257"},"modified":"2023-09-18T21:39:32","modified_gmt":"2023-09-19T00:39:32","slug":"congreso-literario-ocho-escritores-dialogan-con-profesores-de-literatura","status":"publish","type":"post","link":"https:\/\/www.hoymercedes.com.ar\/principal\/2023\/09\/18\/congreso-literario-ocho-escritores-dialogan-con-profesores-de-literatura\/","title":{"rendered":"Congreso Orsai: ocho escritores dialogan con profesores de literatura"},"content":{"rendered":"\n<p>Los d\u00edas viernes 22 y s\u00e1bado 23 de septiembre, se llevar\u00e1 adelante en Mercedes el Primer Congreso Orsai 8\u00d71000 en donde \u00abOcho autores consagrados conversan con mil profes de literatura\u00bb. El evento que ser\u00e1 presencial para 99 profesores mercedinos se transmitir\u00e1 desde La Trocha para otros 901 profesores de todo el mundo que podr\u00e1n participar de manera virtual. <\/p>\n\n\n<div class=\"wp-block-image\">\n<figure class=\"aligncenter size-full\"><img loading=\"lazy\" decoding=\"async\" width=\"800\" height=\"450\" data-attachment-id=\"167258\" data-permalink=\"https:\/\/www.hoymercedes.com.ar\/principal\/2023\/09\/18\/congreso-literario-ocho-escritores-dialogan-con-profesores-de-literatura\/orsai-8x1000\/#main\" data-orig-file=\"https:\/\/www.hoymercedes.com.ar\/principal\/wp-content\/uploads\/2023\/09\/orsai-8x1000-1.jpg\" data-orig-size=\"800,450\" data-comments-opened=\"0\" data-image-meta=\"{&quot;aperture&quot;:&quot;0&quot;,&quot;credit&quot;:&quot;&quot;,&quot;camera&quot;:&quot;&quot;,&quot;caption&quot;:&quot;&quot;,&quot;created_timestamp&quot;:&quot;0&quot;,&quot;copyright&quot;:&quot;&quot;,&quot;focal_length&quot;:&quot;0&quot;,&quot;iso&quot;:&quot;0&quot;,&quot;shutter_speed&quot;:&quot;0&quot;,&quot;title&quot;:&quot;&quot;,&quot;orientation&quot;:&quot;0&quot;}\" data-image-title=\"orsai 8&amp;#215;1000\" data-image-description=\"\" data-image-caption=\"\" data-large-file=\"https:\/\/www.hoymercedes.com.ar\/principal\/wp-content\/uploads\/2023\/09\/orsai-8x1000-1.jpg\" src=\"https:\/\/www.hoymercedes.com.ar\/principal\/wp-content\/uploads\/2023\/09\/orsai-8x1000-1.jpg\" alt=\"\" class=\"wp-image-167258\" srcset=\"https:\/\/www.hoymercedes.com.ar\/principal\/wp-content\/uploads\/2023\/09\/orsai-8x1000-1.jpg 800w, https:\/\/www.hoymercedes.com.ar\/principal\/wp-content\/uploads\/2023\/09\/orsai-8x1000-1-630x354.jpg 630w, https:\/\/www.hoymercedes.com.ar\/principal\/wp-content\/uploads\/2023\/09\/orsai-8x1000-1-150x84.jpg 150w\" sizes=\"auto, (max-width: 800px) 100vw, 800px\" \/><\/figure>\n<\/div>\n\n\n<p>La propuesta de Orsai, la comunidad cultura que encabeza los mercedinos Hern\u00e1n Casciari y Chiri Basilis, comienza con una pregunta fundamental: \u00ab\u00bfQu\u00e9 pasar\u00eda si juntamos a ocho escritores que saben mantener en vilo a su audiencia, para que compartan sus trucos frente a mil profesores de literatura?\u00bb<\/p>\n\n\n\n<p>As\u00ed surgi\u00f3 la idea de invitar a ocho escritores en un  congreso para que se encuentren con profesores y estudiantes de profesorados del \u00e1rea de Lengua y Literatura. Lo titularon como \u00abCongresos Orsai 8&#215;1000\u00bb y se llevar\u00edan adelante dos veces al a\u00f1o. La primera ser\u00e1 en la semana que comenz\u00f3. <\/p>\n\n\n\n<p>La cita ser\u00e1 el viernes 22 y el s\u00e1bado 23 de septiembre y se transmitir\u00e1 desde Mercedes, Buenos Aires. Ser\u00e1 en formato presencial para 99 profes mercedinos, y habr\u00e1 901 plazas virtuales para profesores de lengua y literatura de cualquier parte de Hispanoam\u00e9rica que quieran participar desde sus casas.<\/p>\n\n\n\n<p>Los primeros 901 profesores virtuales que se inscriban recibir\u00e1n (adem\u00e1s de las ocho conferencias) un taller con asesores pedag\u00f3gicos y un certificado de asistencia por parte de Orsai.\u00a0El evento ser\u00e1 transmitido en vivo por streaming a todo el mundo, y cualquiera puede inscribirse como oyente. Inscripci\u00f3n: <a href=\"https:\/\/tienda.orsai.org\/evento\/8x1000 \" target=\"_blank\" rel=\"noopener\">https:\/\/tienda.orsai.org\/evento\/8&#215;1000 <\/a><\/p>\n\n\n\n<p>Este Congreso Orsai es gratuito gracias a una donaci\u00f3n de\u00a0Mercado Libre\u00a0a la\u00a0Comunidad Orsai, y porque contamos con el apoyo log\u00edstico de la\u00a0Municipalidad de Mercedes\u00a0y las\u00a0Universidades Nacionales de Quilmes\u00a0y\u00a0Hurlingham.<\/p>\n\n\n\n<p><strong><em><span style=\"text-decoration: underline;\">Actividades<br><\/span><\/em><span style=\"text-decoration: underline;\">Viernes 22 de septiembre<\/span><br>Tamara Tenenbaum: \u00abMis cosas favoritas\u00bb: <\/strong>Viernes 22 de septiembre, de 11 a 12 hs. Tamara (Buenos Aires, 1989) es una periodista, escritora y guionista argentina, formada en filosof\u00eda en la Universidad de Buenos Aires. Es autora de los libros\u00a0<em>Reconocimiento de terreno<\/em>,\u00a0<em>Nadie vive tan cerca de nadie<\/em>,\u00a0<em>Todas nuestras maldiciones se cumplieron<\/em>\u00a0y\u00a0<em>El fin del amor. Querer y coger en el siglo XXI<\/em>, su libro m\u00e1s vendido, que luego de ser\u00a0<em>best-seller<\/em>\u00a0se convirti\u00f3 en una serie. Publica regularmente una columna en ElDiarioAR y ha escrito en Infobae, La Naci\u00f3n, Revista Anfibia, Los Angeles Review of Books, Words Without Borders y Vice.<\/p>\n\n\n\n<p><strong>Felipe Pigna: \u00abEnse\u00f1ar historia hoy, los desaf\u00edos del presente\u00bb<\/strong>. Viernes 22 de septiembre de 12 a 13 hs. Felipe (Mercedes, 1959) es divulgador, profesor y escritor argentino, especializado en la historia de su pa\u00eds. Realiza trabajos en diversos formatos, y es considerado el divulgador con m\u00e1s difusi\u00f3n popular en la Argentina. Dirige el Centro de Difusi\u00f3n de la Historia Argentina de la Universidad Nacional de General San Mart\u00edn, y la revista\u00a0<em>Caras y Caretas<\/em>. Public\u00f3 varios libros hist\u00f3ricos, como\u00a0<em>Manuel Belgrano. El hombre del bicentenario<\/em>,\u00a0<em>Evita, jirones de su vida<\/em>\u00a0y\u00a0<em>Mujeres ten\u00edan que ser<\/em>\u00a0y\u00a0<em>Los mitos de la historia argentina<\/em>, su libro m\u00e1s vendido.<\/p>\n\n\n\n<p><strong>Selva Almada: \u00abLa escritura, el misterio\u00bb<\/strong>. Viernes 22 de septiembre de 15 a 16 hs<br>Selva (Entre R\u00edos, 1973) es periodista y escritora. Su cr\u00f3nica de no ficci\u00f3n\u00a0<em>Chicas muertas<\/em>, publicada en 2014, la consagr\u00f3 como una de las escritoras m\u00e1s relevantes de la \u00e9poca. Adem\u00e1s, public\u00f3 las novelas\u00a0<em>El viento que arrasa<\/em>,\u00a0<em>Ladrilleros<\/em>\u00a0y\u00a0<em>No es un r\u00edo<\/em>; los libros de relatos\u00a0<em>Una chica de provincia<\/em>\u00a0y\u00a0<em>Ni\u00f1os<\/em>; y el libro de poemas\u00a0<em>Mal de mu\u00f1ecas<\/em>. Es integrante de distintas antolog\u00edas de relatos y cuentos, entre las que destaca\u00a0<em>Die Nacht des Kometen<\/em>\u00a0(La noche de las cometas). Adem\u00e1s, coordina talleres de lectura y escritura.<\/p>\n\n\n\n<p><strong>Mar\u00eda O&#8217;Donnell: \u00abAcerca de los libros de NO ficci\u00f3n\u00bb<\/strong> . Viernes 22 de septiembre de 16 a 17 hs<br>Mar\u00eda (Connecticut, 1979) es una periodista, escritora, presentadora y polit\u00f3loga argentina. Estudi\u00f3 Ciencia Pol\u00edtica en Universidad de Buenos Aires, tiene un maestr\u00eda en Relaciones Internacionales y tom\u00f3 cursos de postgrado en la Universidad Johns Hopkins. Conduce el programa de radio\u00a0<em>De ac\u00e1 en m\u00e1s<\/em>. Trabaj\u00f3 en los canales de televisi\u00f3n m\u00e1s importantes de argentina y public\u00f3 los libros\u00a0<em>El aparato. Los intendentes del conurbano y las cajas negras de la pol\u00edtica<\/em>,\u00a0<em>Propaganda K<\/em>,\u00a0<em>Born y Quieto<\/em>\u00a0y\u00a0<em>Aramburu<\/em>.<a href=\"https:\/\/www.instagram.com\/odonnellmaria\/?hl=es\" target=\"_blank\" rel=\"noopener\"><\/a><\/p>\n\n\n\n<p><strong>Taller con asesores pedag\u00f3gicos. <\/strong>Viernes 22 de septiembre, 17.30 a 19.00 hs<br>Al finalizar la jornada jornada, habr\u00e1 talleres con asesores pedag\u00f3gicos para todos los asistentes del Congreso (tanto virtual como presencial).<\/p>\n\n\n\n<p><strong><span style=\"text-decoration: underline;\">S\u00e1bado 23 de septiembre<\/span><\/strong><\/p>\n\n\n\n<p><strong>Marcelo Birmajer: \u00abLas historias que me contaron y las que invento: los secretos de un narrador\u00bb<\/strong>. S\u00e1bado 23 de septiembre de 11 a 12 hs<br>Marcelo (Buenos Aires, 1966) es guionista, periodista y escritor. Fue galardonado con el premio Konex como uno de los cinco mejores escritores de literatura juvenil de la d\u00e9cada 1994-2004. Su trilog\u00eda de cuentos\u00a0<em>Historias de hombres casados<\/em>\u00a0fue traducida a varios idiomas y es su publicaci\u00f3n m\u00e1s reconocida. Adem\u00e1s, public\u00f3 las novelas\u00a0<em>El t\u00fanel de los p\u00e1jaros muertos<\/em>,\u00a0<em>Las nieves del tiempo<\/em>\u00a0y\u00a0<em>Escape a la India<\/em>; los cuentos\u00a0<em>Garfios<\/em>\u00a0y\u00a0<em>La mesa del olvido y otros cuentos de amor<\/em>. Escribi\u00f3 en distintos medios como ABC, El pa\u00eds y El mundo.<a href=\"https:\/\/www.instagram.com\/marcelobirmajer\/\" target=\"_blank\" rel=\"noopener\"><\/a><\/p>\n\n\n\n<p><strong>Guillermo Mart\u00ednez: \u00abEl principio como mitad del todo\u00bb<\/strong> S\u00e1bado 23 de septiembre de 12 a 13 hs<br>Guillermo (Bah\u00eda Blanca, 1962) re\u00fane dos caracter\u00edsticas que parecen incompatibles entre si: es escritor y matem\u00e1tico. Adem\u00e1s, es autor de dos libros de cuentos y siete novelas, entre ellas\u00a0<em>Cr\u00edmenes impercetibles<\/em>,\u00a0<em>Acerca de Roderer<\/em>,\u00a0<em>Infierno grande<\/em>,\u00a0<em>Cr\u00edmenes imperceptibles<\/em>\u00a0y\u00a0<em>Los cr\u00edmenes de Alicia<\/em>\u00a0\u2014que recibi\u00f3 el Premio Nadal en 2019\u2014. Su libro m\u00e1s reciente es\u00a0<em>La \u00faltima vez<\/em>. Adem\u00e1s escribi\u00f3\u00a0<em>Borges y la matem\u00e1tica<\/em>,\u00a0<em>Una felicidad repulsiva<\/em>,\u00a0<em>La f\u00f3rmula de la inmortalidad<\/em>\u00a0y otros libros de ensayos.<\/p>\n\n\n\n<p><strong>Josefina Licitra: \u00abDiez trucos para que tus alumnos te escuchen\u00bb. <\/strong>S\u00e1bado 23 de septiembre, de 14 a 15 hs<br>Josefina (La Plata, 1975) es escritora y guionista pero, por sobre todas las cosas una enorme cronista. Desde hace a\u00f1os se convirti\u00f3 en una referencia dentro del g\u00e9nero period\u00edstico de no ficci\u00f3n. Public\u00f3\u00a0<em>Los imprudentes. Historias de la adolescencia gay l\u00e9sbica en Argentina<\/em>,\u00a0<em>Los otros. Una historia del conurbano bonaerense<\/em>,\u00a0<em>El agua mala. Cr\u00f3nicas de Epecu\u00e9n y las casas hundidas<\/em>\u00a0y\u00a0<em>38 estrellas. La mayor fuga de una c\u00e1rcel de mujeres de la historia<\/em>, que es su libro m\u00e1s vendido hasta el momento.<\/p>\n\n\n\n<p><strong>Fabi\u00e1n Casas: \u00abCampos de frutillas por siempre\u00bb. <\/strong>S\u00e1bado 23 de septiembre de 15 a 16 hs<br>Fabi\u00e1n (Buenos Aires, 1965) es escritor, ensayista y narrador. Autor de las novelas\u00a0<em>Ocio<\/em>\u00a0y\u00a0<em>Titanes del coco<\/em>, los libros de cuentos\u00a0<em>Los Lemmings y otros<\/em>,\u00a0<em>Rita viaja al cosmos con Mariano<\/em>\u00a0y\u00a0<em>Una serie de relatos desafortunados<\/em>, entre otros, y m\u00e1s de diez t\u00edtulos de poes\u00eda entre los que se encuentran\u00a0<em>Tuca<\/em>,\u00a0<em>El salm\u00f3n<\/em>,\u00a0<em>\u00daltimos poemas en Prozac<\/em>,\u00a0<em>Cancha rayada<\/em>\u00a0y\u00a0<em>Env\u00edame tus poemas y te enviar\u00e9 los m\u00edos<\/em>. Tambi\u00e9n es autor de los libros\u00a0<em>Ensayos Bonsai<\/em>\u00a0\u2014por el cual gan\u00f3 en Alemania el premio Anna Seghers\u2014,\u00a0<em>Papel para envolver verduras<\/em>\u00a0y\u00a0<em>La voz extra\u00f1a<\/em>, entre otros.<a href=\"https:\/\/www.instagram.com\/fabiancasasescritor\" target=\"_blank\" rel=\"noopener\"><\/a><\/p>\n\n\n\n<p><strong>Taller con asesores pedag\u00f3gicos<\/strong> S\u00e1bado 23 de septiembre de 16.30 a 18.00 hs<br>Al finalizar la segunda jornada, habr\u00e1 talleres con asesores pedag\u00f3gicos para todos los asistentes del Congreso (tanto virtual como presencial).<\/p>\n\n\n\n<p>Para cerrar, despu\u00e9s de las seis de la tarde, habr\u00e1 un recital de cuentos de\u00a0<strong>Hern\u00e1n Casciari<\/strong>, con invitados en el escenario. <\/p>\n\n\n\n<p><\/p>\n","protected":false},"excerpt":{"rendered":"<p>Los d\u00edas viernes 22 y s\u00e1bado 23 de septiembre, se llevar\u00e1 adelante en Mercedes el Primer Congreso Orsai 8\u00d71000 en &#8230; <a title=\"Congreso Orsai: ocho escritores dialogan con profesores de literatura\" class=\"read-more\" href=\"https:\/\/www.hoymercedes.com.ar\/principal\/2023\/09\/18\/congreso-literario-ocho-escritores-dialogan-con-profesores-de-literatura\/\" aria-label=\"Leer m\u00e1s sobre Congreso Orsai: ocho escritores dialogan con profesores de literatura\">Leer m\u00e1s<\/a><\/p>\n","protected":false},"author":1,"featured_media":167258,"comment_status":"closed","ping_status":"open","sticky":false,"template":"","format":"standard","meta":{"_monsterinsights_skip_tracking":false,"_monsterinsights_sitenote_active":false,"_monsterinsights_sitenote_note":"","_monsterinsights_sitenote_category":0,"jetpack_post_was_ever_published":false,"_jetpack_newsletter_access":"","_jetpack_dont_email_post_to_subs":false,"_jetpack_newsletter_tier_id":0,"_jetpack_memberships_contains_paywalled_content":false,"_jetpack_memberships_contains_paid_content":false,"footnotes":"","jetpack_publicize_message":"","jetpack_publicize_feature_enabled":true,"jetpack_social_post_already_shared":true,"jetpack_social_options":{"image_generator_settings":{"template":"highway","default_image_id":0,"font":"","enabled":false},"version":2},"_wpas_customize_per_network":false},"categories":[104],"tags":[7805],"class_list":["post-167257","post","type-post","status-publish","format-standard","has-post-thumbnail","hentry","category-cultura","tag-cultura","generate-columns","tablet-grid-50","mobile-grid-100","grid-parent","grid-50"],"jetpack_publicize_connections":[],"jetpack_featured_media_url":"https:\/\/www.hoymercedes.com.ar\/principal\/wp-content\/uploads\/2023\/09\/orsai-8x1000-1.jpg","wps_subtitle":"","jetpack_sharing_enabled":true,"_links":{"self":[{"href":"https:\/\/www.hoymercedes.com.ar\/principal\/wp-json\/wp\/v2\/posts\/167257","targetHints":{"allow":["GET"]}}],"collection":[{"href":"https:\/\/www.hoymercedes.com.ar\/principal\/wp-json\/wp\/v2\/posts"}],"about":[{"href":"https:\/\/www.hoymercedes.com.ar\/principal\/wp-json\/wp\/v2\/types\/post"}],"author":[{"embeddable":true,"href":"https:\/\/www.hoymercedes.com.ar\/principal\/wp-json\/wp\/v2\/users\/1"}],"replies":[{"embeddable":true,"href":"https:\/\/www.hoymercedes.com.ar\/principal\/wp-json\/wp\/v2\/comments?post=167257"}],"version-history":[{"count":0,"href":"https:\/\/www.hoymercedes.com.ar\/principal\/wp-json\/wp\/v2\/posts\/167257\/revisions"}],"wp:featuredmedia":[{"embeddable":true,"href":"https:\/\/www.hoymercedes.com.ar\/principal\/wp-json\/wp\/v2\/media\/167258"}],"wp:attachment":[{"href":"https:\/\/www.hoymercedes.com.ar\/principal\/wp-json\/wp\/v2\/media?parent=167257"}],"wp:term":[{"taxonomy":"category","embeddable":true,"href":"https:\/\/www.hoymercedes.com.ar\/principal\/wp-json\/wp\/v2\/categories?post=167257"},{"taxonomy":"post_tag","embeddable":true,"href":"https:\/\/www.hoymercedes.com.ar\/principal\/wp-json\/wp\/v2\/tags?post=167257"}],"curies":[{"name":"wp","href":"https:\/\/api.w.org\/{rel}","templated":true}]}}