{"id":167310,"date":"2023-09-19T21:43:57","date_gmt":"2023-09-20T00:43:57","guid":{"rendered":"https:\/\/www.hoymercedes.com.ar\/principal\/?p=167310"},"modified":"2023-09-19T21:44:00","modified_gmt":"2023-09-20T00:44:00","slug":"realizan-caminata-y-taller-de-arte","status":"publish","type":"post","link":"https:\/\/www.hoymercedes.com.ar\/principal\/2023\/09\/19\/realizan-caminata-y-taller-de-arte\/","title":{"rendered":"Realizan caminata y taller de arte"},"content":{"rendered":"\n<p>Marcela Cueto y Paula F\u00edgoli, responsables del ciclo \u00abDesde el entorno. Otras formas posibles de hacer y mirar\u00bb, junto con la agrupaci\u00f3n S.O.S. H\u00c1BITAT invitan a la comunidad a participar de una actividad abierta y gratuita que brindar\u00e1n junto al R\u00edo Luj\u00e1n. La actividad tendr\u00e1 lugar el s\u00e1bado 23 de septiembre, a la hora 15, en zona rural de acceso p\u00fablico entre Mercedes y Garc\u00eda, es decir, r\u00edo arriba del centro de la ciudad. <\/p>\n\n\n<div class=\"wp-block-image\">\n<figure class=\"aligncenter size-full\"><img loading=\"lazy\" decoding=\"async\" width=\"800\" height=\"800\" data-attachment-id=\"167312\" data-permalink=\"https:\/\/www.hoymercedes.com.ar\/principal\/2023\/09\/19\/realizan-caminata-y-taller-de-arte\/img-20230919-wa0001_copy_800x800\/#main\" data-orig-file=\"https:\/\/www.hoymercedes.com.ar\/principal\/wp-content\/uploads\/2023\/09\/IMG-20230919-WA0001_copy_800x800.jpg\" data-orig-size=\"800,800\" data-comments-opened=\"0\" data-image-meta=\"{&quot;aperture&quot;:&quot;0&quot;,&quot;credit&quot;:&quot;&quot;,&quot;camera&quot;:&quot;&quot;,&quot;caption&quot;:&quot;&quot;,&quot;created_timestamp&quot;:&quot;0&quot;,&quot;copyright&quot;:&quot;&quot;,&quot;focal_length&quot;:&quot;0&quot;,&quot;iso&quot;:&quot;0&quot;,&quot;shutter_speed&quot;:&quot;0&quot;,&quot;title&quot;:&quot;&quot;,&quot;orientation&quot;:&quot;0&quot;}\" data-image-title=\"IMG-20230919-WA0001_copy_800x800\" data-image-description=\"\" data-image-caption=\"\" data-large-file=\"https:\/\/www.hoymercedes.com.ar\/principal\/wp-content\/uploads\/2023\/09\/IMG-20230919-WA0001_copy_800x800.jpg\" src=\"https:\/\/www.hoymercedes.com.ar\/principal\/wp-content\/uploads\/2023\/09\/IMG-20230919-WA0001_copy_800x800.jpg\" alt=\"\" class=\"wp-image-167312\" srcset=\"https:\/\/www.hoymercedes.com.ar\/principal\/wp-content\/uploads\/2023\/09\/IMG-20230919-WA0001_copy_800x800.jpg 800w, https:\/\/www.hoymercedes.com.ar\/principal\/wp-content\/uploads\/2023\/09\/IMG-20230919-WA0001_copy_800x800-620x620.jpg 620w, https:\/\/www.hoymercedes.com.ar\/principal\/wp-content\/uploads\/2023\/09\/IMG-20230919-WA0001_copy_800x800-150x150.jpg 150w\" sizes=\"auto, (max-width: 800px) 100vw, 800px\" \/><\/figure>\n<\/div>\n\n\n<p>Participar\u00e1n de este taller y caminata quienes vienen realizando el ciclo completo de formaci\u00f3n, que inici\u00f3 el s\u00e1bado pasado, pero tambi\u00e9n podr\u00e1n hacerlo aquellas personas que no consiguieron vacante al momento de inscribirse o que presentan un inter\u00e9s puntual por esta experiencia de arte y naturaleza. <\/p>\n\n\n\n<p>Para iniciar la actividad, el punto de encuentro ser\u00e1 a las 15 hs en la siguiente ubicaci\u00f3n a la cual se podr\u00e1 llegar de forma aut\u00f3noma en auto, bicicleta o moto. <\/p>\n\n\n\n<p>\u00abDesde el entorno. Otras formas posibles de hacer y mirar\u00bb se trata de una secuencia articulada de encuentros presenciales y gratuitos: charlas, caminatas y talleres, que se est\u00e1 llevando a cabo en Mercedes, Bs As. <\/p>\n\n\n\n<p>El objetivo de la misma es, mediante un enfoque interdisciplinario en clave contempor\u00e1nea, experimentar una relaci\u00f3n nueva con el entorno: pensando, mirando y haciendo para propiciar el conocimiento y disfrute de otras formas posibles de artes visuales, diferentes a las tradicionales, poniendo en juego saberes nuevos y previos. <\/p>\n\n\n\n<p>En el transcurso de estas actividades se est\u00e1n abordando tres aspectos del entorno inmediato: el entorno natural, el urbano y el dom\u00e9stico. Este encuentro junto al r\u00edo, pondr\u00e1 foco en el entorno natural. El epicentro del proyecto es el EAC (Estudio de Arte Cueto, ubicado en calle 19 427, Mercedes), no obstante, por las caracter\u00edsticas de la propuesta algunos de los encuentros suceden en otras ubicaciones, como este al que se est\u00e1 invitando. <\/p>\n\n\n\n<p>Este encuentro, junto a toda la secuencia de actividades se desarrolla en el marco del Programa FUTURA, herramientas para una cultura en movimiento, organizado por el CCEBA; Centro Cultural de Espa\u00f1a en Buenos Aires, con el apoyo de la Fundaci\u00f3n Williams. <\/p>\n\n\n\n<p>Las autoras del proyecto, tambi\u00e9n cuentan con los avales de las Direcciones de Ambiente, de Turismo, y de Cultura de la Municipalidad de Mercedes, de la agrupaci\u00f3n ambiental S.O.S H\u00c1BITAT y del Centro de Estudiantes de la Escuela de Arte de Mercedes. Estudio de Arte Cueto (EAC) es un espacio autogestivo que funciona desde 2021 como galer\u00eda de arte y lugar de reflexi\u00f3n y formaci\u00f3n en la ciudad de Mercedes. Es gestionado por Marcela Cueto y forma parte de la red JUNTA. Desde el EAC sostenemos que es importante abrir el di\u00e1logo para pensar alternativas que se centren en las expresiones y las acciones locales, contribuyendo a la construcci\u00f3n de un saber no doctrinario, no unificado y a una reflexi\u00f3n abierta a la creatividad, y a la producci\u00f3n de un saber sobre la complejidad ambiental que no se agota en el conocimiento objetivo de<br>situaciones y problemas ambientales, sino que implica la inscripci\u00f3n de un saber personal, la producci\u00f3n y apropiaci\u00f3n de un saber.<\/p>\n\n\n\n<p>Para m\u00e1s informaci\u00f3n comunicarse a entornocomomaterial@gmail.com o consultar los perfiles de \u00ednstagram: @estudiodeartecueto , @figolipaula , @marcelacuetoart o @laformadeloincierto<\/p>\n","protected":false},"excerpt":{"rendered":"<p>Marcela Cueto y Paula F\u00edgoli, responsables del ciclo \u00abDesde el entorno. Otras formas posibles de hacer y mirar\u00bb, junto con &#8230; <a title=\"Realizan caminata y taller de arte\" class=\"read-more\" href=\"https:\/\/www.hoymercedes.com.ar\/principal\/2023\/09\/19\/realizan-caminata-y-taller-de-arte\/\" aria-label=\"Leer m\u00e1s sobre Realizan caminata y taller de arte\">Leer m\u00e1s<\/a><\/p>\n","protected":false},"author":1,"featured_media":167312,"comment_status":"closed","ping_status":"open","sticky":false,"template":"","format":"standard","meta":{"_monsterinsights_skip_tracking":false,"_monsterinsights_sitenote_active":false,"_monsterinsights_sitenote_note":"","_monsterinsights_sitenote_category":0,"jetpack_post_was_ever_published":false,"_jetpack_newsletter_access":"","_jetpack_dont_email_post_to_subs":false,"_jetpack_newsletter_tier_id":0,"_jetpack_memberships_contains_paywalled_content":false,"_jetpack_memberships_contains_paid_content":false,"footnotes":"","jetpack_publicize_message":"","jetpack_publicize_feature_enabled":true,"jetpack_social_post_already_shared":true,"jetpack_social_options":{"image_generator_settings":{"template":"highway","default_image_id":0,"font":"","enabled":false},"version":2},"_wpas_customize_per_network":false},"categories":[104],"tags":[7805],"class_list":["post-167310","post","type-post","status-publish","format-standard","has-post-thumbnail","hentry","category-cultura","tag-cultura","generate-columns","tablet-grid-50","mobile-grid-100","grid-parent","grid-50"],"jetpack_publicize_connections":[],"jetpack_featured_media_url":"https:\/\/www.hoymercedes.com.ar\/principal\/wp-content\/uploads\/2023\/09\/IMG-20230919-WA0001_copy_800x800.jpg","wps_subtitle":"","jetpack_sharing_enabled":true,"_links":{"self":[{"href":"https:\/\/www.hoymercedes.com.ar\/principal\/wp-json\/wp\/v2\/posts\/167310","targetHints":{"allow":["GET"]}}],"collection":[{"href":"https:\/\/www.hoymercedes.com.ar\/principal\/wp-json\/wp\/v2\/posts"}],"about":[{"href":"https:\/\/www.hoymercedes.com.ar\/principal\/wp-json\/wp\/v2\/types\/post"}],"author":[{"embeddable":true,"href":"https:\/\/www.hoymercedes.com.ar\/principal\/wp-json\/wp\/v2\/users\/1"}],"replies":[{"embeddable":true,"href":"https:\/\/www.hoymercedes.com.ar\/principal\/wp-json\/wp\/v2\/comments?post=167310"}],"version-history":[{"count":0,"href":"https:\/\/www.hoymercedes.com.ar\/principal\/wp-json\/wp\/v2\/posts\/167310\/revisions"}],"wp:featuredmedia":[{"embeddable":true,"href":"https:\/\/www.hoymercedes.com.ar\/principal\/wp-json\/wp\/v2\/media\/167312"}],"wp:attachment":[{"href":"https:\/\/www.hoymercedes.com.ar\/principal\/wp-json\/wp\/v2\/media?parent=167310"}],"wp:term":[{"taxonomy":"category","embeddable":true,"href":"https:\/\/www.hoymercedes.com.ar\/principal\/wp-json\/wp\/v2\/categories?post=167310"},{"taxonomy":"post_tag","embeddable":true,"href":"https:\/\/www.hoymercedes.com.ar\/principal\/wp-json\/wp\/v2\/tags?post=167310"}],"curies":[{"name":"wp","href":"https:\/\/api.w.org\/{rel}","templated":true}]}}