{"id":167335,"date":"2023-09-20T14:25:13","date_gmt":"2023-09-20T17:25:13","guid":{"rendered":"https:\/\/www.hoymercedes.com.ar\/principal\/?p=167335"},"modified":"2023-09-20T14:26:29","modified_gmt":"2023-09-20T17:26:29","slug":"sos-habitat-solicitaron-reunion-con-funcionarios-municipales","status":"publish","type":"post","link":"https:\/\/www.hoymercedes.com.ar\/principal\/2023\/09\/20\/sos-habitat-solicitaron-reunion-con-funcionarios-municipales\/","title":{"rendered":"SOS Habitat solicitaron reuni\u00f3n con funcionarios municipales"},"content":{"rendered":"\n<p>En la jornada del martes \u00faltimo, la Asociaci\u00f3n Civil SOS H\u00e1bitat present\u00f3 tres cartas a diferentes \u00e1reas municipales con el fin de reunirse con los funcionarios relacionados con problem\u00e1ticas que hacen a la cuesti\u00f3n ambiental, contaminaci\u00f3n y posibles inundaciones. <\/p>\n\n\n\n<p>A trav\u00e9s de sus perfiles en redes sociales, SOS H\u00e1bitat comunic\u00f3 que presentaron cartas al Secretario de Obras P\u00fablicas Arq. Emanuel P\u00e9rez Carrera; al Director de Ambiente Marcelo Bello, y a la responsable de Protecci\u00f3n Civil Mar\u00eda Agustina Lor\u00e9 para pedir informes sobre industrias y sobre los proyectos previstos para mitigar las futuras inundaciones a partir del informe del Servicio Meteorol\u00f3gico sobre el fen\u00f3meno clim\u00e1tico El Ni\u00f1o.<\/p>\n\n\n\n<p>\u00abGracias a los que nos recibieron amablemente. Y esperamos poder reunirnos y tener respuestas para proyectar un ambiente y una sociedad mercedina m\u00e1s sustentable con el aporte de todos los actores sociales\u00bb, destacaron desde la asociaci\u00f3n civil.<\/p>\n\n\n\n<figure class=\"wp-block-gallery has-nested-images columns-default is-cropped wp-block-gallery-1 is-layout-flex wp-block-gallery-is-layout-flex\">\n<figure class=\"wp-block-image\"><img loading=\"lazy\" decoding=\"async\" width=\"800\" height=\"800\" data-attachment-id=\"167348\" data-permalink=\"https:\/\/www.hoymercedes.com.ar\/principal\/2023\/09\/20\/sos-habitat-solicitaron-reunion-con-funcionarios-municipales\/380888160_609197271412484_1359670836369506436_n\/#main\" data-orig-file=\"https:\/\/www.hoymercedes.com.ar\/principal\/wp-content\/uploads\/2023\/09\/380888160_609197271412484_1359670836369506436_n.jpg\" data-orig-size=\"800,800\" data-comments-opened=\"0\" data-image-meta=\"{&quot;aperture&quot;:&quot;0&quot;,&quot;credit&quot;:&quot;&quot;,&quot;camera&quot;:&quot;&quot;,&quot;caption&quot;:&quot;&quot;,&quot;created_timestamp&quot;:&quot;0&quot;,&quot;copyright&quot;:&quot;&quot;,&quot;focal_length&quot;:&quot;0&quot;,&quot;iso&quot;:&quot;0&quot;,&quot;shutter_speed&quot;:&quot;0&quot;,&quot;title&quot;:&quot;&quot;,&quot;orientation&quot;:&quot;0&quot;}\" data-image-title=\"380888160_609197271412484_1359670836369506436_n\" data-image-description=\"\" data-image-caption=\"\" data-large-file=\"https:\/\/www.hoymercedes.com.ar\/principal\/wp-content\/uploads\/2023\/09\/380888160_609197271412484_1359670836369506436_n.jpg\" data-id=\"167348\" src=\"https:\/\/www.hoymercedes.com.ar\/principal\/wp-content\/uploads\/2023\/09\/380888160_609197271412484_1359670836369506436_n.jpg\" alt=\"\" class=\"wp-image-167348\" srcset=\"https:\/\/www.hoymercedes.com.ar\/principal\/wp-content\/uploads\/2023\/09\/380888160_609197271412484_1359670836369506436_n.jpg 800w, https:\/\/www.hoymercedes.com.ar\/principal\/wp-content\/uploads\/2023\/09\/380888160_609197271412484_1359670836369506436_n-620x620.jpg 620w, https:\/\/www.hoymercedes.com.ar\/principal\/wp-content\/uploads\/2023\/09\/380888160_609197271412484_1359670836369506436_n-150x150.jpg 150w\" sizes=\"auto, (max-width: 800px) 100vw, 800px\" \/><\/figure>\n\n\n\n<figure class=\"wp-block-image\"><img loading=\"lazy\" decoding=\"async\" width=\"800\" height=\"800\" data-attachment-id=\"167352\" data-permalink=\"https:\/\/www.hoymercedes.com.ar\/principal\/2023\/09\/20\/sos-habitat-solicitaron-reunion-con-funcionarios-municipales\/376285750_609197274745817_8471393167021042783_n\/#main\" data-orig-file=\"https:\/\/www.hoymercedes.com.ar\/principal\/wp-content\/uploads\/2023\/09\/376285750_609197274745817_8471393167021042783_n.jpg\" data-orig-size=\"800,800\" data-comments-opened=\"0\" data-image-meta=\"{&quot;aperture&quot;:&quot;0&quot;,&quot;credit&quot;:&quot;&quot;,&quot;camera&quot;:&quot;&quot;,&quot;caption&quot;:&quot;&quot;,&quot;created_timestamp&quot;:&quot;0&quot;,&quot;copyright&quot;:&quot;&quot;,&quot;focal_length&quot;:&quot;0&quot;,&quot;iso&quot;:&quot;0&quot;,&quot;shutter_speed&quot;:&quot;0&quot;,&quot;title&quot;:&quot;&quot;,&quot;orientation&quot;:&quot;0&quot;}\" data-image-title=\"376285750_609197274745817_8471393167021042783_n\" data-image-description=\"\" data-image-caption=\"\" data-large-file=\"https:\/\/www.hoymercedes.com.ar\/principal\/wp-content\/uploads\/2023\/09\/376285750_609197274745817_8471393167021042783_n.jpg\" data-id=\"167352\" src=\"https:\/\/www.hoymercedes.com.ar\/principal\/wp-content\/uploads\/2023\/09\/376285750_609197274745817_8471393167021042783_n.jpg\" alt=\"\" class=\"wp-image-167352\" srcset=\"https:\/\/www.hoymercedes.com.ar\/principal\/wp-content\/uploads\/2023\/09\/376285750_609197274745817_8471393167021042783_n.jpg 800w, https:\/\/www.hoymercedes.com.ar\/principal\/wp-content\/uploads\/2023\/09\/376285750_609197274745817_8471393167021042783_n-620x620.jpg 620w, https:\/\/www.hoymercedes.com.ar\/principal\/wp-content\/uploads\/2023\/09\/376285750_609197274745817_8471393167021042783_n-150x150.jpg 150w\" sizes=\"auto, (max-width: 800px) 100vw, 800px\" \/><\/figure>\n\n\n\n<figure class=\"wp-block-image\"><img loading=\"lazy\" decoding=\"async\" width=\"800\" height=\"800\" data-attachment-id=\"167353\" data-permalink=\"https:\/\/www.hoymercedes.com.ar\/principal\/2023\/09\/20\/sos-habitat-solicitaron-reunion-con-funcionarios-municipales\/379683760_609197268079151_6615829987463909552_n\/#main\" data-orig-file=\"https:\/\/www.hoymercedes.com.ar\/principal\/wp-content\/uploads\/2023\/09\/379683760_609197268079151_6615829987463909552_n.jpg\" data-orig-size=\"800,800\" data-comments-opened=\"0\" data-image-meta=\"{&quot;aperture&quot;:&quot;0&quot;,&quot;credit&quot;:&quot;&quot;,&quot;camera&quot;:&quot;&quot;,&quot;caption&quot;:&quot;&quot;,&quot;created_timestamp&quot;:&quot;0&quot;,&quot;copyright&quot;:&quot;&quot;,&quot;focal_length&quot;:&quot;0&quot;,&quot;iso&quot;:&quot;0&quot;,&quot;shutter_speed&quot;:&quot;0&quot;,&quot;title&quot;:&quot;&quot;,&quot;orientation&quot;:&quot;0&quot;}\" data-image-title=\"379683760_609197268079151_6615829987463909552_n\" data-image-description=\"\" data-image-caption=\"\" data-large-file=\"https:\/\/www.hoymercedes.com.ar\/principal\/wp-content\/uploads\/2023\/09\/379683760_609197268079151_6615829987463909552_n.jpg\" data-id=\"167353\" src=\"https:\/\/www.hoymercedes.com.ar\/principal\/wp-content\/uploads\/2023\/09\/379683760_609197268079151_6615829987463909552_n.jpg\" alt=\"\" class=\"wp-image-167353\" srcset=\"https:\/\/www.hoymercedes.com.ar\/principal\/wp-content\/uploads\/2023\/09\/379683760_609197268079151_6615829987463909552_n.jpg 800w, https:\/\/www.hoymercedes.com.ar\/principal\/wp-content\/uploads\/2023\/09\/379683760_609197268079151_6615829987463909552_n-620x620.jpg 620w, https:\/\/www.hoymercedes.com.ar\/principal\/wp-content\/uploads\/2023\/09\/379683760_609197268079151_6615829987463909552_n-150x150.jpg 150w\" sizes=\"auto, (max-width: 800px) 100vw, 800px\" \/><\/figure>\n<\/figure>\n","protected":false},"excerpt":{"rendered":"<p>En la jornada del martes \u00faltimo, la Asociaci\u00f3n Civil SOS H\u00e1bitat present\u00f3 tres cartas a diferentes \u00e1reas municipales con el &#8230; <a title=\"SOS Habitat solicitaron reuni\u00f3n con funcionarios municipales\" class=\"read-more\" href=\"https:\/\/www.hoymercedes.com.ar\/principal\/2023\/09\/20\/sos-habitat-solicitaron-reunion-con-funcionarios-municipales\/\" aria-label=\"Leer m\u00e1s sobre SOS Habitat solicitaron reuni\u00f3n con funcionarios municipales\">Leer m\u00e1s<\/a><\/p>\n","protected":false},"author":1,"featured_media":0,"comment_status":"closed","ping_status":"open","sticky":false,"template":"","format":"standard","meta":{"_monsterinsights_skip_tracking":false,"_monsterinsights_sitenote_active":false,"_monsterinsights_sitenote_note":"","_monsterinsights_sitenote_category":0,"jetpack_post_was_ever_published":false,"_jetpack_newsletter_access":"","_jetpack_dont_email_post_to_subs":false,"_jetpack_newsletter_tier_id":0,"_jetpack_memberships_contains_paywalled_content":false,"_jetpack_memberships_contains_paid_content":false,"footnotes":"","jetpack_publicize_message":"","jetpack_publicize_feature_enabled":true,"jetpack_social_post_already_shared":true,"jetpack_social_options":{"image_generator_settings":{"template":"highway","default_image_id":0,"font":"","enabled":false},"version":2},"_wpas_customize_per_network":false},"categories":[8],"tags":[],"class_list":["post-167335","post","type-post","status-publish","format-standard","hentry","category-sociedad","generate-columns","tablet-grid-50","mobile-grid-100","grid-parent","grid-50"],"jetpack_publicize_connections":[],"jetpack_featured_media_url":"","wps_subtitle":"","jetpack_sharing_enabled":true,"_links":{"self":[{"href":"https:\/\/www.hoymercedes.com.ar\/principal\/wp-json\/wp\/v2\/posts\/167335","targetHints":{"allow":["GET"]}}],"collection":[{"href":"https:\/\/www.hoymercedes.com.ar\/principal\/wp-json\/wp\/v2\/posts"}],"about":[{"href":"https:\/\/www.hoymercedes.com.ar\/principal\/wp-json\/wp\/v2\/types\/post"}],"author":[{"embeddable":true,"href":"https:\/\/www.hoymercedes.com.ar\/principal\/wp-json\/wp\/v2\/users\/1"}],"replies":[{"embeddable":true,"href":"https:\/\/www.hoymercedes.com.ar\/principal\/wp-json\/wp\/v2\/comments?post=167335"}],"version-history":[{"count":0,"href":"https:\/\/www.hoymercedes.com.ar\/principal\/wp-json\/wp\/v2\/posts\/167335\/revisions"}],"wp:attachment":[{"href":"https:\/\/www.hoymercedes.com.ar\/principal\/wp-json\/wp\/v2\/media?parent=167335"}],"wp:term":[{"taxonomy":"category","embeddable":true,"href":"https:\/\/www.hoymercedes.com.ar\/principal\/wp-json\/wp\/v2\/categories?post=167335"},{"taxonomy":"post_tag","embeddable":true,"href":"https:\/\/www.hoymercedes.com.ar\/principal\/wp-json\/wp\/v2\/tags?post=167335"}],"curies":[{"name":"wp","href":"https:\/\/api.w.org\/{rel}","templated":true}]}}