{"id":16736,"date":"2012-10-07T04:09:31","date_gmt":"2012-10-07T04:09:31","guid":{"rendered":"http:\/\/www.hoymercedes.com.ar\/principal\/?p=16736"},"modified":"2012-10-07T04:10:01","modified_gmt":"2012-10-07T04:10:01","slug":"pami-programa-viaje-gratuito-para-afiliados","status":"publish","type":"post","link":"https:\/\/www.hoymercedes.com.ar\/principal\/2012\/10\/07\/pami-programa-viaje-gratuito-para-afiliados\/","title":{"rendered":"PAMI programa viaje gratuito para afiliados"},"content":{"rendered":"<p><a href=\"https:\/\/www.hoymercedes.com.ar\/principal\/wp-content\/uploads\/2012\/10\/PAMI-Bereterbide.jpg\"><img loading=\"lazy\" decoding=\"async\" data-attachment-id=\"16738\" data-permalink=\"https:\/\/www.hoymercedes.com.ar\/principal\/2012\/10\/07\/pami-programa-viaje-gratuito-para-afiliados\/pami-bereterbide\/#main\" data-orig-file=\"https:\/\/www.hoymercedes.com.ar\/principal\/wp-content\/uploads\/2012\/10\/PAMI-Bereterbide.jpg\" data-orig-size=\"614,408\" data-comments-opened=\"1\" data-image-meta=\"{&quot;aperture&quot;:&quot;5&quot;,&quot;credit&quot;:&quot;Moreira Mario Hugo    FOTOGRAFIA&quot;,&quot;camera&quot;:&quot;NIKON D300&quot;,&quot;caption&quot;:&quot;&quot;,&quot;created_timestamp&quot;:&quot;1338906791&quot;,&quot;copyright&quot;:&quot;AW Fotografia   Moreira Mario Hugo&quot;,&quot;focal_length&quot;:&quot;28&quot;,&quot;iso&quot;:&quot;400&quot;,&quot;shutter_speed&quot;:&quot;0.00625&quot;,&quot;title&quot;:&quot;&quot;}\" data-image-title=\"PAMI-Bereterbide\" data-image-description=\"\" data-image-caption=\"\" data-large-file=\"https:\/\/www.hoymercedes.com.ar\/principal\/wp-content\/uploads\/2012\/10\/PAMI-Bereterbide.jpg\" class=\"aligncenter size-full wp-image-16738\" title=\"PAMI-Bereterbide\" src=\"https:\/\/www.hoymercedes.com.ar\/principal\/wp-content\/uploads\/2012\/10\/PAMI-Bereterbide.jpg\" alt=\"\" width=\"614\" height=\"408\" \/><\/a><\/p>\n<p>El jefe de la agencia PAMI Mercedes Dr. Santiago Bereterbide informo sobre la apertura de inscripci\u00f3n para un nuevo viaje para los adultos mayores a partir de esta semana \u201cDespues de muchas gestiones hemos logrado obtener un nuevo destino para nuestros afiliados, este a\u00f1o casi 100 beneficiarios han viajado primero a Chapadmalal y luego a las Termas de Rio Hondo, los viajes han sido un \u00e9xito, ya que los mismos afiliados nos han expresado la experiencia inolvidable que hab\u00edan hecho al compartir con sus pares una semana de turismo con todos los gastos pagos, muchos de ellos siguen reuni\u00e9ndose y antes de viajar la mayor\u00eda no se conoc\u00eda entre si, en nuestra tarea de acercarle mas y mejores servicios a los adultos mayores, es por eso que invitamos a todos aquellos que deseen viajar a acercarse a nuestras oficinas\u201d.<\/p>\n<p>La fecha de inscripci\u00f3n ser\u00e1 a partir del 9 de octubre hasta el 19 del mismo mes en el horario de 8 a 13 hs. En las oficinas de la agencia Mercedes PAMI calle 25 esquina 16, el requisito para inscribirse es presentar fotocopia del documento y fotocopia del ultimo recibo de haberes, una vez inscriptos, si se supera la cantidad de cupos, se realizara un sorteo con todos aquellos que se hayan anotado.<\/p>\n<p>El destino esta vez es a Embalse (Cordoba) y la fecha de salida ser\u00e1 el pr\u00f3ximo 13 de noviembre con la coordinaci\u00f3n de empleados de la agencia local.<\/p>\n<p>&nbsp;<\/p>\n","protected":false},"excerpt":{"rendered":"<p>El jefe de la agencia PAMI Mercedes Dr. Santiago Bereterbide informo sobre la apertura de inscripci\u00f3n para un nuevo viaje &#8230; <a title=\"PAMI programa viaje gratuito para afiliados\" class=\"read-more\" href=\"https:\/\/www.hoymercedes.com.ar\/principal\/2012\/10\/07\/pami-programa-viaje-gratuito-para-afiliados\/\" aria-label=\"Leer m\u00e1s sobre PAMI programa viaje gratuito para afiliados\">Leer m\u00e1s<\/a><\/p>\n","protected":false},"author":1,"featured_media":0,"comment_status":"open","ping_status":"open","sticky":false,"template":"","format":"standard","meta":{"_monsterinsights_skip_tracking":false,"_monsterinsights_sitenote_active":false,"_monsterinsights_sitenote_note":"","_monsterinsights_sitenote_category":0,"jetpack_post_was_ever_published":false,"_jetpack_newsletter_access":"","_jetpack_dont_email_post_to_subs":false,"_jetpack_newsletter_tier_id":0,"_jetpack_memberships_contains_paywalled_content":false,"_jetpack_memberships_contains_paid_content":false,"footnotes":"","jetpack_publicize_message":"","jetpack_publicize_feature_enabled":true,"jetpack_social_post_already_shared":false,"jetpack_social_options":{"image_generator_settings":{"template":"highway","default_image_id":0,"font":"","enabled":false},"version":2},"_wpas_customize_per_network":false},"categories":[8],"tags":[500,2520],"class_list":["post-16736","post","type-post","status-publish","format-standard","hentry","category-sociedad","tag-pami-mercedes","tag-santiago-bereterbide","generate-columns","tablet-grid-50","mobile-grid-100","grid-parent","grid-50"],"jetpack_publicize_connections":[],"jetpack_featured_media_url":"","wps_subtitle":"","jetpack_sharing_enabled":true,"_links":{"self":[{"href":"https:\/\/www.hoymercedes.com.ar\/principal\/wp-json\/wp\/v2\/posts\/16736","targetHints":{"allow":["GET"]}}],"collection":[{"href":"https:\/\/www.hoymercedes.com.ar\/principal\/wp-json\/wp\/v2\/posts"}],"about":[{"href":"https:\/\/www.hoymercedes.com.ar\/principal\/wp-json\/wp\/v2\/types\/post"}],"author":[{"embeddable":true,"href":"https:\/\/www.hoymercedes.com.ar\/principal\/wp-json\/wp\/v2\/users\/1"}],"replies":[{"embeddable":true,"href":"https:\/\/www.hoymercedes.com.ar\/principal\/wp-json\/wp\/v2\/comments?post=16736"}],"version-history":[{"count":0,"href":"https:\/\/www.hoymercedes.com.ar\/principal\/wp-json\/wp\/v2\/posts\/16736\/revisions"}],"wp:attachment":[{"href":"https:\/\/www.hoymercedes.com.ar\/principal\/wp-json\/wp\/v2\/media?parent=16736"}],"wp:term":[{"taxonomy":"category","embeddable":true,"href":"https:\/\/www.hoymercedes.com.ar\/principal\/wp-json\/wp\/v2\/categories?post=16736"},{"taxonomy":"post_tag","embeddable":true,"href":"https:\/\/www.hoymercedes.com.ar\/principal\/wp-json\/wp\/v2\/tags?post=16736"}],"curies":[{"name":"wp","href":"https:\/\/api.w.org\/{rel}","templated":true}]}}