{"id":167428,"date":"2023-09-21T19:07:00","date_gmt":"2023-09-21T22:07:00","guid":{"rendered":"https:\/\/www.hoymercedes.com.ar\/principal\/?p=167428"},"modified":"2023-09-21T20:40:22","modified_gmt":"2023-09-21T23:40:22","slug":"equipo-de-neurocirgia-del-dubarry-salva-a-un-joven-en-villa-gesell","status":"publish","type":"post","link":"https:\/\/www.hoymercedes.com.ar\/principal\/2023\/09\/21\/equipo-de-neurocirgia-del-dubarry-salva-a-un-joven-en-villa-gesell\/","title":{"rendered":"Equipo de Neurocirg\u00eda del Dubarry salva a un joven en Villa Gesell"},"content":{"rendered":"\n<p>Desde el Hospital Blas L. Dubarry informaron que el Jefe de Servicio de Neurocirug\u00eda del nosocomio de calle 12, Dr. Juan Manuel Marelli, junto al equipo itinerante de cirug\u00eda de Mar del Plata, se trasladaron en un vuelo sanitario rumbo a la ciudad costera de Villa Gesell, para operar a un joven que no pod\u00eda ser movilizado tras sufrir un grave accidente al chocar su moto contra un caballo.<\/p>\n\n\n<div class=\"wp-block-image\">\n<figure class=\"aligncenter\"><img decoding=\"async\" src=\"https:\/\/gba.gob.ar\/sites\/default\/files\/salud\/imagenes\/2_173.jpeg\" alt=\"avion y ambulancias \" title=\"avion y ambulancias \"\/><figcaption class=\"wp-element-caption\">El estado cr\u00edtico del paciente no permit\u00eda su traslado.<\/figcaption><\/figure>\n<\/div>\n\n\n<p>Dos equipos de cirug\u00faa que fueron trasladaso por v\u00eda a\u00e9rea desde La Plata hacia Villa Gesell y terrestre desde Mar del Plata operaron de urgencia a un joven de 21 a\u00f1os que sufri\u00f3 un hematoma extradural, tras chocar con su moto contra un caballo. El paciente se encuentra en estado reservado.<\/p>\n\n\n\n<p>En detalle, el estado cr\u00edtico del paciente no permit\u00eda su traslado y era necesario realizar r\u00e1pidamente una intervenci\u00f3n neuroquir\u00fargica. Por eso, el neurocirujano fue trasladados el viernes pasado por el avi\u00f3n sanitario de la provincia de Buenos Aires, desde La Plata a Villa Gesell. Los terapistas fueron desde Mar del Plata en ambulancia.<\/p>\n\n\n\n<p>El equipo que realiz\u00f3 la intervenci\u00f3n estuvo encabezado por el jefe de cirug\u00eda del hospital&nbsp;\u201cBlas Dubarry\u201d de Mercedes<em>,&nbsp;<\/em>Juan Manuel Marelli, quien en primer lugar fue trasladado por via terrestre en ambulancia desde esa ciudad hacia La Plata, para realizar el vuelo sanitario con destino a Villa Gesell. Donde lo aguardaba una nueva ambulancia que lo deriv\u00f3 al hospital Municipal&nbsp;Dr. Arturo Illia.<\/p>\n\n\n\n<p>\u201cEl sistema de salud no solamente provee las posibilidades que normalmente a nosotros nos llegan los pacientes a los centros especializados para poder realizar este tipo de cirug\u00eda, sino que tambi\u00e9n podemos ir hacia donde est\u00e1 el paciente en los casos que lo requiera y poder realizar este tipo de cirug\u00eda que, de no haberlo hecho con un diagn\u00f3stico de un hematoma extradural, muy probablemente el paciente se hubiera fallecido en el transcurso de las horas y de esta manera se le dio la chance de que tenga una posibilidad de sobrevivir\u201d, explic\u00f3 el doctor Marelli.<\/p>\n\n\n\n<p>El especialista de Mercedes primero fue trasladado por via terrestre en ambulancia tambi\u00e9n de la provincia hasta La Plata. De all\u00ed en el avi\u00f3n sanitario bonaerense hasta Villa Gesell, donde fue derivado a al hospital municipal en una nueva ambulancia. Los terapistas fueron desde Mar del Plata en ambulancia.<\/p>\n\n\n\n<p>La operaci\u00f3n dur\u00f3 dos horas y es la primera neurocirug\u00eda que se realiza en Villa Gesell. El paciente se encuentra en estado reservado y el domingo pasado fue trasladado via \u00e1rea al hospital \u201cEva Per\u00f3n\u201d de San Martin, para una mayor complejidad y monitoreo de su evoluci\u00f3n.<\/p>\n\n\n<div class=\"wp-block-image\">\n<figure class=\"aligncenter\"><img decoding=\"async\" src=\"https:\/\/gba.gob.ar\/sites\/default\/files\/styles\/galeria_cic\/public\/salud\/imagenes\/1_218.jpeg?itok=P1ZK5sKi\" alt=\"\" title=\"Equipo de salud se traslada en avi\u00f3n y ambulancias para salvar la vida a joven\"\/><\/figure>\n<\/div>\n\n\n<p><\/p>\n","protected":false},"excerpt":{"rendered":"<p>Desde el Hospital Blas L. Dubarry informaron que el Jefe de Servicio de Neurocirug\u00eda del nosocomio de calle 12, Dr. &#8230; <a title=\"Equipo de Neurocirg\u00eda del Dubarry salva a un joven en Villa Gesell\" class=\"read-more\" href=\"https:\/\/www.hoymercedes.com.ar\/principal\/2023\/09\/21\/equipo-de-neurocirgia-del-dubarry-salva-a-un-joven-en-villa-gesell\/\" aria-label=\"Leer m\u00e1s sobre Equipo de Neurocirg\u00eda del Dubarry salva a un joven en Villa Gesell\">Leer m\u00e1s<\/a><\/p>\n","protected":false},"author":1,"featured_media":167431,"comment_status":"closed","ping_status":"open","sticky":false,"template":"","format":"standard","meta":{"_monsterinsights_skip_tracking":false,"_monsterinsights_sitenote_active":false,"_monsterinsights_sitenote_note":"","_monsterinsights_sitenote_category":0,"jetpack_post_was_ever_published":false,"_jetpack_newsletter_access":"","_jetpack_dont_email_post_to_subs":false,"_jetpack_newsletter_tier_id":0,"_jetpack_memberships_contains_paywalled_content":false,"_jetpack_memberships_contains_paid_content":false,"footnotes":"","jetpack_publicize_message":"","jetpack_publicize_feature_enabled":true,"jetpack_social_post_already_shared":true,"jetpack_social_options":{"image_generator_settings":{"template":"highway","default_image_id":0,"font":"","enabled":false},"version":2},"_wpas_customize_per_network":false},"categories":[8],"tags":[],"class_list":["post-167428","post","type-post","status-publish","format-standard","has-post-thumbnail","hentry","category-sociedad","generate-columns","tablet-grid-50","mobile-grid-100","grid-parent","grid-50"],"jetpack_publicize_connections":[],"jetpack_featured_media_url":"https:\/\/www.hoymercedes.com.ar\/principal\/wp-content\/uploads\/2023\/09\/cirujano-dubarry.jpg","wps_subtitle":"","jetpack_sharing_enabled":true,"_links":{"self":[{"href":"https:\/\/www.hoymercedes.com.ar\/principal\/wp-json\/wp\/v2\/posts\/167428","targetHints":{"allow":["GET"]}}],"collection":[{"href":"https:\/\/www.hoymercedes.com.ar\/principal\/wp-json\/wp\/v2\/posts"}],"about":[{"href":"https:\/\/www.hoymercedes.com.ar\/principal\/wp-json\/wp\/v2\/types\/post"}],"author":[{"embeddable":true,"href":"https:\/\/www.hoymercedes.com.ar\/principal\/wp-json\/wp\/v2\/users\/1"}],"replies":[{"embeddable":true,"href":"https:\/\/www.hoymercedes.com.ar\/principal\/wp-json\/wp\/v2\/comments?post=167428"}],"version-history":[{"count":0,"href":"https:\/\/www.hoymercedes.com.ar\/principal\/wp-json\/wp\/v2\/posts\/167428\/revisions"}],"wp:featuredmedia":[{"embeddable":true,"href":"https:\/\/www.hoymercedes.com.ar\/principal\/wp-json\/wp\/v2\/media\/167431"}],"wp:attachment":[{"href":"https:\/\/www.hoymercedes.com.ar\/principal\/wp-json\/wp\/v2\/media?parent=167428"}],"wp:term":[{"taxonomy":"category","embeddable":true,"href":"https:\/\/www.hoymercedes.com.ar\/principal\/wp-json\/wp\/v2\/categories?post=167428"},{"taxonomy":"post_tag","embeddable":true,"href":"https:\/\/www.hoymercedes.com.ar\/principal\/wp-json\/wp\/v2\/tags?post=167428"}],"curies":[{"name":"wp","href":"https:\/\/api.w.org\/{rel}","templated":true}]}}