{"id":167458,"date":"2023-09-22T09:32:28","date_gmt":"2023-09-22T12:32:28","guid":{"rendered":"https:\/\/www.hoymercedes.com.ar\/principal\/?p=167458"},"modified":"2023-09-22T09:35:59","modified_gmt":"2023-09-22T12:35:59","slug":"la-transicion-hacia-las-energias-renovables-viene-atrasada-en-argentina","status":"publish","type":"post","link":"https:\/\/www.hoymercedes.com.ar\/principal\/2023\/09\/22\/la-transicion-hacia-las-energias-renovables-viene-atrasada-en-argentina\/","title":{"rendered":"La transici\u00f3n hacia las energ\u00edas renovables viene atrasada en Argentina"},"content":{"rendered":"\n<p>Por Cristi\u00e1n Frers* \u2013 El mundo se encamina hacia la\u00a0transici\u00f3n energ\u00e9tica. La expansi\u00f3n de las fuentes de energ\u00eda renovables es clave para combatir el\u00a0calentamiento global\u00a0y la contaminaci\u00f3n ambiental sin afectar el abastecimiento. La disminuci\u00f3n de gases de\u00a0efecto invernadero es una prioridad y requiere la predisposici\u00f3n de los pa\u00edses para transformar su\u00a0matriz productiva.<\/p>\n\n\n\n<p>la electrificaci\u00f3n se posiciona como una herramienta clave para llevar a cabo la transici\u00f3n y establecer un modelo de desarrollo sostenible. Este proceso se refiere a la sustituci\u00f3n de las fuentes de energ\u00eda f\u00f3siles (carb\u00f3n, petr\u00f3leo, gas), por electricidad a partir de fuentes renovables. Estas \u00faltimas, se obtienen a partir de diferentes fuentes naturales y brindan beneficios tanto ambientales como econ\u00f3micos y sociales.<\/p>\n\n\n\n<p>Se denomina energ\u00edas renovables a aquellas fuentes energ\u00e9ticas basadas en la utilizaci\u00f3n del sol, el viento, el agua o la biomasa vegetal o animal -entre otras-. Se caracterizan por no utilizar combustibles f\u00f3siles \u2013como sucede con las energ\u00edas convencionales-, sino recursos capaces de renovarse ilimitadamente.<\/p>\n\n\n\n<p>Su impacto ambiental es de menor magnitud dado que adem\u00e1s de no emplear recursos finitos, producen una cantidad m\u00ednima o inexistente de contaminantes.<\/p>\n\n\n\n<p>Adem\u00e1s de los beneficios previamente mencionados, las energ\u00edas renovables ofrecen numerosas ventajas adicionales tales como, una creciente competitividad, una reducci\u00f3n de la dependencia energ\u00e9tica, un fomento de la industria nacional, generaci\u00f3n de empleo e impulso al turismo.<\/p>\n\n\n\n<p>En Argentina, existen regiones con un potencial energ\u00e9tico considerable que debe aprovecharse&nbsp;para as\u00ed evolucionar hacia una matriz energ\u00e9tica&nbsp;limpia e innovadora. No existen dudas que el desarrollo de un pa\u00eds est\u00e1 estrechamente ligado a la matriz energ\u00e9tica&nbsp;con la que pueda contar para desarrollar sus actividades productivas de la vida moderna.<\/p>\n\n\n\n<p>Actualmente, en el pa\u00eds las energ\u00edas renovables representan el 13,9% de la matriz energ\u00e9tica. De acuerdo con la Ley de Energ\u00edas Renovables, promulgada en 2015, el objetivo es que alcancen el 20% para el 2025, ya estamos en el 2023 y queda menos de dos a\u00f1os y medio para fines del 2025\u2026 La verdad, estamos bastante atrasados con respecto a este tipo de energ\u00eda. Seg\u00fan el Plan Energ\u00e9tico presentado por el Gobierno, la cifra de la meta se elevar\u00eda al 30% para el 2030.&nbsp;<\/p>\n\n\n\n<p>El avance hacia la conversi\u00f3n verde debe darse sin pausa, pero de manera gradual y viable. El foco debe estar puesto en la complementariedad de fuentes tradicionales y renovables para lograr combinaciones sustentables como las existentes entre energ\u00edas gas\u00edferas, hidr\u00e1ulicas, nucleares, t\u00e9rmicas, solares y e\u00f3licas, con la descarbonizaci\u00f3n como eje central. En el marco de esta transici\u00f3n, donde conviven fuentes tradicionales y renovables, la generaci\u00f3n termoel\u00e9ctrica de ciclo combinado resulta de suma importancia para acompa\u00f1ar este proceso. Producir energ\u00eda de esta manera genera un 50% menos de di\u00f3xido de carbono que las plantas en base a carb\u00f3n.<\/p>\n\n\n\n<p>En un futuro cercano, Argentina debe superar los desaf\u00edos para mantener el crecimiento constante en la producci\u00f3n de energ\u00eda renovable. La necesidad de reducir emisiones de gases de invernadero y la tendencia global a descarbonizar las econom\u00edas impulsan en el mundo el desarrollo de las energ\u00edas renovables. Si no se consideran los subsidios que a\u00fan mantienen las f\u00f3siles (petr\u00f3leo, carb\u00f3n, gas),&nbsp;este tipo de energ\u00edas ya son m\u00e1s costoeficientes que las convencionales. Adem\u00e1s,<strong>&nbsp;<\/strong>permiten generar empleos, conocimientos y capacidades locales.&nbsp;El cambio de una matriz energ\u00e9tica no se hace de un d\u00eda para el otro, pero la transici\u00f3n ya est\u00e1 en marcha, y todo indica que deber\u00e1 acelerarse.<\/p>\n\n\n\n<p>Las energ\u00edas renovables en el pa\u00eds han experimentado un crecimiento notable en los \u00faltimos a\u00f1os y presentan un gran potencial para transformar el sector energ\u00e9tico. No obstante, es necesario seguir impulsando su desarrollo y superar los desaf\u00edos pendientes para alcanzar una transici\u00f3n energ\u00e9tica a\u00fan m\u00e1s sostenible.<\/p>\n\n\n\n<p>*Cristi\u00e1n Frers \u2013 T\u00e9cnico Superior en Gesti\u00f3n Ambiental y T\u00e9cnico Superior en Comunicaci\u00f3n Social (Periodista).<\/p>\n","protected":false},"excerpt":{"rendered":"<p>Por Cristi\u00e1n Frers* \u2013 El mundo se encamina hacia la\u00a0transici\u00f3n energ\u00e9tica. La expansi\u00f3n de las fuentes de energ\u00eda renovables es &#8230; <a title=\"La transici\u00f3n hacia las energ\u00edas renovables viene atrasada en Argentina\" class=\"read-more\" href=\"https:\/\/www.hoymercedes.com.ar\/principal\/2023\/09\/22\/la-transicion-hacia-las-energias-renovables-viene-atrasada-en-argentina\/\" aria-label=\"Leer m\u00e1s sobre La transici\u00f3n hacia las energ\u00edas renovables viene atrasada en Argentina\">Leer m\u00e1s<\/a><\/p>\n","protected":false},"author":1,"featured_media":167460,"comment_status":"closed","ping_status":"open","sticky":false,"template":"","format":"standard","meta":{"_monsterinsights_skip_tracking":false,"_monsterinsights_sitenote_active":false,"_monsterinsights_sitenote_note":"","_monsterinsights_sitenote_category":0,"jetpack_post_was_ever_published":false,"_jetpack_newsletter_access":"","_jetpack_dont_email_post_to_subs":false,"_jetpack_newsletter_tier_id":0,"_jetpack_memberships_contains_paywalled_content":false,"_jetpack_memberships_contains_paid_content":false,"footnotes":"","jetpack_publicize_message":"","jetpack_publicize_feature_enabled":true,"jetpack_social_post_already_shared":true,"jetpack_social_options":{"image_generator_settings":{"template":"highway","default_image_id":0,"font":"","enabled":false},"version":2},"_wpas_customize_per_network":false},"categories":[8],"tags":[],"class_list":["post-167458","post","type-post","status-publish","format-standard","has-post-thumbnail","hentry","category-sociedad","generate-columns","tablet-grid-50","mobile-grid-100","grid-parent","grid-50"],"jetpack_publicize_connections":[],"jetpack_featured_media_url":"https:\/\/www.hoymercedes.com.ar\/principal\/wp-content\/uploads\/2023\/09\/energia-renovable-AI.jpg","wps_subtitle":"","jetpack_sharing_enabled":true,"_links":{"self":[{"href":"https:\/\/www.hoymercedes.com.ar\/principal\/wp-json\/wp\/v2\/posts\/167458","targetHints":{"allow":["GET"]}}],"collection":[{"href":"https:\/\/www.hoymercedes.com.ar\/principal\/wp-json\/wp\/v2\/posts"}],"about":[{"href":"https:\/\/www.hoymercedes.com.ar\/principal\/wp-json\/wp\/v2\/types\/post"}],"author":[{"embeddable":true,"href":"https:\/\/www.hoymercedes.com.ar\/principal\/wp-json\/wp\/v2\/users\/1"}],"replies":[{"embeddable":true,"href":"https:\/\/www.hoymercedes.com.ar\/principal\/wp-json\/wp\/v2\/comments?post=167458"}],"version-history":[{"count":0,"href":"https:\/\/www.hoymercedes.com.ar\/principal\/wp-json\/wp\/v2\/posts\/167458\/revisions"}],"wp:featuredmedia":[{"embeddable":true,"href":"https:\/\/www.hoymercedes.com.ar\/principal\/wp-json\/wp\/v2\/media\/167460"}],"wp:attachment":[{"href":"https:\/\/www.hoymercedes.com.ar\/principal\/wp-json\/wp\/v2\/media?parent=167458"}],"wp:term":[{"taxonomy":"category","embeddable":true,"href":"https:\/\/www.hoymercedes.com.ar\/principal\/wp-json\/wp\/v2\/categories?post=167458"},{"taxonomy":"post_tag","embeddable":true,"href":"https:\/\/www.hoymercedes.com.ar\/principal\/wp-json\/wp\/v2\/tags?post=167458"}],"curies":[{"name":"wp","href":"https:\/\/api.w.org\/{rel}","templated":true}]}}