{"id":167474,"date":"2023-09-22T12:21:00","date_gmt":"2023-09-22T15:21:00","guid":{"rendered":"https:\/\/www.hoymercedes.com.ar\/principal\/?p=167474"},"modified":"2023-09-23T08:36:05","modified_gmt":"2023-09-23T11:36:05","slug":"la-cem-participo-del-congreso-industria-4-0-y-reunion-de-feba","status":"publish","type":"post","link":"https:\/\/www.hoymercedes.com.ar\/principal\/2023\/09\/22\/la-cem-participo-del-congreso-industria-4-0-y-reunion-de-feba\/","title":{"rendered":"La CEM particip\u00f3 del Congreso industria 4.0 y reuni\u00f3n de FEBA"},"content":{"rendered":"\n<p>La C\u00e1mara Econ\u00f3mica Mercedina fue parte de reuni\u00f3n de comisi\u00f3n directiva de FEBA y del Congreso de Industria 4.0 a trav\u00e9s de su gerente, Arel Pietrucha. Ambas actividades nuclearon a dirigentes de toda la provincia y se llevaron a cabo en Pilar, en la sede de la Universidad Austral.<\/p>\n\n\n<div class=\"wp-block-image\">\n<figure class=\"aligncenter size-full\"><img loading=\"lazy\" decoding=\"async\" width=\"804\" height=\"554\" data-attachment-id=\"167476\" data-permalink=\"https:\/\/www.hoymercedes.com.ar\/principal\/2023\/09\/22\/la-cem-participo-del-congreso-industria-4-0-y-reunion-de-feba\/cem-congreso-feba\/#main\" data-orig-file=\"https:\/\/www.hoymercedes.com.ar\/principal\/wp-content\/uploads\/2023\/09\/CEM-congreso-FEBA.jpg\" data-orig-size=\"804,554\" data-comments-opened=\"0\" data-image-meta=\"{&quot;aperture&quot;:&quot;0&quot;,&quot;credit&quot;:&quot;&quot;,&quot;camera&quot;:&quot;&quot;,&quot;caption&quot;:&quot;&quot;,&quot;created_timestamp&quot;:&quot;0&quot;,&quot;copyright&quot;:&quot;&quot;,&quot;focal_length&quot;:&quot;0&quot;,&quot;iso&quot;:&quot;0&quot;,&quot;shutter_speed&quot;:&quot;0&quot;,&quot;title&quot;:&quot;&quot;,&quot;orientation&quot;:&quot;0&quot;}\" data-image-title=\"CEM congreso FEBA\" data-image-description=\"\" data-image-caption=\"\" data-large-file=\"https:\/\/www.hoymercedes.com.ar\/principal\/wp-content\/uploads\/2023\/09\/CEM-congreso-FEBA.jpg\" src=\"https:\/\/www.hoymercedes.com.ar\/principal\/wp-content\/uploads\/2023\/09\/CEM-congreso-FEBA.jpg\" alt=\"\" class=\"wp-image-167476\" srcset=\"https:\/\/www.hoymercedes.com.ar\/principal\/wp-content\/uploads\/2023\/09\/CEM-congreso-FEBA.jpg 804w, https:\/\/www.hoymercedes.com.ar\/principal\/wp-content\/uploads\/2023\/09\/CEM-congreso-FEBA-630x434.jpg 630w, https:\/\/www.hoymercedes.com.ar\/principal\/wp-content\/uploads\/2023\/09\/CEM-congreso-FEBA-150x103.jpg 150w\" sizes=\"auto, (max-width: 804px) 100vw, 804px\" \/><\/figure>\n<\/div>\n\n\n<p>El gerente de la C\u00e1mara Econ\u00f3mica Mercedina, Ariel Pietrucha, particip\u00f3 de la reuni\u00f3n de comisi\u00f3n directiva de FEBA y luego del Congreso de Industria 4.0 en la Universidad Austral. En la reuni\u00f3n de Directorio de FEBA, los directores expusieron la situaci\u00f3n socioecon\u00f3mica general de las distintas regiones de la Provincia de Buenos Aires. <\/p>\n\n\n\n<p>En este sentido, m\u00e1s de 15 directores y presidentes de c\u00e1maras informaron acciones y problem\u00e1ticas de las pymes nucleadas en sus c\u00e1maras de base. El presidente Camilo Alberto Kahale fue acompa\u00f1ado en la mesa principal el secretario general, Silvio Zurzolo; los vicepresidentes Juan Carlos Uboldi, Alejandra Moccioli, Genaro Garc\u00eda y Carlos Cappelletti; y el tesorero, Blas Taladrid. <\/p>\n\n\n\n<p>El prosecretario general, Leonardo Tasca agreg\u00f3 unas palabras por la importante actividad gremial desarrollada por los dirigentes que ya no est\u00e1n. El encuentro se realiz\u00f3 en Pilar con m\u00e1s de 100 dirigentes pymes de la provincia entre miembros del directorio y presidentes de C\u00e1maras socias. Kahale record\u00f3 a los dirigentes fallecidos, en un peque\u00f1o homenaje y present\u00f3 el informe de gesti\u00f3n, a la vez que puso a consideraci\u00f3n la memoria institucional, el balance general y los puntos definidos para la orden del d\u00eda.<\/p>\n\n\n<div class=\"wp-block-image\">\n<figure class=\"aligncenter size-full\"><img loading=\"lazy\" decoding=\"async\" width=\"800\" height=\"519\" data-attachment-id=\"167481\" data-permalink=\"https:\/\/www.hoymercedes.com.ar\/principal\/2023\/09\/22\/la-cem-participo-del-congreso-industria-4-0-y-reunion-de-feba\/cem-congreso-feba1\/#main\" data-orig-file=\"https:\/\/www.hoymercedes.com.ar\/principal\/wp-content\/uploads\/2023\/09\/CEM-congreso-FEBA1.jpg\" data-orig-size=\"800,519\" data-comments-opened=\"0\" data-image-meta=\"{&quot;aperture&quot;:&quot;0&quot;,&quot;credit&quot;:&quot;&quot;,&quot;camera&quot;:&quot;&quot;,&quot;caption&quot;:&quot;&quot;,&quot;created_timestamp&quot;:&quot;0&quot;,&quot;copyright&quot;:&quot;&quot;,&quot;focal_length&quot;:&quot;0&quot;,&quot;iso&quot;:&quot;0&quot;,&quot;shutter_speed&quot;:&quot;0&quot;,&quot;title&quot;:&quot;&quot;,&quot;orientation&quot;:&quot;0&quot;}\" data-image-title=\"CEM congreso FEBA1\" data-image-description=\"\" data-image-caption=\"\" data-large-file=\"https:\/\/www.hoymercedes.com.ar\/principal\/wp-content\/uploads\/2023\/09\/CEM-congreso-FEBA1.jpg\" src=\"https:\/\/www.hoymercedes.com.ar\/principal\/wp-content\/uploads\/2023\/09\/CEM-congreso-FEBA1.jpg\" alt=\"\" class=\"wp-image-167481\" srcset=\"https:\/\/www.hoymercedes.com.ar\/principal\/wp-content\/uploads\/2023\/09\/CEM-congreso-FEBA1.jpg 800w, https:\/\/www.hoymercedes.com.ar\/principal\/wp-content\/uploads\/2023\/09\/CEM-congreso-FEBA1-630x409.jpg 630w, https:\/\/www.hoymercedes.com.ar\/principal\/wp-content\/uploads\/2023\/09\/CEM-congreso-FEBA1-150x97.jpg 150w\" sizes=\"auto, (max-width: 800px) 100vw, 800px\" \/><\/figure>\n<\/div>\n\n\n<p>FEBA es una ONG que desde 1953, como instituci\u00f3n gremial empresaria nuclea a m\u00e1s de 250 c\u00e1maras de la provincia. En tanto, el 6\u00b0 Congreso Internacional de Industria 4.0 tuvo varios paneles y fue organizado por ADIBA (Asociaci\u00f3n de Industriales de la provincia de Buenos Aires), FEBA, Universidad Austral, UTN Facultad Regional General Pacheco, Fundaci\u00f3n INCYDE de Espa\u00f1a y C\u00e1mara Empresaria de Tecnolog\u00eda, Inform\u00e1tica y Comunicaciones \u2013 CETIC; y el acompa\u00f1amiento de UIPBA, Red Parques, CEPBA, CARBAP, AIEPBA, Uni\u00f3n Industrial Argentina, SCIPA Pilar, Parque Industrial Pilar, CICOPROA, Parque Empresarial Austral, y Corredor Norte Productivo.<\/p>\n","protected":false},"excerpt":{"rendered":"<p>La C\u00e1mara Econ\u00f3mica Mercedina fue parte de reuni\u00f3n de comisi\u00f3n directiva de FEBA y del Congreso de Industria 4.0 a &#8230; <a title=\"La CEM particip\u00f3 del Congreso industria 4.0 y reuni\u00f3n de FEBA\" class=\"read-more\" href=\"https:\/\/www.hoymercedes.com.ar\/principal\/2023\/09\/22\/la-cem-participo-del-congreso-industria-4-0-y-reunion-de-feba\/\" aria-label=\"Leer m\u00e1s sobre La CEM particip\u00f3 del Congreso industria 4.0 y reuni\u00f3n de FEBA\">Leer m\u00e1s<\/a><\/p>\n","protected":false},"author":1,"featured_media":167476,"comment_status":"closed","ping_status":"open","sticky":false,"template":"","format":"standard","meta":{"_monsterinsights_skip_tracking":false,"_monsterinsights_sitenote_active":false,"_monsterinsights_sitenote_note":"","_monsterinsights_sitenote_category":0,"jetpack_post_was_ever_published":false,"_jetpack_newsletter_access":"","_jetpack_dont_email_post_to_subs":false,"_jetpack_newsletter_tier_id":0,"_jetpack_memberships_contains_paywalled_content":false,"_jetpack_memberships_contains_paid_content":false,"footnotes":"","jetpack_publicize_message":"","jetpack_publicize_feature_enabled":true,"jetpack_social_post_already_shared":true,"jetpack_social_options":{"image_generator_settings":{"template":"highway","default_image_id":0,"font":"","enabled":false},"version":2},"_wpas_customize_per_network":false},"categories":[8],"tags":[],"class_list":["post-167474","post","type-post","status-publish","format-standard","has-post-thumbnail","hentry","category-sociedad","generate-columns","tablet-grid-50","mobile-grid-100","grid-parent","grid-50"],"jetpack_publicize_connections":[],"jetpack_featured_media_url":"https:\/\/www.hoymercedes.com.ar\/principal\/wp-content\/uploads\/2023\/09\/CEM-congreso-FEBA.jpg","wps_subtitle":"","jetpack_sharing_enabled":true,"_links":{"self":[{"href":"https:\/\/www.hoymercedes.com.ar\/principal\/wp-json\/wp\/v2\/posts\/167474","targetHints":{"allow":["GET"]}}],"collection":[{"href":"https:\/\/www.hoymercedes.com.ar\/principal\/wp-json\/wp\/v2\/posts"}],"about":[{"href":"https:\/\/www.hoymercedes.com.ar\/principal\/wp-json\/wp\/v2\/types\/post"}],"author":[{"embeddable":true,"href":"https:\/\/www.hoymercedes.com.ar\/principal\/wp-json\/wp\/v2\/users\/1"}],"replies":[{"embeddable":true,"href":"https:\/\/www.hoymercedes.com.ar\/principal\/wp-json\/wp\/v2\/comments?post=167474"}],"version-history":[{"count":0,"href":"https:\/\/www.hoymercedes.com.ar\/principal\/wp-json\/wp\/v2\/posts\/167474\/revisions"}],"wp:featuredmedia":[{"embeddable":true,"href":"https:\/\/www.hoymercedes.com.ar\/principal\/wp-json\/wp\/v2\/media\/167476"}],"wp:attachment":[{"href":"https:\/\/www.hoymercedes.com.ar\/principal\/wp-json\/wp\/v2\/media?parent=167474"}],"wp:term":[{"taxonomy":"category","embeddable":true,"href":"https:\/\/www.hoymercedes.com.ar\/principal\/wp-json\/wp\/v2\/categories?post=167474"},{"taxonomy":"post_tag","embeddable":true,"href":"https:\/\/www.hoymercedes.com.ar\/principal\/wp-json\/wp\/v2\/tags?post=167474"}],"curies":[{"name":"wp","href":"https:\/\/api.w.org\/{rel}","templated":true}]}}