{"id":167582,"date":"2023-09-25T08:50:00","date_gmt":"2023-09-25T11:50:00","guid":{"rendered":"https:\/\/www.hoymercedes.com.ar\/principal\/?p=167582"},"modified":"2023-09-25T01:53:36","modified_gmt":"2023-09-25T04:53:36","slug":"ustarroz-dejo-inaugurado-un-nuevo-centro-de-atencion-a-la-salud-en-tomas-jofre","status":"publish","type":"post","link":"https:\/\/www.hoymercedes.com.ar\/principal\/2023\/09\/25\/ustarroz-dejo-inaugurado-un-nuevo-centro-de-atencion-a-la-salud-en-tomas-jofre\/","title":{"rendered":"Ustarroz dej\u00f3 inaugurado un nuevo Centro de Atenci\u00f3n a la Salud en Tom\u00e1s Jofr\u00e9"},"content":{"rendered":"\n<figure class=\"wp-block-image size-large\"><img loading=\"lazy\" decoding=\"async\" width=\"1024\" height=\"682\" data-attachment-id=\"167583\" data-permalink=\"https:\/\/www.hoymercedes.com.ar\/principal\/2023\/09\/25\/ustarroz-dejo-inaugurado-un-nuevo-centro-de-atencion-a-la-salud-en-tomas-jofre\/dsc_0181-2\/#main\" data-orig-file=\"https:\/\/www.hoymercedes.com.ar\/principal\/wp-content\/uploads\/2023\/09\/DSC_0181.jpg\" data-orig-size=\"1319,879\" data-comments-opened=\"0\" data-image-meta=\"{&quot;aperture&quot;:&quot;0&quot;,&quot;credit&quot;:&quot;&quot;,&quot;camera&quot;:&quot;&quot;,&quot;caption&quot;:&quot;&quot;,&quot;created_timestamp&quot;:&quot;0&quot;,&quot;copyright&quot;:&quot;&quot;,&quot;focal_length&quot;:&quot;0&quot;,&quot;iso&quot;:&quot;0&quot;,&quot;shutter_speed&quot;:&quot;0&quot;,&quot;title&quot;:&quot;&quot;,&quot;orientation&quot;:&quot;0&quot;}\" data-image-title=\"DSC_0181\" data-image-description=\"\" data-image-caption=\"\" data-large-file=\"https:\/\/www.hoymercedes.com.ar\/principal\/wp-content\/uploads\/2023\/09\/DSC_0181-1024x682.jpg\" src=\"https:\/\/www.hoymercedes.com.ar\/principal\/wp-content\/uploads\/2023\/09\/DSC_0181-1024x682.jpg\" alt=\"\" class=\"wp-image-167583\" srcset=\"https:\/\/www.hoymercedes.com.ar\/principal\/wp-content\/uploads\/2023\/09\/DSC_0181-1024x682.jpg 1024w, https:\/\/www.hoymercedes.com.ar\/principal\/wp-content\/uploads\/2023\/09\/DSC_0181-630x420.jpg 630w, https:\/\/www.hoymercedes.com.ar\/principal\/wp-content\/uploads\/2023\/09\/DSC_0181-150x100.jpg 150w, https:\/\/www.hoymercedes.com.ar\/principal\/wp-content\/uploads\/2023\/09\/DSC_0181-700x465.jpg 700w, https:\/\/www.hoymercedes.com.ar\/principal\/wp-content\/uploads\/2023\/09\/DSC_0181.jpg 1319w\" sizes=\"auto, (max-width: 1024px) 100vw, 1024px\" \/><\/figure>\n\n\n\n<p>En Tom\u00e1s Jofr\u00e9 se inaugur\u00f3 un <strong>amplio y moderno edificio<\/strong> para el nuevo <strong>Centro de Atenci\u00f3n Primaria a la Salud<\/strong>. All\u00ed estuvo presente el <strong>intendente Ustarroz<\/strong>, estudiantes de la escuelita n\u00ba24, vecinos, vecinas y profesionales de la salud en una jornada marcada por la alegr\u00eda y emoci\u00f3n. <strong>Minino Silvado<\/strong> destac\u00f3 \u201cJuani ha hecho algo incre\u00edble en este lugar\u201d mientras que <strong>Alberto Castelli <\/strong>expuso lo importante de lograr \u201cel trabajo articulado entre lo p\u00fablico y lo privado\u201d en beneficio del pueblo. Para Pisapia es un gran paso para la comunidad.<\/p>\n\n\n\n<p><strong>Alegr\u00eda<\/strong><\/p>\n\n\n\n<p>Ustarroz destac\u00f3 que \u201clas cosas importantes se hacen en equipo\u201d y \u201cesto llev\u00f3 bastante tiempo de planificaci\u00f3n y debate con las y los vecinos\u201d pero \u201cse logr\u00f3\u201d sosteniendo \u201cel respeto a la historia del pueblo y actuando en el presente proyectando un futuro mejor\u201d que \u201cgenerar\u00e1 mejor nivel de atenci\u00f3n a la salud ac\u00e1 en Tom\u00e1s Jofr\u00e9\u201d especific\u00f3.<\/p>\n\n\n\n<p>Cont\u00f3 que lleg\u00f3 la piedra, lleg\u00f3 el avance y proyecci\u00f3n de m\u00e1s turismo, el embellecimiento y se est\u00e1 trabajando en la primera red de agua y cloacas para el pueblo.<\/p>\n\n\n\n<figure class=\"wp-block-image size-large\"><img loading=\"lazy\" decoding=\"async\" width=\"1024\" height=\"682\" data-attachment-id=\"167584\" data-permalink=\"https:\/\/www.hoymercedes.com.ar\/principal\/2023\/09\/25\/ustarroz-dejo-inaugurado-un-nuevo-centro-de-atencion-a-la-salud-en-tomas-jofre\/dsc_0030-8\/#main\" data-orig-file=\"https:\/\/www.hoymercedes.com.ar\/principal\/wp-content\/uploads\/2023\/09\/DSC_0030.jpg\" data-orig-size=\"1319,879\" data-comments-opened=\"0\" data-image-meta=\"{&quot;aperture&quot;:&quot;0&quot;,&quot;credit&quot;:&quot;&quot;,&quot;camera&quot;:&quot;&quot;,&quot;caption&quot;:&quot;&quot;,&quot;created_timestamp&quot;:&quot;0&quot;,&quot;copyright&quot;:&quot;&quot;,&quot;focal_length&quot;:&quot;0&quot;,&quot;iso&quot;:&quot;0&quot;,&quot;shutter_speed&quot;:&quot;0&quot;,&quot;title&quot;:&quot;&quot;,&quot;orientation&quot;:&quot;0&quot;}\" data-image-title=\"DSC_0030\" data-image-description=\"\" data-image-caption=\"\" data-large-file=\"https:\/\/www.hoymercedes.com.ar\/principal\/wp-content\/uploads\/2023\/09\/DSC_0030-1024x682.jpg\" src=\"https:\/\/www.hoymercedes.com.ar\/principal\/wp-content\/uploads\/2023\/09\/DSC_0030-1024x682.jpg\" alt=\"\" class=\"wp-image-167584\" srcset=\"https:\/\/www.hoymercedes.com.ar\/principal\/wp-content\/uploads\/2023\/09\/DSC_0030-1024x682.jpg 1024w, https:\/\/www.hoymercedes.com.ar\/principal\/wp-content\/uploads\/2023\/09\/DSC_0030-630x420.jpg 630w, https:\/\/www.hoymercedes.com.ar\/principal\/wp-content\/uploads\/2023\/09\/DSC_0030-150x100.jpg 150w, https:\/\/www.hoymercedes.com.ar\/principal\/wp-content\/uploads\/2023\/09\/DSC_0030-700x465.jpg 700w, https:\/\/www.hoymercedes.com.ar\/principal\/wp-content\/uploads\/2023\/09\/DSC_0030.jpg 1319w\" sizes=\"auto, (max-width: 1024px) 100vw, 1024px\" \/><\/figure>\n\n\n\n<p><strong>Costumbres<\/strong><\/p>\n\n\n\n<p>M\u00e1s adelante mencion\u00f3 que \u201cel pueblo ha crecido y sin embargo se mantienen las costumbres, la historia, el compromiso. Les quiero agradecer mucho tambi\u00e9n porque en t\u00e9rminos de turismo, si Mercedes est\u00e1 posicionada, es en parte por lo que ustedes han realizado\u201d especific\u00f3 el intendente.<\/p>\n\n\n\n<p>Recalc\u00f3 la tarea de \u201clas y los trabajadores municipales que diagramaron esta excelente obra que hoy estamos inaugurando junto a la comunidad\u201d agradeciendo enormemente al \u201cgobernador <strong>Kicillof<\/strong> que contin\u00faa apoyando con obras a nuestro Partido\u201d siendo \u201cun d\u00eda de mucha alegr\u00eda y emoci\u00f3n\u201d.<\/p>\n\n\n\n<p><strong>Agradecimiento<\/strong><\/p>\n\n\n\n<p>\u201cAgradecemos al pueblo de Tom\u00e1s Jofr\u00e9 por el acompa\u00f1amiento que tuvimos para llegar a este resultado que nos enorgullece\u201d coment\u00f3 el <strong>Dr. N\u00e9stor Pisapia<\/strong> y expres\u00f3 \u201crecuerdo las primeras reuniones donde se ve\u00eda el lugar y planificaba una jerarquizaci\u00f3n que se merec\u00edan\u201d.<\/p>\n\n\n\n<p>Subray\u00f3 que \u201cel esfuerzo de tantos trabajadores y trabajadores del municipio, de la Provincia que financi\u00f3 la obra en una tarea coordinada\u201d mencion\u00f3 el pediatra y remarc\u00f3 \u201chemos hecho muchas obras con mucha dedicaci\u00f3n impulsando las pol\u00edticas y planificaciones del intendente Ustarroz, que cada vez que le planteamos acciones en beneficio de la salud siempre tenemos un s\u00ed como respuesta\u201d narr\u00f3.<\/p>\n\n\n\n<p>\u201cTodas las obras son pensadas en la poblaci\u00f3n. Creemos que la salud p\u00fablica es un pilar de la gesti\u00f3n y esto es el reflejo de ello\u201d destac\u00f3 el secretario de salud, Dr. N\u00e9stor Pisapia.<\/p>\n\n\n\n<figure class=\"wp-block-image size-large\"><img loading=\"lazy\" decoding=\"async\" width=\"1024\" height=\"682\" data-attachment-id=\"167585\" data-permalink=\"https:\/\/www.hoymercedes.com.ar\/principal\/2023\/09\/25\/ustarroz-dejo-inaugurado-un-nuevo-centro-de-atencion-a-la-salud-en-tomas-jofre\/dsc_0102-2\/#main\" data-orig-file=\"https:\/\/www.hoymercedes.com.ar\/principal\/wp-content\/uploads\/2023\/09\/DSC_0102.jpg\" data-orig-size=\"1319,879\" data-comments-opened=\"0\" data-image-meta=\"{&quot;aperture&quot;:&quot;0&quot;,&quot;credit&quot;:&quot;&quot;,&quot;camera&quot;:&quot;&quot;,&quot;caption&quot;:&quot;&quot;,&quot;created_timestamp&quot;:&quot;0&quot;,&quot;copyright&quot;:&quot;&quot;,&quot;focal_length&quot;:&quot;0&quot;,&quot;iso&quot;:&quot;0&quot;,&quot;shutter_speed&quot;:&quot;0&quot;,&quot;title&quot;:&quot;&quot;,&quot;orientation&quot;:&quot;0&quot;}\" data-image-title=\"DSC_0102\" data-image-description=\"\" data-image-caption=\"\" data-large-file=\"https:\/\/www.hoymercedes.com.ar\/principal\/wp-content\/uploads\/2023\/09\/DSC_0102-1024x682.jpg\" src=\"https:\/\/www.hoymercedes.com.ar\/principal\/wp-content\/uploads\/2023\/09\/DSC_0102-1024x682.jpg\" alt=\"\" class=\"wp-image-167585\" srcset=\"https:\/\/www.hoymercedes.com.ar\/principal\/wp-content\/uploads\/2023\/09\/DSC_0102-1024x682.jpg 1024w, https:\/\/www.hoymercedes.com.ar\/principal\/wp-content\/uploads\/2023\/09\/DSC_0102-630x420.jpg 630w, https:\/\/www.hoymercedes.com.ar\/principal\/wp-content\/uploads\/2023\/09\/DSC_0102-150x100.jpg 150w, https:\/\/www.hoymercedes.com.ar\/principal\/wp-content\/uploads\/2023\/09\/DSC_0102-700x465.jpg 700w, https:\/\/www.hoymercedes.com.ar\/principal\/wp-content\/uploads\/2023\/09\/DSC_0102.jpg 1319w\" sizes=\"auto, (max-width: 1024px) 100vw, 1024px\" \/><\/figure>\n\n\n\n<p><strong>Comunidad<\/strong><\/p>\n\n\n\n<p><strong>Domingo Silvano<\/strong> destac\u00f3 que \u201ctenemos un gran agradecimiento de esta comunidad, no tenemos palabras para expresar la alegr\u00eda que nos genera. Vos Juani haz hecho algo incre\u00edble en este lugar, y mir\u00e1 que han pasado a\u00f1os, pero esto es \u00fanico\u201d y dijo \u201cesto, adem\u00e1s, nos permite tambi\u00e9n continuar potenciando el turismo, buscando el turismo internacional\u201d expres\u00f3 ante las y los presentes.<\/p>\n\n\n\n<p>Por su parte, el tambi\u00e9n hist\u00f3rico vecino y comerciante <strong>Alberto Castelli<\/strong> cont\u00f3 que \u201chace 27 a\u00f1os que vivo en esta comunidad, se han hecho muchos intentos para compatibilizar la acci\u00f3n p\u00fablica con la privada, pero reci\u00e9n en los \u00faltimos a\u00f1os se logr\u00f3 y hay que destacarlo con el sombrero bien alto\u201d indic\u00f3 y subray\u00f3 \u201cse han cumplido muchos sue\u00f1os que durante tanto tiempo tuvimos. Queremos agradecer a Juani por hacerlo posible\u201d, afirm\u00f3.<\/p>\n\n\n\n<p><strong>CAPS<\/strong><\/p>\n\n\n\n<p>El Centro de Atenci\u00f3n Primaria a la Salud de Tom\u00e1s Jofr\u00e9 es una obra financiada por el Ministerio de Infraestructura de la Provincia de Buenos Aires, gestionada desde la secretar\u00eda de salud y construida con las determinaciones de la secretar\u00eda de obras de la Municipalidad de Mercedes, oyendo y considerando los aportes de las y los vecinos del pueblo.<\/p>\n","protected":false},"excerpt":{"rendered":"<p>En Tom\u00e1s Jofr\u00e9 se inaugur\u00f3 un amplio y moderno edificio para el nuevo Centro de Atenci\u00f3n Primaria a la Salud. &#8230; <a title=\"Ustarroz dej\u00f3 inaugurado un nuevo Centro de Atenci\u00f3n a la Salud en Tom\u00e1s Jofr\u00e9\" class=\"read-more\" href=\"https:\/\/www.hoymercedes.com.ar\/principal\/2023\/09\/25\/ustarroz-dejo-inaugurado-un-nuevo-centro-de-atencion-a-la-salud-en-tomas-jofre\/\" aria-label=\"Leer m\u00e1s sobre Ustarroz dej\u00f3 inaugurado un nuevo Centro de Atenci\u00f3n a la Salud en Tom\u00e1s Jofr\u00e9\">Leer m\u00e1s<\/a><\/p>\n","protected":false},"author":1,"featured_media":167578,"comment_status":"closed","ping_status":"open","sticky":false,"template":"","format":"standard","meta":{"_monsterinsights_skip_tracking":false,"_monsterinsights_sitenote_active":false,"_monsterinsights_sitenote_note":"","_monsterinsights_sitenote_category":0,"jetpack_post_was_ever_published":false,"_jetpack_newsletter_access":"","_jetpack_dont_email_post_to_subs":false,"_jetpack_newsletter_tier_id":0,"_jetpack_memberships_contains_paywalled_content":false,"_jetpack_memberships_contains_paid_content":false,"footnotes":"","jetpack_publicize_message":"","jetpack_publicize_feature_enabled":true,"jetpack_social_post_already_shared":true,"jetpack_social_options":{"image_generator_settings":{"template":"highway","default_image_id":0,"font":"","enabled":false},"version":2},"_wpas_customize_per_network":false},"categories":[8],"tags":[],"class_list":["post-167582","post","type-post","status-publish","format-standard","has-post-thumbnail","hentry","category-sociedad","generate-columns","tablet-grid-50","mobile-grid-100","grid-parent","grid-50"],"jetpack_publicize_connections":[],"jetpack_featured_media_url":"https:\/\/www.hoymercedes.com.ar\/principal\/wp-content\/uploads\/2023\/09\/MHM958555-1.jpg","wps_subtitle":"Obra p\u00fablica y salud","jetpack_sharing_enabled":true,"_links":{"self":[{"href":"https:\/\/www.hoymercedes.com.ar\/principal\/wp-json\/wp\/v2\/posts\/167582","targetHints":{"allow":["GET"]}}],"collection":[{"href":"https:\/\/www.hoymercedes.com.ar\/principal\/wp-json\/wp\/v2\/posts"}],"about":[{"href":"https:\/\/www.hoymercedes.com.ar\/principal\/wp-json\/wp\/v2\/types\/post"}],"author":[{"embeddable":true,"href":"https:\/\/www.hoymercedes.com.ar\/principal\/wp-json\/wp\/v2\/users\/1"}],"replies":[{"embeddable":true,"href":"https:\/\/www.hoymercedes.com.ar\/principal\/wp-json\/wp\/v2\/comments?post=167582"}],"version-history":[{"count":0,"href":"https:\/\/www.hoymercedes.com.ar\/principal\/wp-json\/wp\/v2\/posts\/167582\/revisions"}],"wp:featuredmedia":[{"embeddable":true,"href":"https:\/\/www.hoymercedes.com.ar\/principal\/wp-json\/wp\/v2\/media\/167578"}],"wp:attachment":[{"href":"https:\/\/www.hoymercedes.com.ar\/principal\/wp-json\/wp\/v2\/media?parent=167582"}],"wp:term":[{"taxonomy":"category","embeddable":true,"href":"https:\/\/www.hoymercedes.com.ar\/principal\/wp-json\/wp\/v2\/categories?post=167582"},{"taxonomy":"post_tag","embeddable":true,"href":"https:\/\/www.hoymercedes.com.ar\/principal\/wp-json\/wp\/v2\/tags?post=167582"}],"curies":[{"name":"wp","href":"https:\/\/api.w.org\/{rel}","templated":true}]}}