{"id":167588,"date":"2023-09-25T08:00:00","date_gmt":"2023-09-25T11:00:00","guid":{"rendered":"https:\/\/www.hoymercedes.com.ar\/principal\/?p=167588"},"modified":"2023-09-25T13:01:08","modified_gmt":"2023-09-25T16:01:08","slug":"se-llevo-adelante-la-feria-del-libro","status":"publish","type":"post","link":"https:\/\/www.hoymercedes.com.ar\/principal\/2023\/09\/25\/se-llevo-adelante-la-feria-del-libro\/","title":{"rendered":"Se llev\u00f3 adelante la Feria del Libro"},"content":{"rendered":"\n<p>Durante dos jornadas se llev\u00f3 adelanta una nueva edici\u00f3n de la Feria del Libro. Cont\u00f3 con participaci\u00f3n de editoriales, charlas de escritores, presentaci\u00f3n de libros, talleres, proyecci\u00f3n de documentales, muestras educativas, radio abierta, entregas de libros, premiaci\u00f3n programa ATR y espacios infantiles. <\/p>\n\n\n<div class=\"wp-block-image\">\n<figure class=\"aligncenter size-full\"><img loading=\"lazy\" decoding=\"async\" width=\"800\" height=\"533\" data-attachment-id=\"167613\" data-permalink=\"https:\/\/www.hoymercedes.com.ar\/principal\/2023\/09\/25\/se-llevo-adelante-la-feria-del-libro\/dsc00052\/#main\" data-orig-file=\"https:\/\/www.hoymercedes.com.ar\/principal\/wp-content\/uploads\/2023\/09\/DSC00052.jpg\" data-orig-size=\"800,533\" data-comments-opened=\"0\" data-image-meta=\"{&quot;aperture&quot;:&quot;0&quot;,&quot;credit&quot;:&quot;&quot;,&quot;camera&quot;:&quot;&quot;,&quot;caption&quot;:&quot;&quot;,&quot;created_timestamp&quot;:&quot;0&quot;,&quot;copyright&quot;:&quot;&quot;,&quot;focal_length&quot;:&quot;0&quot;,&quot;iso&quot;:&quot;0&quot;,&quot;shutter_speed&quot;:&quot;0&quot;,&quot;title&quot;:&quot;&quot;,&quot;orientation&quot;:&quot;0&quot;}\" data-image-title=\"DSC00052\" data-image-description=\"\" data-image-caption=\"\" data-large-file=\"https:\/\/www.hoymercedes.com.ar\/principal\/wp-content\/uploads\/2023\/09\/DSC00052.jpg\" src=\"https:\/\/www.hoymercedes.com.ar\/principal\/wp-content\/uploads\/2023\/09\/DSC00052.jpg\" alt=\"\" class=\"wp-image-167613\" srcset=\"https:\/\/www.hoymercedes.com.ar\/principal\/wp-content\/uploads\/2023\/09\/DSC00052.jpg 800w, https:\/\/www.hoymercedes.com.ar\/principal\/wp-content\/uploads\/2023\/09\/DSC00052-630x420.jpg 630w, https:\/\/www.hoymercedes.com.ar\/principal\/wp-content\/uploads\/2023\/09\/DSC00052-150x100.jpg 150w, https:\/\/www.hoymercedes.com.ar\/principal\/wp-content\/uploads\/2023\/09\/DSC00052-700x465.jpg 700w\" sizes=\"auto, (max-width: 800px) 100vw, 800px\" \/><\/figure>\n<\/div>\n\n\n<p>\u201cContamos con much\u00edsimas propuestas literarias, espacios dedicados a las y los escritores mercedinos, promoci\u00f3n de la lectura en las infancias y juventudes, cericleta, exposiciones ambientales, contando con el apoyo del Ministerio de Cultura que nos don\u00f3 una importante cantidad de libros para las bibliotecas escolares\u201d cont\u00f3 Jimena Rivas<\/p>\n\n\n\n<p>Para el intendente Ustarroz fue \u201cotra excelente propuesta para el encuentro, la promoci\u00f3n cultural, la lectura como forma de acceso al conocimiento, la cultura, el entretenimiento, mostrando alternativas a las pantallas\u201d mencion\u00f3 y dijo \u201cestamos muy felices y agradecidos a quienes fueron parte durante ambas jornadas\u201d.<\/p>\n\n\n\n<figure class=\"wp-block-image size-large\"><img decoding=\"async\" src=\"https:\/\/www.hoymercedes.com.ar\/principal\/wp-content\/uploads\/2023\/09\/0H0A8527-1024x682.jpg\" alt=\"\" class=\"wp-image-167590\"\/><\/figure>\n\n\n\n<p>El viernes cont\u00f3 con fuerte presencia de instituciones educativas, en turno tarde, mientras que el s\u00e1bado claramente estuvo marcado por la presencia de vecinos y vecinas, aprovechando el predio de La Trocha dispuesto, adem\u00e1s, con food trucks y espacios para el encuentro, adem\u00e1s de disfrutar e interiorizarse en la propuesta socio-cultural.<\/p>\n\n\n\n<p>El cierre estuvo a cargo de Hern\u00e1n Casciari y Zambajonny con un recital de cuentos y m\u00fasica. Fue orientada, en esta ocasi\u00f3n, la feria, bajo el lema \u201c40 a\u00f1os de democracia\u201d.<\/p>\n","protected":false},"excerpt":{"rendered":"<p>Durante dos jornadas se llev\u00f3 adelanta una nueva edici\u00f3n de la Feria del Libro. Cont\u00f3 con participaci\u00f3n de editoriales, charlas &#8230; <a title=\"Se llev\u00f3 adelante la Feria del Libro\" class=\"read-more\" href=\"https:\/\/www.hoymercedes.com.ar\/principal\/2023\/09\/25\/se-llevo-adelante-la-feria-del-libro\/\" aria-label=\"Leer m\u00e1s sobre Se llev\u00f3 adelante la Feria del Libro\">Leer m\u00e1s<\/a><\/p>\n","protected":false},"author":1,"featured_media":167613,"comment_status":"closed","ping_status":"open","sticky":false,"template":"","format":"standard","meta":{"_monsterinsights_skip_tracking":false,"_monsterinsights_sitenote_active":false,"_monsterinsights_sitenote_note":"","_monsterinsights_sitenote_category":0,"jetpack_post_was_ever_published":false,"_jetpack_newsletter_access":"","_jetpack_dont_email_post_to_subs":false,"_jetpack_newsletter_tier_id":0,"_jetpack_memberships_contains_paywalled_content":false,"_jetpack_memberships_contains_paid_content":false,"footnotes":"","jetpack_publicize_message":"","jetpack_publicize_feature_enabled":true,"jetpack_social_post_already_shared":true,"jetpack_social_options":{"image_generator_settings":{"template":"highway","default_image_id":0,"font":"","enabled":false},"version":2},"_wpas_customize_per_network":false},"categories":[30],"tags":[18208],"class_list":["post-167588","post","type-post","status-publish","format-standard","has-post-thumbnail","hentry","category-municipio","tag-feria-del-libro-mercedes","generate-columns","tablet-grid-50","mobile-grid-100","grid-parent","grid-50"],"jetpack_publicize_connections":[],"jetpack_featured_media_url":"https:\/\/www.hoymercedes.com.ar\/principal\/wp-content\/uploads\/2023\/09\/DSC00052.jpg","wps_subtitle":"Actividades culturales","jetpack_sharing_enabled":true,"_links":{"self":[{"href":"https:\/\/www.hoymercedes.com.ar\/principal\/wp-json\/wp\/v2\/posts\/167588","targetHints":{"allow":["GET"]}}],"collection":[{"href":"https:\/\/www.hoymercedes.com.ar\/principal\/wp-json\/wp\/v2\/posts"}],"about":[{"href":"https:\/\/www.hoymercedes.com.ar\/principal\/wp-json\/wp\/v2\/types\/post"}],"author":[{"embeddable":true,"href":"https:\/\/www.hoymercedes.com.ar\/principal\/wp-json\/wp\/v2\/users\/1"}],"replies":[{"embeddable":true,"href":"https:\/\/www.hoymercedes.com.ar\/principal\/wp-json\/wp\/v2\/comments?post=167588"}],"version-history":[{"count":0,"href":"https:\/\/www.hoymercedes.com.ar\/principal\/wp-json\/wp\/v2\/posts\/167588\/revisions"}],"wp:featuredmedia":[{"embeddable":true,"href":"https:\/\/www.hoymercedes.com.ar\/principal\/wp-json\/wp\/v2\/media\/167613"}],"wp:attachment":[{"href":"https:\/\/www.hoymercedes.com.ar\/principal\/wp-json\/wp\/v2\/media?parent=167588"}],"wp:term":[{"taxonomy":"category","embeddable":true,"href":"https:\/\/www.hoymercedes.com.ar\/principal\/wp-json\/wp\/v2\/categories?post=167588"},{"taxonomy":"post_tag","embeddable":true,"href":"https:\/\/www.hoymercedes.com.ar\/principal\/wp-json\/wp\/v2\/tags?post=167588"}],"curies":[{"name":"wp","href":"https:\/\/api.w.org\/{rel}","templated":true}]}}