{"id":167595,"date":"2023-09-25T10:00:00","date_gmt":"2023-09-25T13:00:00","guid":{"rendered":"https:\/\/www.hoymercedes.com.ar\/principal\/?p=167595"},"modified":"2023-09-25T02:03:23","modified_gmt":"2023-09-25T05:03:23","slug":"inauguran-en-mercedes-la-primera-despensa-de-venta-directa-de-productor-regionales","status":"publish","type":"post","link":"https:\/\/www.hoymercedes.com.ar\/principal\/2023\/09\/25\/inauguran-en-mercedes-la-primera-despensa-de-venta-directa-de-productor-regionales\/","title":{"rendered":"Inauguran en Mercedes la primera \u201cDespensa\u201d de venta directa de productor regionales"},"content":{"rendered":"\n<figure class=\"wp-block-image size-large\"><img loading=\"lazy\" decoding=\"async\" width=\"1024\" height=\"682\" data-attachment-id=\"167596\" data-permalink=\"https:\/\/www.hoymercedes.com.ar\/principal\/2023\/09\/25\/inauguran-en-mercedes-la-primera-despensa-de-venta-directa-de-productor-regionales\/dsc_0490\/#main\" data-orig-file=\"https:\/\/www.hoymercedes.com.ar\/principal\/wp-content\/uploads\/2023\/09\/DSC_0490.jpg\" data-orig-size=\"1319,879\" data-comments-opened=\"0\" data-image-meta=\"{&quot;aperture&quot;:&quot;0&quot;,&quot;credit&quot;:&quot;&quot;,&quot;camera&quot;:&quot;&quot;,&quot;caption&quot;:&quot;&quot;,&quot;created_timestamp&quot;:&quot;0&quot;,&quot;copyright&quot;:&quot;&quot;,&quot;focal_length&quot;:&quot;0&quot;,&quot;iso&quot;:&quot;0&quot;,&quot;shutter_speed&quot;:&quot;0&quot;,&quot;title&quot;:&quot;&quot;,&quot;orientation&quot;:&quot;0&quot;}\" data-image-title=\"Programa despensa mercedes\" data-image-description=\"\" data-image-caption=\"&lt;p&gt;Programa despensa mercedes&lt;\/p&gt;\n\" data-large-file=\"https:\/\/www.hoymercedes.com.ar\/principal\/wp-content\/uploads\/2023\/09\/DSC_0490-1024x682.jpg\" src=\"https:\/\/www.hoymercedes.com.ar\/principal\/wp-content\/uploads\/2023\/09\/DSC_0490-1024x682.jpg\" alt=\"Programa despensa mercedes\" class=\"wp-image-167596\" srcset=\"https:\/\/www.hoymercedes.com.ar\/principal\/wp-content\/uploads\/2023\/09\/DSC_0490-1024x682.jpg 1024w, https:\/\/www.hoymercedes.com.ar\/principal\/wp-content\/uploads\/2023\/09\/DSC_0490-630x420.jpg 630w, https:\/\/www.hoymercedes.com.ar\/principal\/wp-content\/uploads\/2023\/09\/DSC_0490-150x100.jpg 150w, https:\/\/www.hoymercedes.com.ar\/principal\/wp-content\/uploads\/2023\/09\/DSC_0490-700x465.jpg 700w, https:\/\/www.hoymercedes.com.ar\/principal\/wp-content\/uploads\/2023\/09\/DSC_0490.jpg 1319w\" sizes=\"auto, (max-width: 1024px) 100vw, 1024px\" \/><figcaption class=\"wp-element-caption\">Programa despensa mercedes<\/figcaption><\/figure>\n\n\n\n<p>El <strong>intendente Ustarroz y los ministros Katopodis y De Pedro<\/strong> inauguraron la primera \u201cDespensa\u201d de venta de productos regionales y locales provenientes del productor directamente al usuario dentro del programa \u00abPeque\u00f1o Nodo Solidario\u00bb del Ministerio de Obras de la Naci\u00f3n. Se encuentra frene a Terminal de \u00d3mnibus. Re\u00fane precio y calidad.<\/p>\n\n\n\n<p><strong>Importancia<\/strong><\/p>\n\n\n\n<p>El Dr. Juan I. Ustarroz sostuvo que \u201ces el resultado de un gran trabajo, con el ministerio, con los trabajadores de la tierra, con el CEPT N\u00ba4\u201d dijo y agradeci\u00f3 al \u201cministro Katopodis y al ministro De Pedro, funcionarios que funcionan, por estar siempre acompa\u00f1ando a nuestro pueblo\u201d para recalcar luego obras en vivienda, pavimento, agua, cloacas, escuelas, que se est\u00e1n construyendo en Mercedes<\/p>\n\n\n\n<p>\u201cEsto es muy importante para el desarrollo de la econom\u00eda local, regional, de las familias que producen y es muy bueno para la comunidad, para un pueblo organizado, promoviendo e impulsando el trabajo y el cuidado a la hora de las compras para las y los vecinos\u201d, narr\u00f3.<\/p>\n\n\n\n<figure class=\"wp-block-image size-large\"><img loading=\"lazy\" decoding=\"async\" width=\"1024\" height=\"682\" data-attachment-id=\"167597\" data-permalink=\"https:\/\/www.hoymercedes.com.ar\/principal\/2023\/09\/25\/inauguran-en-mercedes-la-primera-despensa-de-venta-directa-de-productor-regionales\/dsc_0566\/#main\" data-orig-file=\"https:\/\/www.hoymercedes.com.ar\/principal\/wp-content\/uploads\/2023\/09\/DSC_0566.jpg\" data-orig-size=\"1319,879\" data-comments-opened=\"0\" data-image-meta=\"{&quot;aperture&quot;:&quot;0&quot;,&quot;credit&quot;:&quot;&quot;,&quot;camera&quot;:&quot;&quot;,&quot;caption&quot;:&quot;&quot;,&quot;created_timestamp&quot;:&quot;0&quot;,&quot;copyright&quot;:&quot;&quot;,&quot;focal_length&quot;:&quot;0&quot;,&quot;iso&quot;:&quot;0&quot;,&quot;shutter_speed&quot;:&quot;0&quot;,&quot;title&quot;:&quot;&quot;,&quot;orientation&quot;:&quot;0&quot;}\" data-image-title=\"DSC_0566\" data-image-description=\"\" data-image-caption=\"\" data-large-file=\"https:\/\/www.hoymercedes.com.ar\/principal\/wp-content\/uploads\/2023\/09\/DSC_0566-1024x682.jpg\" src=\"https:\/\/www.hoymercedes.com.ar\/principal\/wp-content\/uploads\/2023\/09\/DSC_0566-1024x682.jpg\" alt=\"\" class=\"wp-image-167597\" srcset=\"https:\/\/www.hoymercedes.com.ar\/principal\/wp-content\/uploads\/2023\/09\/DSC_0566-1024x682.jpg 1024w, https:\/\/www.hoymercedes.com.ar\/principal\/wp-content\/uploads\/2023\/09\/DSC_0566-630x420.jpg 630w, https:\/\/www.hoymercedes.com.ar\/principal\/wp-content\/uploads\/2023\/09\/DSC_0566-150x100.jpg 150w, https:\/\/www.hoymercedes.com.ar\/principal\/wp-content\/uploads\/2023\/09\/DSC_0566-700x465.jpg 700w, https:\/\/www.hoymercedes.com.ar\/principal\/wp-content\/uploads\/2023\/09\/DSC_0566.jpg 1319w\" sizes=\"auto, (max-width: 1024px) 100vw, 1024px\" \/><\/figure>\n\n\n\n<p><strong>Nodo<\/strong><\/p>\n\n\n\n<p>Por su parte el ministro \u201cWado\u201d de Pedro destac\u00f3 que \u201cKatopodis es un ministro que piensa en t\u00e9rminos federales el pa\u00eds, con obras estructurales que las hace y en Mercedes se puede ver con las distintas obras, necesarias, realizadas y en ejecuci\u00f3n\u201d sostuvo.<\/p>\n\n\n\n<p>M\u00e1s adelante coment\u00f3 que \u201cesta iniciativa permite trabajar el entramado productivo\u201d y \u201cfomenta el esp\u00edritu productivo de las y los argentinos\u201d comentando que \u201chay una discusi\u00f3n en todo el mundo y es la regionalizaci\u00f3n del consumo de los productos, por eso esto contribuye tanto a la ciudad como a la regi\u00f3n que tambi\u00e9n desea ser autosustentable\u201d donde \u201ccada productor pueda vivir de lo que hace\u201d, expres\u00f3 entre otros conceptos.<\/p>\n\n\n\n<p><strong>Enlace<\/strong><\/p>\n\n\n\n<p>Por su parte, el ministro Katopodis expuso que \u201cvenimos haciendo obras en todo el pa\u00eds, y en Mercedes tambi\u00e9n, con obras grandes, como la ruta n\u00ba5 que est\u00e1 avanzando, reci\u00e9n lo ve\u00edamos mientras ven\u00edamos desde 25 de Mayo, pero tambi\u00e9n hacemos obras m\u00e1s peque\u00f1as para grandes desaf\u00edos\u201d narr\u00f3 y especific\u00f3 \u201cen este caso la posibilidad de enlazar lo que sucede en las cadenas productivas, de la tierra, del consumo, y es un paso m\u00e1s\u201d para \u201cpoder vivir mejor\u201d.<\/p>\n\n\n\n<p><strong>Espacio<\/strong><\/p>\n\n\n\n<p><strong>Mario Alday<\/strong>, director de producci\u00f3n, destac\u00f3 que \u201ces un paso muy importante para nuestra comunidad\u201d y \u201csabemos que el cuello de botella de todo peque\u00f1o productor es la comercializaci\u00f3n y hoy se nos da la posibilidad de que el Ministerio nos de esta mano enorme para que los trabajadores tengan su espacio de comercializaci\u00f3n es haber logrado una lucha de tanto tiempo\u201d especific\u00f3 entre otros conceptos y remarc\u00f3 \u201ceste lugar para nosotros y nosotras es important\u00edsimo\u201d.<\/p>\n\n\n\n<p><strong>Productores<\/strong><\/p>\n\n\n\n<p><strong>Patricia Summey<\/strong>, presidenta de FACEPT, dijo que \u201cesta despensa viene a cumplir el sue\u00f1o de muchos de nosotros, de productores rurales, de emprendimientos familiares\u201d y esto \u201cviene a salvarnos a nosotros mismos cuando muchas veces queremos bajar los brazos porque no tenemos donde comercializar y poder seguir trabajando con el amor que nos caracteriza\u201d.<\/p>\n\n\n\n<p><strong>Despensa<\/strong><\/p>\n\n\n\n<p>El objetivo es construir un espacio de visibilizaci\u00f3n de los productos, de las y los actores de la agricultura familiar y la econom\u00eda popular social y solidaria; promover el v\u00ednculo entre actores productivos con consumidores y gobiernos locales, a escala local, regional y federal. Tambi\u00e9n, aumentar las oportunidades de generaci\u00f3n de riqueza, de ingresos y de trabajo digno; y brindar herramientas a los gobiernos locales para que fortalezcan y fomenten la producci\u00f3n y comercializaci\u00f3n de producciones del sector.<\/p>\n\n\n\n<p><strong>Programa<\/strong><\/p>\n\n\n\n<p>El Programa de Infraestructura Productiva, tiene como fin la provisi\u00f3n e instalaci\u00f3n de 58 espacios modulares distribuidos en distintos municipios de todo el pa\u00eds, que funcionar\u00e1n como nodo de comercializaci\u00f3n asociativa y solidaria para productos elaborados por peque\u00f1os productores y emprendedores de cada localidad, la regi\u00f3n y de otras regiones del pa\u00eds; fortaleciendo el car\u00e1cter de red federal de la iniciativa.<\/p>\n","protected":false},"excerpt":{"rendered":"<p>El intendente Ustarroz y los ministros Katopodis y De Pedro inauguraron la primera \u201cDespensa\u201d de venta de productos regionales y &#8230; <a title=\"Inauguran en Mercedes la primera \u201cDespensa\u201d de venta directa de productor regionales\" class=\"read-more\" href=\"https:\/\/www.hoymercedes.com.ar\/principal\/2023\/09\/25\/inauguran-en-mercedes-la-primera-despensa-de-venta-directa-de-productor-regionales\/\" aria-label=\"Leer m\u00e1s sobre Inauguran en Mercedes la primera \u201cDespensa\u201d de venta directa de productor regionales\">Leer m\u00e1s<\/a><\/p>\n","protected":false},"author":1,"featured_media":167596,"comment_status":"closed","ping_status":"open","sticky":false,"template":"","format":"standard","meta":{"_monsterinsights_skip_tracking":false,"_monsterinsights_sitenote_active":false,"_monsterinsights_sitenote_note":"","_monsterinsights_sitenote_category":0,"jetpack_post_was_ever_published":false,"_jetpack_newsletter_access":"","_jetpack_dont_email_post_to_subs":false,"_jetpack_newsletter_tier_id":0,"_jetpack_memberships_contains_paywalled_content":false,"_jetpack_memberships_contains_paid_content":false,"footnotes":"","jetpack_publicize_message":"","jetpack_publicize_feature_enabled":true,"jetpack_social_post_already_shared":true,"jetpack_social_options":{"image_generator_settings":{"template":"highway","default_image_id":0,"font":"","enabled":false},"version":2},"_wpas_customize_per_network":false},"categories":[8],"tags":[16090,18844,424],"class_list":["post-167595","post","type-post","status-publish","format-standard","has-post-thumbnail","hentry","category-sociedad","tag-katopodis","tag-programa-despensa-mercedes","tag-ustarroz","generate-columns","tablet-grid-50","mobile-grid-100","grid-parent","grid-50"],"jetpack_publicize_connections":[],"jetpack_featured_media_url":"https:\/\/www.hoymercedes.com.ar\/principal\/wp-content\/uploads\/2023\/09\/DSC_0490.jpg","wps_subtitle":"Beneficio social ","jetpack_sharing_enabled":true,"_links":{"self":[{"href":"https:\/\/www.hoymercedes.com.ar\/principal\/wp-json\/wp\/v2\/posts\/167595","targetHints":{"allow":["GET"]}}],"collection":[{"href":"https:\/\/www.hoymercedes.com.ar\/principal\/wp-json\/wp\/v2\/posts"}],"about":[{"href":"https:\/\/www.hoymercedes.com.ar\/principal\/wp-json\/wp\/v2\/types\/post"}],"author":[{"embeddable":true,"href":"https:\/\/www.hoymercedes.com.ar\/principal\/wp-json\/wp\/v2\/users\/1"}],"replies":[{"embeddable":true,"href":"https:\/\/www.hoymercedes.com.ar\/principal\/wp-json\/wp\/v2\/comments?post=167595"}],"version-history":[{"count":0,"href":"https:\/\/www.hoymercedes.com.ar\/principal\/wp-json\/wp\/v2\/posts\/167595\/revisions"}],"wp:featuredmedia":[{"embeddable":true,"href":"https:\/\/www.hoymercedes.com.ar\/principal\/wp-json\/wp\/v2\/media\/167596"}],"wp:attachment":[{"href":"https:\/\/www.hoymercedes.com.ar\/principal\/wp-json\/wp\/v2\/media?parent=167595"}],"wp:term":[{"taxonomy":"category","embeddable":true,"href":"https:\/\/www.hoymercedes.com.ar\/principal\/wp-json\/wp\/v2\/categories?post=167595"},{"taxonomy":"post_tag","embeddable":true,"href":"https:\/\/www.hoymercedes.com.ar\/principal\/wp-json\/wp\/v2\/tags?post=167595"}],"curies":[{"name":"wp","href":"https:\/\/api.w.org\/{rel}","templated":true}]}}