{"id":167621,"date":"2023-09-25T16:15:00","date_gmt":"2023-09-25T19:15:00","guid":{"rendered":"https:\/\/www.hoymercedes.com.ar\/principal\/?p=167621"},"modified":"2023-09-25T15:31:38","modified_gmt":"2023-09-25T18:31:38","slug":"realizaron-la-rural-en-mercedes","status":"publish","type":"post","link":"https:\/\/www.hoymercedes.com.ar\/principal\/2023\/09\/25\/realizaron-la-rural-en-mercedes\/","title":{"rendered":"Realizaron la Rural en Mercedes"},"content":{"rendered":"\n<p><strong><em>Desde el jueves pasado, hasta el domingo, mucho p\u00fablico acompa\u00f1\u00f3 el evento organizado por la Sociedad Rural Regional Mercedes. Hubo charlas, capacitaciones y un interesante volumen de ventas. Se conocieron los ganadores.<\/em><\/strong><\/p>\n\n\n<div class=\"wp-block-image\">\n<figure class=\"aligncenter size-full\"><img loading=\"lazy\" decoding=\"async\" width=\"800\" height=\"533\" data-attachment-id=\"167622\" data-permalink=\"https:\/\/www.hoymercedes.com.ar\/principal\/2023\/09\/25\/realizaron-la-rural-en-mercedes\/sociedad-rural-5\/#main\" data-orig-file=\"https:\/\/www.hoymercedes.com.ar\/principal\/wp-content\/uploads\/2023\/09\/sociedad-rural-5.jpg\" data-orig-size=\"800,533\" data-comments-opened=\"0\" data-image-meta=\"{&quot;aperture&quot;:&quot;0&quot;,&quot;credit&quot;:&quot;&quot;,&quot;camera&quot;:&quot;&quot;,&quot;caption&quot;:&quot;&quot;,&quot;created_timestamp&quot;:&quot;0&quot;,&quot;copyright&quot;:&quot;&quot;,&quot;focal_length&quot;:&quot;0&quot;,&quot;iso&quot;:&quot;0&quot;,&quot;shutter_speed&quot;:&quot;0&quot;,&quot;title&quot;:&quot;&quot;,&quot;orientation&quot;:&quot;0&quot;}\" data-image-title=\"sociedad rural 5\" data-image-description=\"\" data-image-caption=\"\" data-large-file=\"https:\/\/www.hoymercedes.com.ar\/principal\/wp-content\/uploads\/2023\/09\/sociedad-rural-5.jpg\" src=\"https:\/\/www.hoymercedes.com.ar\/principal\/wp-content\/uploads\/2023\/09\/sociedad-rural-5.jpg\" alt=\"\" class=\"wp-image-167622\" srcset=\"https:\/\/www.hoymercedes.com.ar\/principal\/wp-content\/uploads\/2023\/09\/sociedad-rural-5.jpg 800w, https:\/\/www.hoymercedes.com.ar\/principal\/wp-content\/uploads\/2023\/09\/sociedad-rural-5-630x420.jpg 630w, https:\/\/www.hoymercedes.com.ar\/principal\/wp-content\/uploads\/2023\/09\/sociedad-rural-5-150x100.jpg 150w, https:\/\/www.hoymercedes.com.ar\/principal\/wp-content\/uploads\/2023\/09\/sociedad-rural-5-700x465.jpg 700w\" sizes=\"auto, (max-width: 800px) 100vw, 800px\" \/><\/figure>\n<\/div>\n\n\n<p>Desde el jueves y hasta ayer domingo se llev\u00f3 a cabo en las instalaciones de la Sociedad Rural Regional de Mercedes la 75 edici\u00f3n de la Exposici\u00f3n Rural.<\/p>\n\n\n\n<p>Si bien el clima no acompa\u00f1\u00f3, todos los d\u00edas hubo una buena concurrencia de p\u00fablico y de productores que participaron de las distintas actividades. El jueves \u2013en el local de la Sociedad Rural de Jun\u00edn- y por parte de la \u201cCaba\u00f1a Nirihuau\u201d se concret\u00f3 un excelente remate de animales seleccionados. Una importante cantidad de criadores e interesados que le dieron un&nbsp; marco soberbio a la exposici\u00f3n y venta en este remate de alt\u00edsima calidad bovina.<\/p>\n\n\n\n<p>El viernes 22 de septiembre tuvo lugar la segunda jornada que comenz\u00f3 con una ma\u00f1ana fr\u00eda y nublada, pero llena de \u00edmpetu, ganas y voluntad. Se realiz\u00f3 bien temprano la exposici\u00f3n y calificaci\u00f3n de los diferentes ejemplares de las razas bovinas que compiten por el premio al mejor animal en su raza; paralelamente se iban dando cita cada uno de los expositores que uno a uno fueron llenando los espacios a los costados de la senda de ingreso a la Expo. Tambi\u00e9n mucho p\u00fablico concurri\u00f3 a la carpa de exposici\u00f3n de los animales de granja. En la jornada del viernes se dieron cita organizaciones gubernamentales, de seguridad y entes relacionados al campo argentino.<\/p>\n\n\n<div class=\"wp-block-image\">\n<figure class=\"aligncenter size-full\"><img loading=\"lazy\" decoding=\"async\" width=\"800\" height=\"533\" data-attachment-id=\"167624\" data-permalink=\"https:\/\/www.hoymercedes.com.ar\/principal\/2023\/09\/25\/realizaron-la-rural-en-mercedes\/sociedad-rural-3\/#main\" data-orig-file=\"https:\/\/www.hoymercedes.com.ar\/principal\/wp-content\/uploads\/2023\/09\/sociedad-rural-3.jpg\" data-orig-size=\"800,533\" data-comments-opened=\"0\" data-image-meta=\"{&quot;aperture&quot;:&quot;0&quot;,&quot;credit&quot;:&quot;&quot;,&quot;camera&quot;:&quot;&quot;,&quot;caption&quot;:&quot;&quot;,&quot;created_timestamp&quot;:&quot;0&quot;,&quot;copyright&quot;:&quot;&quot;,&quot;focal_length&quot;:&quot;0&quot;,&quot;iso&quot;:&quot;0&quot;,&quot;shutter_speed&quot;:&quot;0&quot;,&quot;title&quot;:&quot;&quot;,&quot;orientation&quot;:&quot;0&quot;}\" data-image-title=\"sociedad rural 3\" data-image-description=\"\" data-image-caption=\"\" data-large-file=\"https:\/\/www.hoymercedes.com.ar\/principal\/wp-content\/uploads\/2023\/09\/sociedad-rural-3.jpg\" src=\"https:\/\/www.hoymercedes.com.ar\/principal\/wp-content\/uploads\/2023\/09\/sociedad-rural-3.jpg\" alt=\"\" class=\"wp-image-167624\" srcset=\"https:\/\/www.hoymercedes.com.ar\/principal\/wp-content\/uploads\/2023\/09\/sociedad-rural-3.jpg 800w, https:\/\/www.hoymercedes.com.ar\/principal\/wp-content\/uploads\/2023\/09\/sociedad-rural-3-630x420.jpg 630w, https:\/\/www.hoymercedes.com.ar\/principal\/wp-content\/uploads\/2023\/09\/sociedad-rural-3-150x100.jpg 150w, https:\/\/www.hoymercedes.com.ar\/principal\/wp-content\/uploads\/2023\/09\/sociedad-rural-3-700x465.jpg 700w\" sizes=\"auto, (max-width: 800px) 100vw, 800px\" \/><\/figure>\n<\/div>\n\n\n<p>Como todos los a\u00f1os, el viernes se dieron cita varios jardines de infantes de nuestro partido, que realizaron una recorrida a la Expo en compa\u00f1\u00eda y con la gu\u00eda de estudiante de a\u00f1os superiores de la \u201cEscuela Agrot\u00e9cnica\u201d.<\/p>\n\n\n\n<p>El s\u00e1bado abri\u00f3 bastante m\u00e1s temprano y se dio cita mayor cantidad de p\u00fablico general y productores. Se realiz\u00f3 la subasta de ejemplares bovinos de excelencia; se registraron y ofrecieron sus productos muchos m\u00e1s expositores y marcas; se sumaron emprendedores y artesanos; un muy nutrido patio de food trucks. Adem\u00e1s el cuerpo de Bomberos Voluntarios de Mercedes asisti\u00f3 con una gran cantidad de equipamiento y camiones que hizo las maravillas de los m\u00e1s peque\u00f1os y se realizaron diversas charlas en los stands, tal el caso la realizada por el veterinario Bernardo&nbsp; Zubeldia y el adiestrador David D\u00edaz \u201cEl ABC de la primera mascota\u201d \u00ab; haciendo el cierre de la jornada con una pe\u00f1a folkl\u00f3rica que concito gran n\u00famero de espectadores..<\/p>\n\n\n\n<p>El domingo adem\u00e1s del tradicional almuerzo \u2013al que concurri\u00f3 mucho p\u00fablico- tuvieron lugar los discursos alusivos y el tradicional desfile. A las 10 ingresaron las delegaciones gauchas para luego \u2013pasadas las 10:30- proceder a la inauguraci\u00f3n oficial y la bendici\u00f3n de campa\u00f1a. A las 11 horas desfilaron los campeones y se entregaron los premios, para dar paso \u2013 a las 12- a la demostraci\u00f3n de destreza de perros y adiestraci\u00f3n a cargo de Adriana Su\u00e1rez.<\/p>\n\n\n\n<p>Luego del almuerzo tuvo lugar la prueba de riendas de caballos criollos a cargo de las agrupaciones gauchas y una demostraci\u00f3n ecuestre de la Escuadra Azul de la Polic\u00eda Federal; tras el entrevero de tropillas y ya pasadas las 17 horas su subi\u00f3 al escenario Alcides que brind\u00f3 un excelente show. Y todo ellos de manera gratuita.<\/p>\n\n\n<div class=\"wp-block-image\">\n<figure class=\"aligncenter size-full\"><img loading=\"lazy\" decoding=\"async\" width=\"800\" height=\"533\" data-attachment-id=\"167623\" data-permalink=\"https:\/\/www.hoymercedes.com.ar\/principal\/2023\/09\/25\/realizaron-la-rural-en-mercedes\/sociedad-rural-4\/#main\" data-orig-file=\"https:\/\/www.hoymercedes.com.ar\/principal\/wp-content\/uploads\/2023\/09\/sociedad-rural-4.jpg\" data-orig-size=\"800,533\" data-comments-opened=\"0\" data-image-meta=\"{&quot;aperture&quot;:&quot;0&quot;,&quot;credit&quot;:&quot;&quot;,&quot;camera&quot;:&quot;&quot;,&quot;caption&quot;:&quot;&quot;,&quot;created_timestamp&quot;:&quot;1695599642&quot;,&quot;copyright&quot;:&quot;&quot;,&quot;focal_length&quot;:&quot;0&quot;,&quot;iso&quot;:&quot;0&quot;,&quot;shutter_speed&quot;:&quot;0&quot;,&quot;title&quot;:&quot;&quot;,&quot;orientation&quot;:&quot;0&quot;}\" data-image-title=\"sociedad rural 4\" data-image-description=\"\" data-image-caption=\"\" data-large-file=\"https:\/\/www.hoymercedes.com.ar\/principal\/wp-content\/uploads\/2023\/09\/sociedad-rural-4.jpg\" src=\"https:\/\/www.hoymercedes.com.ar\/principal\/wp-content\/uploads\/2023\/09\/sociedad-rural-4.jpg\" alt=\"\" class=\"wp-image-167623\" srcset=\"https:\/\/www.hoymercedes.com.ar\/principal\/wp-content\/uploads\/2023\/09\/sociedad-rural-4.jpg 800w, https:\/\/www.hoymercedes.com.ar\/principal\/wp-content\/uploads\/2023\/09\/sociedad-rural-4-630x420.jpg 630w, https:\/\/www.hoymercedes.com.ar\/principal\/wp-content\/uploads\/2023\/09\/sociedad-rural-4-150x100.jpg 150w, https:\/\/www.hoymercedes.com.ar\/principal\/wp-content\/uploads\/2023\/09\/sociedad-rural-4-700x465.jpg 700w\" sizes=\"auto, (max-width: 800px) 100vw, 800px\" \/><\/figure>\n<\/div>\n\n\n<p>Tras el evento el presidente de la entidad Leonardo Fagundez, bastante exhausto por el ajetreo de la organizaci\u00f3n, no disimulaba su satisfacci\u00f3n por el \u00e9xito de p\u00fablico. \u201cM\u00e1s de ocho mil familias nos acompa\u00f1aron, y eso creo que es muy positivo. Todo sali\u00f3 muy bien, claro que hay cosas por mejorar pero creo que la Rural de Mercedes se afianza edici\u00f3n tras edici\u00f3n\u201d, sostuvo.<\/p>\n\n\n\n<p>En cuanto a los premios, el Gran campe\u00f3n macho puro de pedigre raza Aberdeen Angus fue para Caba\u00f1a La Ilusi\u00f3n con RP 755; el Gran campe\u00f3n hembra puro de pedigre para Caba\u00f1a La Ilusi\u00f3n con RP 1465; el reservado gran campe\u00f3n macho puro de pedigre Angus con RP 1623 fue para Caba\u00f1a La \u00d1ata; el gran campe\u00f3n hembra puro controlado angus box 49 para Caba\u00f1a La \u00d1ata, el reservado gran campe\u00f3n hembra puro controlado box 51&nbsp; para Caba\u00f1a La Ilusi\u00f3n, el lote del gran campe\u00f3n macho puro controlado angus box 54 para Caba\u00f1a Las Celinas y el Gran campe\u00f3n macho S\/ POLLED HEREFORD, para Caba\u00f1a Santa Mar\u00eda de Irisarri.<\/p>\n\n\n\n<p>En la venta, hubo comercializaci\u00f3n por 56 piezas siendo el precio promedio del Toro Angus PP $ 1.100.000; en el toro Angus PC $ 766,190, en el toro Polled Hereford PP el promedio $ 666.666; y en las vacas Angus PC c\/cria el promedio fue de $ 611.000.<\/p>\n\n\n\n<p>Colaboraci\u00f3n Mariano Oyarz\u00fa<\/p>\n\n\n<div class=\"wp-block-image\">\n<figure class=\"aligncenter size-full\"><img loading=\"lazy\" decoding=\"async\" width=\"800\" height=\"533\" data-attachment-id=\"167626\" data-permalink=\"https:\/\/www.hoymercedes.com.ar\/principal\/2023\/09\/25\/realizaron-la-rural-en-mercedes\/sociedad-rural-1\/#main\" data-orig-file=\"https:\/\/www.hoymercedes.com.ar\/principal\/wp-content\/uploads\/2023\/09\/sociedad-rural-1.jpg\" data-orig-size=\"800,533\" data-comments-opened=\"0\" data-image-meta=\"{&quot;aperture&quot;:&quot;0&quot;,&quot;credit&quot;:&quot;&quot;,&quot;camera&quot;:&quot;&quot;,&quot;caption&quot;:&quot;&quot;,&quot;created_timestamp&quot;:&quot;0&quot;,&quot;copyright&quot;:&quot;&quot;,&quot;focal_length&quot;:&quot;0&quot;,&quot;iso&quot;:&quot;0&quot;,&quot;shutter_speed&quot;:&quot;0&quot;,&quot;title&quot;:&quot;&quot;,&quot;orientation&quot;:&quot;0&quot;}\" data-image-title=\"sociedad rural 1\" data-image-description=\"\" data-image-caption=\"\" data-large-file=\"https:\/\/www.hoymercedes.com.ar\/principal\/wp-content\/uploads\/2023\/09\/sociedad-rural-1.jpg\" src=\"https:\/\/www.hoymercedes.com.ar\/principal\/wp-content\/uploads\/2023\/09\/sociedad-rural-1.jpg\" alt=\"\" class=\"wp-image-167626\" srcset=\"https:\/\/www.hoymercedes.com.ar\/principal\/wp-content\/uploads\/2023\/09\/sociedad-rural-1.jpg 800w, https:\/\/www.hoymercedes.com.ar\/principal\/wp-content\/uploads\/2023\/09\/sociedad-rural-1-630x420.jpg 630w, https:\/\/www.hoymercedes.com.ar\/principal\/wp-content\/uploads\/2023\/09\/sociedad-rural-1-150x100.jpg 150w, https:\/\/www.hoymercedes.com.ar\/principal\/wp-content\/uploads\/2023\/09\/sociedad-rural-1-700x465.jpg 700w\" sizes=\"auto, (max-width: 800px) 100vw, 800px\" \/><\/figure>\n<\/div>","protected":false},"excerpt":{"rendered":"<p>Desde el jueves pasado, hasta el domingo, mucho p\u00fablico acompa\u00f1\u00f3 el evento organizado por la Sociedad Rural Regional Mercedes. Hubo charlas, capacitaciones y un interesante volumen de ventas. Se conocieron los ganadores.<\/p>\n","protected":false},"author":1,"featured_media":167626,"comment_status":"closed","ping_status":"open","sticky":false,"template":"","format":"standard","meta":{"_monsterinsights_skip_tracking":false,"_monsterinsights_sitenote_active":false,"_monsterinsights_sitenote_note":"","_monsterinsights_sitenote_category":0,"jetpack_post_was_ever_published":false,"_jetpack_newsletter_access":"","_jetpack_dont_email_post_to_subs":false,"_jetpack_newsletter_tier_id":0,"_jetpack_memberships_contains_paywalled_content":false,"_jetpack_memberships_contains_paid_content":false,"footnotes":"","jetpack_publicize_message":"","jetpack_publicize_feature_enabled":true,"jetpack_social_post_already_shared":true,"jetpack_social_options":{"image_generator_settings":{"template":"highway","default_image_id":0,"font":"","enabled":false},"version":2},"_wpas_customize_per_network":false},"categories":[8],"tags":[],"class_list":["post-167621","post","type-post","status-publish","format-standard","has-post-thumbnail","hentry","category-sociedad","generate-columns","tablet-grid-50","mobile-grid-100","grid-parent","grid-50"],"jetpack_publicize_connections":[],"jetpack_featured_media_url":"https:\/\/www.hoymercedes.com.ar\/principal\/wp-content\/uploads\/2023\/09\/sociedad-rural-1.jpg","wps_subtitle":"","jetpack_sharing_enabled":true,"_links":{"self":[{"href":"https:\/\/www.hoymercedes.com.ar\/principal\/wp-json\/wp\/v2\/posts\/167621","targetHints":{"allow":["GET"]}}],"collection":[{"href":"https:\/\/www.hoymercedes.com.ar\/principal\/wp-json\/wp\/v2\/posts"}],"about":[{"href":"https:\/\/www.hoymercedes.com.ar\/principal\/wp-json\/wp\/v2\/types\/post"}],"author":[{"embeddable":true,"href":"https:\/\/www.hoymercedes.com.ar\/principal\/wp-json\/wp\/v2\/users\/1"}],"replies":[{"embeddable":true,"href":"https:\/\/www.hoymercedes.com.ar\/principal\/wp-json\/wp\/v2\/comments?post=167621"}],"version-history":[{"count":0,"href":"https:\/\/www.hoymercedes.com.ar\/principal\/wp-json\/wp\/v2\/posts\/167621\/revisions"}],"wp:featuredmedia":[{"embeddable":true,"href":"https:\/\/www.hoymercedes.com.ar\/principal\/wp-json\/wp\/v2\/media\/167626"}],"wp:attachment":[{"href":"https:\/\/www.hoymercedes.com.ar\/principal\/wp-json\/wp\/v2\/media?parent=167621"}],"wp:term":[{"taxonomy":"category","embeddable":true,"href":"https:\/\/www.hoymercedes.com.ar\/principal\/wp-json\/wp\/v2\/categories?post=167621"},{"taxonomy":"post_tag","embeddable":true,"href":"https:\/\/www.hoymercedes.com.ar\/principal\/wp-json\/wp\/v2\/tags?post=167621"}],"curies":[{"name":"wp","href":"https:\/\/api.w.org\/{rel}","templated":true}]}}