{"id":167678,"date":"2023-09-27T08:59:57","date_gmt":"2023-09-27T11:59:57","guid":{"rendered":"https:\/\/www.hoymercedes.com.ar\/principal\/?p=167678"},"modified":"2023-09-27T09:00:03","modified_gmt":"2023-09-27T12:00:03","slug":"encuentro-abierto-con-el-archivo-broderie-en-el-miguez","status":"publish","type":"post","link":"https:\/\/www.hoymercedes.com.ar\/principal\/2023\/09\/27\/encuentro-abierto-con-el-archivo-broderie-en-el-miguez\/","title":{"rendered":"Encuentro abierto con el Archivo Broderie en el Miguez"},"content":{"rendered":"\n<p>En el marco de \u00abDesde el entorno. Otras formas posibles de hacer y mirar\u00bb , habr\u00e1 una segunda propuesta abierta a la comunidad y gratuita. Esta vez, se trata de la reapertura del Archivo Broderie, un proyecto colectivo de la artista Nilda Rosemberg , que consiste en revalorizar los saberes relacionados con el bordado y la costura a trav\u00e9s de su registro.<\/p>\n\n\n<div class=\"wp-block-image\">\n<figure class=\"aligncenter size-full\"><img loading=\"lazy\" decoding=\"async\" width=\"800\" height=\"800\" data-attachment-id=\"167680\" data-permalink=\"https:\/\/www.hoymercedes.com.ar\/principal\/2023\/09\/27\/encuentro-abierto-con-el-archivo-broderie-en-el-miguez\/cueto-experiencia\/#main\" data-orig-file=\"https:\/\/www.hoymercedes.com.ar\/principal\/wp-content\/uploads\/2023\/09\/cueto-experiencia.jpg\" data-orig-size=\"800,800\" data-comments-opened=\"0\" data-image-meta=\"{&quot;aperture&quot;:&quot;0&quot;,&quot;credit&quot;:&quot;&quot;,&quot;camera&quot;:&quot;&quot;,&quot;caption&quot;:&quot;&quot;,&quot;created_timestamp&quot;:&quot;0&quot;,&quot;copyright&quot;:&quot;&quot;,&quot;focal_length&quot;:&quot;0&quot;,&quot;iso&quot;:&quot;0&quot;,&quot;shutter_speed&quot;:&quot;0&quot;,&quot;title&quot;:&quot;&quot;,&quot;orientation&quot;:&quot;0&quot;}\" data-image-title=\"cueto experiencia\" data-image-description=\"\" data-image-caption=\"\" data-large-file=\"https:\/\/www.hoymercedes.com.ar\/principal\/wp-content\/uploads\/2023\/09\/cueto-experiencia.jpg\" src=\"https:\/\/www.hoymercedes.com.ar\/principal\/wp-content\/uploads\/2023\/09\/cueto-experiencia.jpg\" alt=\"\" class=\"wp-image-167680\" srcset=\"https:\/\/www.hoymercedes.com.ar\/principal\/wp-content\/uploads\/2023\/09\/cueto-experiencia.jpg 800w, https:\/\/www.hoymercedes.com.ar\/principal\/wp-content\/uploads\/2023\/09\/cueto-experiencia-620x620.jpg 620w, https:\/\/www.hoymercedes.com.ar\/principal\/wp-content\/uploads\/2023\/09\/cueto-experiencia-150x150.jpg 150w\" sizes=\"auto, (max-width: 800px) 100vw, 800px\" \/><\/figure>\n<\/div>\n\n\n<p>La cita es el s\u00e1bado 30 de septiembre a las 15:30 hs en el Museo Hist\u00f3rico Municipal \u201cVictor Miguez\u201d, calle 12 542. Rosemberg, convocada por Marcela Cueto y Paula F\u00edgoli, estar\u00e1 presente guiando la actividad; exhibir\u00e1 textiles originales y compartir\u00e1 una charla. El sentido del encuentro se completar\u00e1 con la presencia de los y las asistentes, quienes podr\u00e1n sumar sus piezas a esta construcci\u00f3n colectiva que suceder\u00e1 entre conversaciones, lecturas y proyecciones.<\/p>\n\n\n\n<p>La forma de participar ser\u00e1 muy sencilla, quienes deseen hacerlo, deber\u00e1n traer una o dos piezas textiles que les pertenecen a las cuales le atribuyen un valor especial . Es importante destacar que las piezas regresan con cada persona que las trajo.<\/p>\n\n\n\n<p>\u00abDesde el entorno. Otras formas posibles de hacer y mirar\u00bb se trata de una secuencia articulada de encuentros presenciales y gratuitos: charlas, caminatas y talleres, que se est\u00e1 llevando a cabo en Mercedes, Bs As . El objetivo de este ciclo es, mediante un enfoque interdisciplinario en clave contempor\u00e1nea, experimentar una relaci\u00f3n nueva con el entorno: pensando, mirando y haciendo para propiciar el conocimiento y disfrute de otras formas posibles de artes visuales, diferentes a las tradicionales , poniendo en juego saberes nuevos y previos.<\/p>\n\n\n\n<p>En el transcurso de estas actividades se est\u00e1n abordando tres aspectos del entorno inmediato: el entorno natural, el urbano y el dom\u00e9stico . En ese marco, se propone el encuentro de este s\u00e1bado, que pondr\u00e1 foco en el entorno dom\u00e9stico y buscar\u00e1 propiciar una mirada reflexiva y sensible hacia el entorno m\u00e1s pr\u00f3ximo, en un contexto ameno que permitir\u00e1 evocar y revalorizar memorias y saberes.<\/p>\n\n\n\n<p>Nilda Rosemberg posee una trayectoria muy rica en cuanto pr\u00e1cticas pedag\u00f3gicas y art\u00edsticas, participa en exposiciones y residencias en diferentes lugares del pa\u00eds, en salones, bienales y concursos de alcance nacional. En referente en el campo de las artes perform\u00e1ticas y del arte textil . Para conocer m\u00e1s sobre desempe\u00f1o, se puede consultar su web y para acceder a detalles sobre su proyecto Archivo Broderie visitar el siguiente enlace .<\/p>\n\n\n\n<p><\/p>\n","protected":false},"excerpt":{"rendered":"<p>En el marco de \u00abDesde el entorno. Otras formas posibles de hacer y mirar\u00bb , habr\u00e1 una segunda propuesta abierta &#8230; <a title=\"Encuentro abierto con el Archivo Broderie en el Miguez\" class=\"read-more\" href=\"https:\/\/www.hoymercedes.com.ar\/principal\/2023\/09\/27\/encuentro-abierto-con-el-archivo-broderie-en-el-miguez\/\" aria-label=\"Leer m\u00e1s sobre Encuentro abierto con el Archivo Broderie en el Miguez\">Leer m\u00e1s<\/a><\/p>\n","protected":false},"author":1,"featured_media":167680,"comment_status":"closed","ping_status":"open","sticky":false,"template":"","format":"standard","meta":{"_monsterinsights_skip_tracking":false,"_monsterinsights_sitenote_active":false,"_monsterinsights_sitenote_note":"","_monsterinsights_sitenote_category":0,"jetpack_post_was_ever_published":false,"_jetpack_newsletter_access":"","_jetpack_dont_email_post_to_subs":false,"_jetpack_newsletter_tier_id":0,"_jetpack_memberships_contains_paywalled_content":false,"_jetpack_memberships_contains_paid_content":false,"footnotes":"","jetpack_publicize_message":"","jetpack_publicize_feature_enabled":true,"jetpack_social_post_already_shared":true,"jetpack_social_options":{"image_generator_settings":{"template":"highway","default_image_id":0,"font":"","enabled":false},"version":2},"_wpas_customize_per_network":false},"categories":[104],"tags":[7805],"class_list":["post-167678","post","type-post","status-publish","format-standard","has-post-thumbnail","hentry","category-cultura","tag-cultura","generate-columns","tablet-grid-50","mobile-grid-100","grid-parent","grid-50"],"jetpack_publicize_connections":[],"jetpack_featured_media_url":"https:\/\/www.hoymercedes.com.ar\/principal\/wp-content\/uploads\/2023\/09\/cueto-experiencia.jpg","wps_subtitle":"","jetpack_sharing_enabled":true,"_links":{"self":[{"href":"https:\/\/www.hoymercedes.com.ar\/principal\/wp-json\/wp\/v2\/posts\/167678","targetHints":{"allow":["GET"]}}],"collection":[{"href":"https:\/\/www.hoymercedes.com.ar\/principal\/wp-json\/wp\/v2\/posts"}],"about":[{"href":"https:\/\/www.hoymercedes.com.ar\/principal\/wp-json\/wp\/v2\/types\/post"}],"author":[{"embeddable":true,"href":"https:\/\/www.hoymercedes.com.ar\/principal\/wp-json\/wp\/v2\/users\/1"}],"replies":[{"embeddable":true,"href":"https:\/\/www.hoymercedes.com.ar\/principal\/wp-json\/wp\/v2\/comments?post=167678"}],"version-history":[{"count":0,"href":"https:\/\/www.hoymercedes.com.ar\/principal\/wp-json\/wp\/v2\/posts\/167678\/revisions"}],"wp:featuredmedia":[{"embeddable":true,"href":"https:\/\/www.hoymercedes.com.ar\/principal\/wp-json\/wp\/v2\/media\/167680"}],"wp:attachment":[{"href":"https:\/\/www.hoymercedes.com.ar\/principal\/wp-json\/wp\/v2\/media?parent=167678"}],"wp:term":[{"taxonomy":"category","embeddable":true,"href":"https:\/\/www.hoymercedes.com.ar\/principal\/wp-json\/wp\/v2\/categories?post=167678"},{"taxonomy":"post_tag","embeddable":true,"href":"https:\/\/www.hoymercedes.com.ar\/principal\/wp-json\/wp\/v2\/tags?post=167678"}],"curies":[{"name":"wp","href":"https:\/\/api.w.org\/{rel}","templated":true}]}}