{"id":167701,"date":"2023-09-27T14:24:38","date_gmt":"2023-09-27T17:24:38","guid":{"rendered":"https:\/\/www.hoymercedes.com.ar\/principal\/?p=167701"},"modified":"2023-09-27T14:25:59","modified_gmt":"2023-09-27T17:25:59","slug":"golf-benjamin-bellocq-sobresale-en-el-medal-play","status":"publish","type":"post","link":"https:\/\/www.hoymercedes.com.ar\/principal\/2023\/09\/27\/golf-benjamin-bellocq-sobresale-en-el-medal-play\/","title":{"rendered":"Golf: Benjam\u00edn Bellocq sobresale en el Medal Play"},"content":{"rendered":"\n<p>Este fin de semana hubo mucho golf en Golf Club Mercedes comenzado por la jornada del s\u00e1bado donde tuvo lugar un torneo Medal, que convoc\u00f3 a mucha gente pese a estos d\u00edas muy nublados y frescos.<\/p>\n\n\n<div class=\"wp-block-image\">\n<figure class=\"aligncenter size-full\"><img loading=\"lazy\" decoding=\"async\" width=\"712\" height=\"800\" data-attachment-id=\"167686\" data-permalink=\"https:\/\/www.hoymercedes.com.ar\/principal\/2023\/09\/26\/tenis-de-mesa-mercedes-recibio-el-4-torneo-nacional-fatema\/golf-2509\/#main\" data-orig-file=\"https:\/\/www.hoymercedes.com.ar\/principal\/wp-content\/uploads\/2023\/09\/golf-2509.jpg\" data-orig-size=\"712,800\" data-comments-opened=\"0\" data-image-meta=\"{&quot;aperture&quot;:&quot;0&quot;,&quot;credit&quot;:&quot;&quot;,&quot;camera&quot;:&quot;&quot;,&quot;caption&quot;:&quot;&quot;,&quot;created_timestamp&quot;:&quot;0&quot;,&quot;copyright&quot;:&quot;&quot;,&quot;focal_length&quot;:&quot;0&quot;,&quot;iso&quot;:&quot;0&quot;,&quot;shutter_speed&quot;:&quot;0&quot;,&quot;title&quot;:&quot;&quot;,&quot;orientation&quot;:&quot;0&quot;}\" data-image-title=\"golf 2509\" data-image-description=\"\" data-image-caption=\"\" data-large-file=\"https:\/\/www.hoymercedes.com.ar\/principal\/wp-content\/uploads\/2023\/09\/golf-2509.jpg\" src=\"https:\/\/www.hoymercedes.com.ar\/principal\/wp-content\/uploads\/2023\/09\/golf-2509.jpg\" alt=\"\" class=\"wp-image-167686\" srcset=\"https:\/\/www.hoymercedes.com.ar\/principal\/wp-content\/uploads\/2023\/09\/golf-2509.jpg 712w, https:\/\/www.hoymercedes.com.ar\/principal\/wp-content\/uploads\/2023\/09\/golf-2509-552x620.jpg 552w, https:\/\/www.hoymercedes.com.ar\/principal\/wp-content\/uploads\/2023\/09\/golf-2509-134x150.jpg 134w\" sizes=\"auto, (max-width: 712px) 100vw, 712px\" \/><figcaption class=\"wp-element-caption\">Benjam\u00edn Bellocq de 11 a\u00f1os, el mejor del s\u00e1bado.<\/figcaption><\/figure>\n<\/div>\n\n\n<p>No obstante, muchos pudieron hacer su mejor juego, pero quien m\u00e1s brillo fue Benjam\u00edn Bellocq, quien con tan solo once a\u00f1os, despleg\u00f3 en la cancha un golf magnifico con tiros muy certeros y muy buen juego corto, presentando en el Club House una tarjeta de 63, es decir 7 golpes bajo el par de la cancha.<\/p>\n\n\n\n<p>Con ese resultado, no solo se llev\u00f3 el premio de su categor\u00eda, sino que fue el mejor del Sabado,&nbsp; los resultados fueron:<\/p>\n\n\n\n<p>Categor\u00eda hasta 18 de Handicap<\/p>\n\n\n\n<p>1) Bustos Sergio 68<\/p>\n\n\n\n<p>2) Mendiola Guillermo 68<\/p>\n\n\n\n<p>3) Pereyra Tomas 69<\/p>\n\n\n\n<p>4) Tipitto Guillermo 69<\/p>\n\n\n\n<p>5) Rocha Eduardo 72<\/p>\n\n\n\n<p>Categor\u00eda de 19 en adelante<\/p>\n\n\n\n<p>1) Bellocq Benjam\u00edn 63<\/p>\n\n\n\n<p>2) Mendiola Marcelo 67<\/p>\n\n\n\n<p>3) Ghirardelli Juan 67<\/p>\n\n\n\n<p>4) V\u00e1zquez Omar&nbsp; 67<\/p>\n\n\n\n<p>5) Monsalvo Dar\u00edo 68<\/p>\n\n\n\n<p><strong>4 Zonas de FENOBA<\/strong><\/p>\n\n\n\n<p>Por otra parte este domingo se jug\u00f3 la pen\u00faltima fecha del Torneo 4 Zonas&nbsp; de FENOBA,&nbsp; los resultados fueron;&nbsp;<\/p>\n\n\n\n<p>1)&nbsp; San Antonio de Areco 416 golpes<\/p>\n\n\n\n<p>2)&nbsp; Chivilcoy 417 goles&nbsp;<\/p>\n\n\n\n<p>3)&nbsp; Mercedes 425 golpes<\/p>\n\n\n\n<p>4)&nbsp; Navarro 437 golpes<\/p>\n\n\n\n<p>5)&nbsp; Lobos 441 golpes<\/p>\n\n\n\n<p>Las Posiciones quedaron;&nbsp;<\/p>\n\n\n\n<p>1)&nbsp; Mercedes 36 puntos<\/p>\n\n\n\n<p>2)&nbsp; Chivilcoy 33 puntos<\/p>\n\n\n\n<p>3)&nbsp; San Antonio de Areco 22 puntos<\/p>\n\n\n\n<p>4) Navarro 22 puntos<\/p>\n\n\n\n<p>5) Lobos con 18 puntos<\/p>\n\n\n\n<p>Ya clasificados para la gran final restando una fecha a jugarse en la zona de 25 de Mayo, Saladillo, Tapalqu\u00e9 y Bolivar el 12 de noviembre, los equipos de Mercedes y Chivilcoy son los actuales campeones a defender el t\u00edtulo en esa final.<\/p>\n\n\n\n<p>Colaboraci\u00f3n Mariano Oyarz\u00fa <\/p>\n","protected":false},"excerpt":{"rendered":"<p>Este fin de semana hubo mucho golf en Golf Club Mercedes comenzado por la jornada del s\u00e1bado donde tuvo lugar &#8230; <a title=\"Golf: Benjam\u00edn Bellocq sobresale en el Medal Play\" class=\"read-more\" href=\"https:\/\/www.hoymercedes.com.ar\/principal\/2023\/09\/27\/golf-benjamin-bellocq-sobresale-en-el-medal-play\/\" aria-label=\"Leer m\u00e1s sobre Golf: Benjam\u00edn Bellocq sobresale en el Medal Play\">Leer m\u00e1s<\/a><\/p>\n","protected":false},"author":1,"featured_media":167686,"comment_status":"closed","ping_status":"open","sticky":false,"template":"","format":"standard","meta":{"_monsterinsights_skip_tracking":false,"_monsterinsights_sitenote_active":false,"_monsterinsights_sitenote_note":"","_monsterinsights_sitenote_category":0,"jetpack_post_was_ever_published":false,"_jetpack_newsletter_access":"","_jetpack_dont_email_post_to_subs":false,"_jetpack_newsletter_tier_id":0,"_jetpack_memberships_contains_paywalled_content":false,"_jetpack_memberships_contains_paid_content":false,"footnotes":"","jetpack_publicize_message":"","jetpack_publicize_feature_enabled":true,"jetpack_social_post_already_shared":true,"jetpack_social_options":{"image_generator_settings":{"template":"highway","default_image_id":0,"font":"","enabled":false},"version":2},"_wpas_customize_per_network":false},"categories":[21],"tags":[204],"class_list":["post-167701","post","type-post","status-publish","format-standard","has-post-thumbnail","hentry","category-deportes","tag-deportes-2","generate-columns","tablet-grid-50","mobile-grid-100","grid-parent","grid-50"],"jetpack_publicize_connections":[],"jetpack_featured_media_url":"https:\/\/www.hoymercedes.com.ar\/principal\/wp-content\/uploads\/2023\/09\/golf-2509.jpg","wps_subtitle":"","jetpack_sharing_enabled":true,"_links":{"self":[{"href":"https:\/\/www.hoymercedes.com.ar\/principal\/wp-json\/wp\/v2\/posts\/167701","targetHints":{"allow":["GET"]}}],"collection":[{"href":"https:\/\/www.hoymercedes.com.ar\/principal\/wp-json\/wp\/v2\/posts"}],"about":[{"href":"https:\/\/www.hoymercedes.com.ar\/principal\/wp-json\/wp\/v2\/types\/post"}],"author":[{"embeddable":true,"href":"https:\/\/www.hoymercedes.com.ar\/principal\/wp-json\/wp\/v2\/users\/1"}],"replies":[{"embeddable":true,"href":"https:\/\/www.hoymercedes.com.ar\/principal\/wp-json\/wp\/v2\/comments?post=167701"}],"version-history":[{"count":0,"href":"https:\/\/www.hoymercedes.com.ar\/principal\/wp-json\/wp\/v2\/posts\/167701\/revisions"}],"wp:featuredmedia":[{"embeddable":true,"href":"https:\/\/www.hoymercedes.com.ar\/principal\/wp-json\/wp\/v2\/media\/167686"}],"wp:attachment":[{"href":"https:\/\/www.hoymercedes.com.ar\/principal\/wp-json\/wp\/v2\/media?parent=167701"}],"wp:term":[{"taxonomy":"category","embeddable":true,"href":"https:\/\/www.hoymercedes.com.ar\/principal\/wp-json\/wp\/v2\/categories?post=167701"},{"taxonomy":"post_tag","embeddable":true,"href":"https:\/\/www.hoymercedes.com.ar\/principal\/wp-json\/wp\/v2\/tags?post=167701"}],"curies":[{"name":"wp","href":"https:\/\/api.w.org\/{rel}","templated":true}]}}