{"id":167711,"date":"2023-09-27T21:10:00","date_gmt":"2023-09-28T00:10:00","guid":{"rendered":"https:\/\/www.hoymercedes.com.ar\/principal\/?p=167711"},"modified":"2023-09-27T21:03:09","modified_gmt":"2023-09-28T00:03:09","slug":"importante-habra-una-nueva-linea-de-colectivos-entre-mercedes-y-lujan","status":"publish","type":"post","link":"https:\/\/www.hoymercedes.com.ar\/principal\/2023\/09\/27\/importante-habra-una-nueva-linea-de-colectivos-entre-mercedes-y-lujan\/","title":{"rendered":"Importante: habr\u00e1 una nueva l\u00ednea de colectivos entre Mercedes y Luj\u00e1n"},"content":{"rendered":"\n<figure class=\"wp-block-image size-large\"><img loading=\"lazy\" decoding=\"async\" width=\"1024\" height=\"683\" data-attachment-id=\"167712\" data-permalink=\"https:\/\/www.hoymercedes.com.ar\/principal\/2023\/09\/27\/importante-habra-una-nueva-linea-de-colectivos-entre-mercedes-y-lujan\/nuevalinea-1\/#main\" data-orig-file=\"https:\/\/www.hoymercedes.com.ar\/principal\/wp-content\/uploads\/2023\/09\/NuevaLinea-1-scaled.jpg\" data-orig-size=\"2560,1707\" data-comments-opened=\"0\" data-image-meta=\"{&quot;aperture&quot;:&quot;0&quot;,&quot;credit&quot;:&quot;&quot;,&quot;camera&quot;:&quot;&quot;,&quot;caption&quot;:&quot;&quot;,&quot;created_timestamp&quot;:&quot;0&quot;,&quot;copyright&quot;:&quot;&quot;,&quot;focal_length&quot;:&quot;0&quot;,&quot;iso&quot;:&quot;0&quot;,&quot;shutter_speed&quot;:&quot;0&quot;,&quot;title&quot;:&quot;&quot;,&quot;orientation&quot;:&quot;0&quot;}\" data-image-title=\"NuevaLinea-1\" data-image-description=\"\" data-image-caption=\"\" data-large-file=\"https:\/\/www.hoymercedes.com.ar\/principal\/wp-content\/uploads\/2023\/09\/NuevaLinea-1-1024x683.jpg\" src=\"https:\/\/www.hoymercedes.com.ar\/principal\/wp-content\/uploads\/2023\/09\/NuevaLinea-1-1024x683.jpg\" alt=\"\" class=\"wp-image-167712\" srcset=\"https:\/\/www.hoymercedes.com.ar\/principal\/wp-content\/uploads\/2023\/09\/NuevaLinea-1-1024x683.jpg 1024w, https:\/\/www.hoymercedes.com.ar\/principal\/wp-content\/uploads\/2023\/09\/NuevaLinea-1-630x420.jpg 630w, https:\/\/www.hoymercedes.com.ar\/principal\/wp-content\/uploads\/2023\/09\/NuevaLinea-1-150x100.jpg 150w, https:\/\/www.hoymercedes.com.ar\/principal\/wp-content\/uploads\/2023\/09\/NuevaLinea-1-1536x1024.jpg 1536w, https:\/\/www.hoymercedes.com.ar\/principal\/wp-content\/uploads\/2023\/09\/NuevaLinea-1-2048x1366.jpg 2048w\" sizes=\"auto, (max-width: 1024px) 100vw, 1024px\" \/><\/figure>\n\n\n\n<p><strong>Ustarroz <\/strong>junto al ministro D\u00b4Onofrio presentaron la importante novedad. La l\u00ednea 256 iniciar\u00e1 el recorrido entre Mercedes y Luj\u00e1n, con ingreso a Goldney. Durante largo tiempo la Municipalidad hab\u00eda efectuado las gestiones. Ahora es una realidad y fue presentada tambi\u00e9n con la presencia del intendente de Luj\u00e1n, Leo Boto.<\/p>\n\n\n\n<p><strong>Agradecimiento<\/strong><\/p>\n\n\n\n<p>El intendente Juan Ignacio Ustarroz manifest\u00f3 \u201cquiero agradecer la visita del Ministro, porque cada vez que hay una visita as\u00ed, llegan con recursos y servicios. Y hoy estamos inaugurando un nuevo servicio entre Mercedes y Luj\u00e1n que va a ser de mucho provecho para la ciudadan\u00eda\u201d.<\/p>\n\n\n\n<p><strong>Estado<\/strong><\/p>\n\n\n\n<p>En este sentido, el intendente Ustarroz destac\u00f3 \u201cel rol del Estado y su v\u00ednculo con sector privado, porque a trav\u00e9s de la articulaci\u00f3n, la ciudad tendr\u00e1 este servicio tan importante para todos\u201d y agreg\u00f3 \u201clo que habla a las claras del compromiso para el desarrollo y el crecimiento de un pueblo y un pa\u00eds entre lo p\u00fablico y lo privado, brindando un servicio que une, genera v\u00ednculos y trabajo\u201d.<\/p>\n\n\n\n<p>\u201cCada paso que vamos dando es fruto de un gran trabajo que dan respuestas concretas para nuestras familias\u201d remarc\u00f3 el Dr. Ustarroz.<\/p>\n\n\n\n<figure class=\"wp-block-image size-large\"><img loading=\"lazy\" decoding=\"async\" width=\"1024\" height=\"683\" data-attachment-id=\"167713\" data-permalink=\"https:\/\/www.hoymercedes.com.ar\/principal\/2023\/09\/27\/importante-habra-una-nueva-linea-de-colectivos-entre-mercedes-y-lujan\/nuevalinea-2\/#main\" data-orig-file=\"https:\/\/www.hoymercedes.com.ar\/principal\/wp-content\/uploads\/2023\/09\/NuevaLinea-2-scaled.jpg\" data-orig-size=\"2560,1707\" data-comments-opened=\"0\" data-image-meta=\"{&quot;aperture&quot;:&quot;0&quot;,&quot;credit&quot;:&quot;&quot;,&quot;camera&quot;:&quot;&quot;,&quot;caption&quot;:&quot;&quot;,&quot;created_timestamp&quot;:&quot;0&quot;,&quot;copyright&quot;:&quot;&quot;,&quot;focal_length&quot;:&quot;0&quot;,&quot;iso&quot;:&quot;0&quot;,&quot;shutter_speed&quot;:&quot;0&quot;,&quot;title&quot;:&quot;&quot;,&quot;orientation&quot;:&quot;0&quot;}\" data-image-title=\"NuevaLinea-2\" data-image-description=\"\" data-image-caption=\"\" data-large-file=\"https:\/\/www.hoymercedes.com.ar\/principal\/wp-content\/uploads\/2023\/09\/NuevaLinea-2-1024x683.jpg\" src=\"https:\/\/www.hoymercedes.com.ar\/principal\/wp-content\/uploads\/2023\/09\/NuevaLinea-2-1024x683.jpg\" alt=\"\" class=\"wp-image-167713\" srcset=\"https:\/\/www.hoymercedes.com.ar\/principal\/wp-content\/uploads\/2023\/09\/NuevaLinea-2-1024x683.jpg 1024w, https:\/\/www.hoymercedes.com.ar\/principal\/wp-content\/uploads\/2023\/09\/NuevaLinea-2-630x420.jpg 630w, https:\/\/www.hoymercedes.com.ar\/principal\/wp-content\/uploads\/2023\/09\/NuevaLinea-2-150x100.jpg 150w, https:\/\/www.hoymercedes.com.ar\/principal\/wp-content\/uploads\/2023\/09\/NuevaLinea-2-1536x1024.jpg 1536w, https:\/\/www.hoymercedes.com.ar\/principal\/wp-content\/uploads\/2023\/09\/NuevaLinea-2-2048x1366.jpg 2048w\" sizes=\"auto, (max-width: 1024px) 100vw, 1024px\" \/><\/figure>\n\n\n\n<p><strong>Pases<\/strong><\/p>\n\n\n\n<p>Adem\u00e1s, se entregaron pases multimodales para vecinos de la ciudad y se firm\u00f3 un convenio para la inversi\u00f3n de 20 millones de pesos para infraestructura en seguridad vial.&nbsp;<\/p>\n\n\n\n<p><strong>Construcci\u00f3n<\/strong><\/p>\n\n\n\n<p>Jorge D&#8217;Onofrio, ministro de Transporte bonaerense expres\u00f3 \u201ctodo lo que venimos haciendo y construyendo es gracias a la decisi\u00f3n del Gobernador Axel KIcillof, el Gobierno Nacional y los Municipios, como en este caso el de Mercedes y Luj\u00e1n\u201d y apunt\u00f3 \u201choy es una jornada de alegr\u00eda, la de poder conectar dos pueblos vecinos, donde habr\u00e1 una conectividad con una l\u00ednea de frecuencia diaria y un servicio regular\u201d.<\/p>\n\n\n\n<p><strong>Luj\u00e1n<\/strong><\/p>\n\n\n\n<p>Leonardo Boto, intendente de la ciudad de Luj\u00e1n, se\u00f1al\u00f3 \u201cgracias al gran trabajo entre todos, se va a poder emprender nuevamente este servicio que unir\u00e1 a nuestras dos ciudades, y ojal\u00e1 que sirva para el crecimiento de nuestras dos comunidades\u201d.&nbsp;<\/p>\n\n\n\n<p><strong>Empresa<\/strong><\/p>\n\n\n\n<p>Desde la empresa Transporte 11 de junio S.R.L, su representante Andr\u00e9s Mayer dijo \u201cmuchas gracias de toda la empresa a las autoridades, funcionarios, intendentes de Luj\u00e1n y Mercedes y a toda la comunidad. Luego de gestiones entre funcionarios de provincia y los intendentes de ambas comunas hoy vemos realizado este hecho hist\u00f3rico, que nuestra empresa llegue a Mercedes y pueda colaborar uniendo ambas ciudades\u201d. \u00a0<\/p>\n\n\n\n<figure class=\"wp-block-image size-large\"><img loading=\"lazy\" decoding=\"async\" width=\"1024\" height=\"683\" data-attachment-id=\"167714\" data-permalink=\"https:\/\/www.hoymercedes.com.ar\/principal\/2023\/09\/27\/importante-habra-una-nueva-linea-de-colectivos-entre-mercedes-y-lujan\/nuevalinea-3\/#main\" data-orig-file=\"https:\/\/www.hoymercedes.com.ar\/principal\/wp-content\/uploads\/2023\/09\/NuevaLinea-3-scaled.jpg\" data-orig-size=\"2560,1707\" data-comments-opened=\"0\" data-image-meta=\"{&quot;aperture&quot;:&quot;0&quot;,&quot;credit&quot;:&quot;&quot;,&quot;camera&quot;:&quot;&quot;,&quot;caption&quot;:&quot;&quot;,&quot;created_timestamp&quot;:&quot;0&quot;,&quot;copyright&quot;:&quot;&quot;,&quot;focal_length&quot;:&quot;0&quot;,&quot;iso&quot;:&quot;0&quot;,&quot;shutter_speed&quot;:&quot;0&quot;,&quot;title&quot;:&quot;&quot;,&quot;orientation&quot;:&quot;0&quot;}\" data-image-title=\"NuevaLinea-3\" data-image-description=\"\" data-image-caption=\"\" data-large-file=\"https:\/\/www.hoymercedes.com.ar\/principal\/wp-content\/uploads\/2023\/09\/NuevaLinea-3-1024x683.jpg\" src=\"https:\/\/www.hoymercedes.com.ar\/principal\/wp-content\/uploads\/2023\/09\/NuevaLinea-3-1024x683.jpg\" alt=\"\" class=\"wp-image-167714\" srcset=\"https:\/\/www.hoymercedes.com.ar\/principal\/wp-content\/uploads\/2023\/09\/NuevaLinea-3-1024x683.jpg 1024w, https:\/\/www.hoymercedes.com.ar\/principal\/wp-content\/uploads\/2023\/09\/NuevaLinea-3-630x420.jpg 630w, https:\/\/www.hoymercedes.com.ar\/principal\/wp-content\/uploads\/2023\/09\/NuevaLinea-3-150x100.jpg 150w, https:\/\/www.hoymercedes.com.ar\/principal\/wp-content\/uploads\/2023\/09\/NuevaLinea-3-1536x1024.jpg 1536w, https:\/\/www.hoymercedes.com.ar\/principal\/wp-content\/uploads\/2023\/09\/NuevaLinea-3-2048x1366.jpg 2048w\" sizes=\"auto, (max-width: 1024px) 100vw, 1024px\" \/><\/figure>\n\n\n\n<p><strong>Beneficios<\/strong><\/p>\n\n\n\n<p>\u2022 Mayor conectividad de transporte entre los partidos de Luj\u00e1n y Mercedes.<\/p>\n\n\n\n<p>\u2022 Servicio de transporte automotor con equipamiento de c\u00e1maras de seguridad<\/p>\n\n\n\n<p>para garantizar un transporte automotor seguro para las personas usuarias.<\/p>\n\n\n\n<p>\u2022 Las frecuencias autorizadas est\u00e1n diagramadas para facilitar la<\/p>\n\n\n\n<p>transferencia de personas usuarias con el servicio de Trenes Argentinos (SOFSE)<\/p>\n\n\n\n<p>&#8211; L\u00ednea Sarmiento.<\/p>\n\n\n\n<p>\u2022 Servicio de transporte con Sistema de Boleto Electr\u00f3nico (S.U.B.E.)<\/p>\n\n\n\n<p>implementado, posibilitando el acceso a una tarifa subsidiada para aquellas<\/p>\n\n\n\n<p>personas beneficiarias del Atributo Social Federal.<\/p>\n\n\n\n<p>\u2022 La oferta del servicio alcanza a 940 estudiantes beneficiarios y beneficiarias<\/p>\n\n\n\n<p>del Boleto Especial Educativo (BEE), con domicilio en el partido de Mercedes y<\/p>\n\n\n\n<p>que realizan sus estudios en la Universidad Nacional de Luj\u00e1n (UNLu).<\/p>\n\n\n\n<p><strong>Operatividad<\/strong><\/p>\n\n\n\n<p>Se estima ya en octubre estar\u00eda funcionando en plenitud con viajes entre Mercedes y Luj\u00e1n, ingresando a Goldney siendo algo que toda la zona solicitaba, siendo gran cantidad de estudiantes, docentes, vecinos y vecinas que necesitan una alternativa para viajar y en espacial en horarios de mayor demanda.<\/p>\n","protected":false},"excerpt":{"rendered":"<p>Ustarroz junto al ministro D\u00b4Onofrio presentaron la importante novedad. La l\u00ednea 256 iniciar\u00e1 el recorrido entre Mercedes y Luj\u00e1n, con &#8230; <a title=\"Importante: habr\u00e1 una nueva l\u00ednea de colectivos entre Mercedes y Luj\u00e1n\" class=\"read-more\" href=\"https:\/\/www.hoymercedes.com.ar\/principal\/2023\/09\/27\/importante-habra-una-nueva-linea-de-colectivos-entre-mercedes-y-lujan\/\" aria-label=\"Leer m\u00e1s sobre Importante: habr\u00e1 una nueva l\u00ednea de colectivos entre Mercedes y Luj\u00e1n\">Leer m\u00e1s<\/a><\/p>\n","protected":false},"author":1,"featured_media":167712,"comment_status":"closed","ping_status":"open","sticky":false,"template":"","format":"standard","meta":{"_monsterinsights_skip_tracking":false,"_monsterinsights_sitenote_active":false,"_monsterinsights_sitenote_note":"","_monsterinsights_sitenote_category":0,"jetpack_post_was_ever_published":false,"_jetpack_newsletter_access":"","_jetpack_dont_email_post_to_subs":false,"_jetpack_newsletter_tier_id":0,"_jetpack_memberships_contains_paywalled_content":false,"_jetpack_memberships_contains_paid_content":false,"footnotes":"","jetpack_publicize_message":"","jetpack_publicize_feature_enabled":true,"jetpack_social_post_already_shared":true,"jetpack_social_options":{"image_generator_settings":{"template":"highway","default_image_id":0,"font":"","enabled":false},"version":2},"_wpas_customize_per_network":false},"categories":[8],"tags":[18846,18847,18056,424],"class_list":["post-167711","post","type-post","status-publish","format-standard","has-post-thumbnail","hentry","category-sociedad","tag-colectivos-mercedes-lujan","tag-donofrio","tag-leo-boto","tag-ustarroz","generate-columns","tablet-grid-50","mobile-grid-100","grid-parent","grid-50"],"jetpack_publicize_connections":[],"jetpack_featured_media_url":"https:\/\/www.hoymercedes.com.ar\/principal\/wp-content\/uploads\/2023\/09\/NuevaLinea-1-scaled.jpg","wps_subtitle":"Beneficios social","jetpack_sharing_enabled":true,"_links":{"self":[{"href":"https:\/\/www.hoymercedes.com.ar\/principal\/wp-json\/wp\/v2\/posts\/167711","targetHints":{"allow":["GET"]}}],"collection":[{"href":"https:\/\/www.hoymercedes.com.ar\/principal\/wp-json\/wp\/v2\/posts"}],"about":[{"href":"https:\/\/www.hoymercedes.com.ar\/principal\/wp-json\/wp\/v2\/types\/post"}],"author":[{"embeddable":true,"href":"https:\/\/www.hoymercedes.com.ar\/principal\/wp-json\/wp\/v2\/users\/1"}],"replies":[{"embeddable":true,"href":"https:\/\/www.hoymercedes.com.ar\/principal\/wp-json\/wp\/v2\/comments?post=167711"}],"version-history":[{"count":0,"href":"https:\/\/www.hoymercedes.com.ar\/principal\/wp-json\/wp\/v2\/posts\/167711\/revisions"}],"wp:featuredmedia":[{"embeddable":true,"href":"https:\/\/www.hoymercedes.com.ar\/principal\/wp-json\/wp\/v2\/media\/167712"}],"wp:attachment":[{"href":"https:\/\/www.hoymercedes.com.ar\/principal\/wp-json\/wp\/v2\/media?parent=167711"}],"wp:term":[{"taxonomy":"category","embeddable":true,"href":"https:\/\/www.hoymercedes.com.ar\/principal\/wp-json\/wp\/v2\/categories?post=167711"},{"taxonomy":"post_tag","embeddable":true,"href":"https:\/\/www.hoymercedes.com.ar\/principal\/wp-json\/wp\/v2\/tags?post=167711"}],"curies":[{"name":"wp","href":"https:\/\/api.w.org\/{rel}","templated":true}]}}