{"id":167748,"date":"2023-09-28T23:35:00","date_gmt":"2023-09-29T02:35:00","guid":{"rendered":"https:\/\/www.hoymercedes.com.ar\/principal\/?p=167748"},"modified":"2023-09-28T23:29:15","modified_gmt":"2023-09-29T02:29:15","slug":"paw-patrol-y-saw-x-en-el-cine-mercedes","status":"publish","type":"post","link":"https:\/\/www.hoymercedes.com.ar\/principal\/2023\/09\/28\/paw-patrol-y-saw-x-en-el-cine-mercedes\/","title":{"rendered":"Paw Patrol y Saw X en el Cine Mercedes"},"content":{"rendered":"\n<p>Desde el viernes 29 de septiembre al martes 3 de octubre, el Cine Mercedes presenta dos pel\u00edculas en cartelera. Para los m\u00e1s peque\u00f1os se proyecta Paw Patrol 2, film de animaci\u00f3n para toda la familia. Tambi\u00e9n, el terror llega de la mano de la d\u00e9cima edici\u00f3n de Saw, el Juego del Miedo. <\/p>\n\n\n<div class=\"wp-block-image\">\n<figure class=\"aligncenter size-full\"><img loading=\"lazy\" decoding=\"async\" width=\"763\" height=\"800\" data-attachment-id=\"167749\" data-permalink=\"https:\/\/www.hoymercedes.com.ar\/principal\/2023\/09\/28\/paw-patrol-y-saw-x-en-el-cine-mercedes\/gacetilla-cine-mercedes-47-2\/#main\" data-orig-file=\"https:\/\/www.hoymercedes.com.ar\/principal\/wp-content\/uploads\/2023\/09\/Gacetilla-Cine-Mercedes-47.jpg\" data-orig-size=\"763,800\" data-comments-opened=\"0\" data-image-meta=\"{&quot;aperture&quot;:&quot;0&quot;,&quot;credit&quot;:&quot;&quot;,&quot;camera&quot;:&quot;&quot;,&quot;caption&quot;:&quot;&quot;,&quot;created_timestamp&quot;:&quot;0&quot;,&quot;copyright&quot;:&quot;&quot;,&quot;focal_length&quot;:&quot;0&quot;,&quot;iso&quot;:&quot;0&quot;,&quot;shutter_speed&quot;:&quot;0&quot;,&quot;title&quot;:&quot;&quot;,&quot;orientation&quot;:&quot;1&quot;}\" data-image-title=\"Gacetilla Cine Mercedes (47)\" data-image-description=\"\" data-image-caption=\"\" data-large-file=\"https:\/\/www.hoymercedes.com.ar\/principal\/wp-content\/uploads\/2023\/09\/Gacetilla-Cine-Mercedes-47.jpg\" src=\"https:\/\/www.hoymercedes.com.ar\/principal\/wp-content\/uploads\/2023\/09\/Gacetilla-Cine-Mercedes-47.jpg\" alt=\"\" class=\"wp-image-167749\" srcset=\"https:\/\/www.hoymercedes.com.ar\/principal\/wp-content\/uploads\/2023\/09\/Gacetilla-Cine-Mercedes-47.jpg 763w, https:\/\/www.hoymercedes.com.ar\/principal\/wp-content\/uploads\/2023\/09\/Gacetilla-Cine-Mercedes-47-591x620.jpg 591w, https:\/\/www.hoymercedes.com.ar\/principal\/wp-content\/uploads\/2023\/09\/Gacetilla-Cine-Mercedes-47-143x150.jpg 143w\" sizes=\"auto, (max-width: 763px) 100vw, 763px\" \/><\/figure>\n<\/div>\n\n\n<p>Sinopsis \u00abPaw Patrol 2\u00bb: Cuando un meteorito m\u00e1gico se estrella en Ciudad Aventura, los cachorros de la Patrulla Canina consiguen unos superpoderes que los transforman en \u00a1Los PODEROSOS CACHORROS! Para Skye, la m\u00e1s peque\u00f1a del equipo, sus nuevos poderes son un sue\u00f1o hecho realidad. Pero las cosas se complican cuando Humdinger, el archienemigo de los cachorros que acaba de fugarse de la c\u00e1rcel, se une a Victoria Vance, una desquiciada cient\u00edfica obsesionada con los meteoritos, y forman una alianza para robar los superpoderes y convertirse en supervillanos. Con el destino de Ciudad Aventura al filo del abismo, los Poderosos Cachorros tendr\u00e1n que detener a los supervillanos antes de que sea demasiado tarde, y Skye descubrir\u00e1 que hasta la m\u00e1s peque\u00f1a del equipo puede ser la que determine el resultado.<\/p>\n\n\n\n<p>Sinopsis \u00abSaw X, El Juego del Miedo\u00bb: John Kramer (Tobin Bell) est\u00e1 de vuelta. La entrega m\u00e1s perturbadora de la franquicia de SAW explora el cap\u00edtulo nunca antes contado del juego m\u00e1s personal de Jigsaw. Toma lugar entre los eventos ocurridos de SAW I (El juego del miedo) y SAW II (El juego del miedo 2), un enfermo y desesperado John viaja a M\u00e9xico por un arriesgado y experimental procedimiento m\u00e9dico con la esperanza de encontrar milagrosamente una cura para su c\u00e1ncer \u2013 solo para descubrir que toda la operaci\u00f3n es una estafa y defrauda a los m\u00e1s vulnerables. Armado de un nuevo prop\u00f3sito, el infame asesino serial regresa a su trabajo, intercambiando papeles con los estafadores en su caracter\u00edstico estilo visceral a trav\u00e9s de tortuosas, trastornadas e ingeniosas trampas.<\/p>\n","protected":false},"excerpt":{"rendered":"<p>Desde el viernes 29 de septiembre al martes 3 de octubre, el Cine Mercedes presenta dos pel\u00edculas en cartelera. Para &#8230; <a title=\"Paw Patrol y Saw X en el Cine Mercedes\" class=\"read-more\" href=\"https:\/\/www.hoymercedes.com.ar\/principal\/2023\/09\/28\/paw-patrol-y-saw-x-en-el-cine-mercedes\/\" aria-label=\"Leer m\u00e1s sobre Paw Patrol y Saw X en el Cine Mercedes\">Leer m\u00e1s<\/a><\/p>\n","protected":false},"author":1,"featured_media":167750,"comment_status":"closed","ping_status":"open","sticky":false,"template":"","format":"standard","meta":{"_monsterinsights_skip_tracking":false,"_monsterinsights_sitenote_active":false,"_monsterinsights_sitenote_note":"","_monsterinsights_sitenote_category":0,"jetpack_post_was_ever_published":false,"_jetpack_newsletter_access":"","_jetpack_dont_email_post_to_subs":false,"_jetpack_newsletter_tier_id":0,"_jetpack_memberships_contains_paywalled_content":false,"_jetpack_memberships_contains_paid_content":false,"footnotes":"","jetpack_publicize_message":"","jetpack_publicize_feature_enabled":true,"jetpack_social_post_already_shared":true,"jetpack_social_options":{"image_generator_settings":{"template":"highway","default_image_id":0,"font":"","enabled":false},"version":2},"_wpas_customize_per_network":false},"categories":[104],"tags":[7805],"class_list":["post-167748","post","type-post","status-publish","format-standard","has-post-thumbnail","hentry","category-cultura","tag-cultura","generate-columns","tablet-grid-50","mobile-grid-100","grid-parent","grid-50"],"jetpack_publicize_connections":[],"jetpack_featured_media_url":"https:\/\/www.hoymercedes.com.ar\/principal\/wp-content\/uploads\/2023\/09\/paw-patrol-2.jpg","wps_subtitle":"","jetpack_sharing_enabled":true,"_links":{"self":[{"href":"https:\/\/www.hoymercedes.com.ar\/principal\/wp-json\/wp\/v2\/posts\/167748","targetHints":{"allow":["GET"]}}],"collection":[{"href":"https:\/\/www.hoymercedes.com.ar\/principal\/wp-json\/wp\/v2\/posts"}],"about":[{"href":"https:\/\/www.hoymercedes.com.ar\/principal\/wp-json\/wp\/v2\/types\/post"}],"author":[{"embeddable":true,"href":"https:\/\/www.hoymercedes.com.ar\/principal\/wp-json\/wp\/v2\/users\/1"}],"replies":[{"embeddable":true,"href":"https:\/\/www.hoymercedes.com.ar\/principal\/wp-json\/wp\/v2\/comments?post=167748"}],"version-history":[{"count":0,"href":"https:\/\/www.hoymercedes.com.ar\/principal\/wp-json\/wp\/v2\/posts\/167748\/revisions"}],"wp:featuredmedia":[{"embeddable":true,"href":"https:\/\/www.hoymercedes.com.ar\/principal\/wp-json\/wp\/v2\/media\/167750"}],"wp:attachment":[{"href":"https:\/\/www.hoymercedes.com.ar\/principal\/wp-json\/wp\/v2\/media?parent=167748"}],"wp:term":[{"taxonomy":"category","embeddable":true,"href":"https:\/\/www.hoymercedes.com.ar\/principal\/wp-json\/wp\/v2\/categories?post=167748"},{"taxonomy":"post_tag","embeddable":true,"href":"https:\/\/www.hoymercedes.com.ar\/principal\/wp-json\/wp\/v2\/tags?post=167748"}],"curies":[{"name":"wp","href":"https:\/\/api.w.org\/{rel}","templated":true}]}}