{"id":167819,"date":"2023-09-30T19:15:00","date_gmt":"2023-09-30T22:15:00","guid":{"rendered":"https:\/\/www.hoymercedes.com.ar\/principal\/?p=167819"},"modified":"2023-09-30T18:51:50","modified_gmt":"2023-09-30T21:51:50","slug":"felicidad-y-alegria-para-los-bomberos-en-el-desfile-en-su-homenaje","status":"publish","type":"post","link":"https:\/\/www.hoymercedes.com.ar\/principal\/2023\/09\/30\/felicidad-y-alegria-para-los-bomberos-en-el-desfile-en-su-homenaje\/","title":{"rendered":"Felicidad y alegr\u00eda para los bomberos en el desfile en su homenaje"},"content":{"rendered":"\n<figure class=\"wp-block-image size-large\"><img loading=\"lazy\" decoding=\"async\" width=\"1024\" height=\"682\" data-attachment-id=\"167820\" data-permalink=\"https:\/\/www.hoymercedes.com.ar\/principal\/2023\/09\/30\/felicidad-y-alegria-para-los-bomberos-en-el-desfile-en-su-homenaje\/sja_1736\/#main\" data-orig-file=\"https:\/\/www.hoymercedes.com.ar\/principal\/wp-content\/uploads\/2023\/09\/SJA_1736.jpg\" data-orig-size=\"1319,879\" data-comments-opened=\"0\" data-image-meta=\"{&quot;aperture&quot;:&quot;0&quot;,&quot;credit&quot;:&quot;SEBASTIANAMBROSSIO&quot;,&quot;camera&quot;:&quot;&quot;,&quot;caption&quot;:&quot;&quot;,&quot;created_timestamp&quot;:&quot;0&quot;,&quot;copyright&quot;:&quot;SebastianAmbrossio&quot;,&quot;focal_length&quot;:&quot;0&quot;,&quot;iso&quot;:&quot;0&quot;,&quot;shutter_speed&quot;:&quot;0&quot;,&quot;title&quot;:&quot;&quot;,&quot;orientation&quot;:&quot;0&quot;}\" data-image-title=\"desfile de mercedes\" data-image-description=\"&lt;p&gt;desfile de mercedes&lt;\/p&gt;\n\" data-image-caption=\"&lt;p&gt;desfile de mercedes&lt;\/p&gt;\n\" data-large-file=\"https:\/\/www.hoymercedes.com.ar\/principal\/wp-content\/uploads\/2023\/09\/SJA_1736-1024x682.jpg\" src=\"https:\/\/www.hoymercedes.com.ar\/principal\/wp-content\/uploads\/2023\/09\/SJA_1736-1024x682.jpg\" alt=\"\" class=\"wp-image-167820\" srcset=\"https:\/\/www.hoymercedes.com.ar\/principal\/wp-content\/uploads\/2023\/09\/SJA_1736-1024x682.jpg 1024w, https:\/\/www.hoymercedes.com.ar\/principal\/wp-content\/uploads\/2023\/09\/SJA_1736-630x420.jpg 630w, https:\/\/www.hoymercedes.com.ar\/principal\/wp-content\/uploads\/2023\/09\/SJA_1736-150x100.jpg 150w, https:\/\/www.hoymercedes.com.ar\/principal\/wp-content\/uploads\/2023\/09\/SJA_1736-700x465.jpg 700w, https:\/\/www.hoymercedes.com.ar\/principal\/wp-content\/uploads\/2023\/09\/SJA_1736.jpg 1319w\" sizes=\"auto, (max-width: 1024px) 100vw, 1024px\" \/><\/figure>\n\n\n\n<p><\/p>\n\n\n\n<p>En una jornada con excelente acompa\u00f1amiento de la poblaci\u00f3n se desarrollo el desfile c\u00edvico-institucional. All\u00ed, Pedro Di Cecco mencion\u00f3 que fue muy \u201clindo lo que se ha vivido\u201d. Por su par Mario Quaglia fue \u201cuna alegr\u00eda vivirlo con tanteas familias, estamos realmente emocionados\u201d afirm\u00f3 acompa\u00f1ado del intendente Ustarroz qui\u00e9n destac\u00f3 que fue \u201cun mimo al alma de las y los bomberos, algo que se merecen much\u00edsimo\u201d.<\/p>\n\n\n\n<p><strong>Alegr\u00eda<\/strong><\/p>\n\n\n\n<p>El hist\u00f3rico integrante de la Comisi\u00f3n Directiva, Pedro Di Cecco, sostuvo que \u201cquiero agradecerle a Juani por esta brillante idea de homenajear como el a\u00f1o pasado a los H\u00e9roes de Malvina este a\u00f1o a los Bomberos\u201d dijo y remarc\u00f3 \u201csrealmente en mis 46 a\u00f1os que estoy en Bomberos ha sido el mejor regalo que he recibido y creo que transmit\u00edrselo en nombre del Consejo Directivo, del Cuerpo Activo y todos los viejos, como decimos nosotros, que hemos estado acumulando a\u00f1os, nos encontramos con esta felicidad\u201d<\/p>\n\n\n\n<p>Remarc\u00f3 que hubo \u201chistoria, con muchas familias, recordando a muchos que ya no est\u00e1n, pero que hicieron mucho. Ha sido un mimo muy grande hacia Bombero, as\u00ed que muy agradecido\u201d destac\u00f3.<\/p>\n\n\n\n<figure class=\"wp-block-image size-large\"><img loading=\"lazy\" decoding=\"async\" width=\"1024\" height=\"576\" data-attachment-id=\"167821\" data-permalink=\"https:\/\/www.hoymercedes.com.ar\/principal\/2023\/09\/30\/felicidad-y-alegria-para-los-bomberos-en-el-desfile-en-su-homenaje\/c0101t01\/#main\" data-orig-file=\"https:\/\/www.hoymercedes.com.ar\/principal\/wp-content\/uploads\/2023\/09\/C0101T01.jpg\" data-orig-size=\"1280,720\" data-comments-opened=\"0\" data-image-meta=\"{&quot;aperture&quot;:&quot;0&quot;,&quot;credit&quot;:&quot;&quot;,&quot;camera&quot;:&quot;&quot;,&quot;caption&quot;:&quot;&quot;,&quot;created_timestamp&quot;:&quot;0&quot;,&quot;copyright&quot;:&quot;&quot;,&quot;focal_length&quot;:&quot;0&quot;,&quot;iso&quot;:&quot;0&quot;,&quot;shutter_speed&quot;:&quot;0&quot;,&quot;title&quot;:&quot;&quot;,&quot;orientation&quot;:&quot;0&quot;}\" data-image-title=\"desfile de mercedes\" data-image-description=\"&lt;p&gt;desfile de mercedes&lt;\/p&gt;\n\" data-image-caption=\"&lt;p&gt;desfile de mercedes&lt;\/p&gt;\n\" data-large-file=\"https:\/\/www.hoymercedes.com.ar\/principal\/wp-content\/uploads\/2023\/09\/C0101T01-1024x576.jpg\" src=\"https:\/\/www.hoymercedes.com.ar\/principal\/wp-content\/uploads\/2023\/09\/C0101T01-1024x576.jpg\" alt=\"\" class=\"wp-image-167821\" srcset=\"https:\/\/www.hoymercedes.com.ar\/principal\/wp-content\/uploads\/2023\/09\/C0101T01-1024x576.jpg 1024w, https:\/\/www.hoymercedes.com.ar\/principal\/wp-content\/uploads\/2023\/09\/C0101T01-630x354.jpg 630w, https:\/\/www.hoymercedes.com.ar\/principal\/wp-content\/uploads\/2023\/09\/C0101T01-150x84.jpg 150w, https:\/\/www.hoymercedes.com.ar\/principal\/wp-content\/uploads\/2023\/09\/C0101T01.jpg 1280w\" sizes=\"auto, (max-width: 1024px) 100vw, 1024px\" \/><\/figure>\n\n\n\n<p><strong>Emocionados<\/strong><\/p>\n\n\n\n<p>Mario Quaglia, Jefe del Cuerpo de Bomberos, expres\u00f3 que \u201cqu\u00e9 m\u00e1s que decir que lo que dijo Pedro, c\u00f3mo devolver este amor infinito, este amor imposible. Vamos a estar en deuda siempre con la sociedad y el esfuerzo que hicieron todas las escuelas, los clubes, las agrupaciones gauchas, las instituciones\u201d dijo y afirm\u00f3 \u201cdebemos ser agradecidos por siempre, sobre todo la gentileza que tuvieron para nosotros. Una instituci\u00f3n, yo digo, es de todos\u201d y coment\u00f3 que \u201ceste reconocimiento para todos los que pasaron, que ya nos encuentran con nosotros, para los que est\u00e1n hoy y para los que vendr\u00e1n\u201d dijo.<\/p>\n\n\n\n<p><strong>Agradecimiento<\/strong><\/p>\n\n\n\n<p>El intendente Juani Ustarroz manifest\u00f3 estar \u201cfeliz, contento\u201d y quer\u00eda \u201cagradecer en primer t\u00e9rmino a los bomberos, que fue como dec\u00eda Pedro reci\u00e9n, un mimo al alma, que se lo recontra merecen. Todo el pueblo le expres\u00f3 su amor y fue muy lindo ver a los chicos y chicas, fundamentalmente a los jardines, tambi\u00e9n c\u00f3mo se trabaj\u00f3 en cada escuela y con los regalos que le hicieron, que le fueron acercando, c\u00f3mo se disfrazaron los chicos de bomberos\u201d es decir \u201cuna gran manifestaci\u00f3n de amor, solidaridad y empat\u00eda\u201d<\/p>\n\n\n\n<p>Tambi\u00e9n remarc\u00f3 que \u201cquiero destacar tambi\u00e9n, porque estaban ac\u00e1 al lado, las familias, porque ellas son los sost\u00e9n de cada uno de las y los bomberos. As\u00ed que fue una jornada hermosa, hist\u00f3rica y estamos muy felices, muy contentos\u201d<\/p>\n\n\n\n<p>Cont\u00f3 Ustarroz tambi\u00e9n que \u201clos ve\u00eda a ellos c\u00f3mo se emocionaban, uno tambi\u00e9n se emocionaba, porque fue una demostraci\u00f3n de amor. En estos tiempos creo que hay que fortalecer eso, la unidad, el amor, tirar todos para el mismo lado y qu\u00e9 lindo ejemplo que nos dan todos los d\u00edas los bomberos\u201d afirm\u00f3 entre otros conceptos sin olvidar que \u201choy tuvieron su reconocimiento, de todo el pueblo de Mercedes, que realmente particip\u00f3 con mucho amor, devolviendo un poco de lo tanto que nos dan los bomberos durante toda la vida\u201d<\/p>\n\n\n","protected":false},"excerpt":{"rendered":"<p>En una jornada con excelente acompa\u00f1amiento de la poblaci\u00f3n se desarrollo el desfile c\u00edvico-institucional. All\u00ed, Pedro Di Cecco mencion\u00f3 que &#8230; <a title=\"Felicidad y alegr\u00eda para los bomberos en el desfile en su homenaje\" class=\"read-more\" href=\"https:\/\/www.hoymercedes.com.ar\/principal\/2023\/09\/30\/felicidad-y-alegria-para-los-bomberos-en-el-desfile-en-su-homenaje\/\" aria-label=\"Leer m\u00e1s sobre Felicidad y alegr\u00eda para los bomberos en el desfile en su homenaje\">Leer m\u00e1s<\/a><\/p>\n","protected":false},"author":1,"featured_media":167821,"comment_status":"closed","ping_status":"open","sticky":false,"template":"","format":"standard","meta":{"_monsterinsights_skip_tracking":false,"_monsterinsights_sitenote_active":false,"_monsterinsights_sitenote_note":"","_monsterinsights_sitenote_category":0,"jetpack_post_was_ever_published":false,"_jetpack_newsletter_access":"","_jetpack_dont_email_post_to_subs":false,"_jetpack_newsletter_tier_id":0,"_jetpack_memberships_contains_paywalled_content":false,"_jetpack_memberships_contains_paid_content":false,"footnotes":"","jetpack_publicize_message":"","jetpack_publicize_feature_enabled":true,"jetpack_social_post_already_shared":true,"jetpack_social_options":{"image_generator_settings":{"template":"highway","default_image_id":0,"font":"","enabled":false},"version":2},"_wpas_customize_per_network":false},"categories":[8],"tags":[849,18853],"class_list":["post-167819","post","type-post","status-publish","format-standard","has-post-thumbnail","hentry","category-sociedad","tag-desfile-mercedes","tag-desfile-por-bomberos","generate-columns","tablet-grid-50","mobile-grid-100","grid-parent","grid-50"],"jetpack_publicize_connections":[],"jetpack_featured_media_url":"https:\/\/www.hoymercedes.com.ar\/principal\/wp-content\/uploads\/2023\/09\/C0101T01.jpg","wps_subtitle":"Instituciones mercedinas","jetpack_sharing_enabled":true,"_links":{"self":[{"href":"https:\/\/www.hoymercedes.com.ar\/principal\/wp-json\/wp\/v2\/posts\/167819","targetHints":{"allow":["GET"]}}],"collection":[{"href":"https:\/\/www.hoymercedes.com.ar\/principal\/wp-json\/wp\/v2\/posts"}],"about":[{"href":"https:\/\/www.hoymercedes.com.ar\/principal\/wp-json\/wp\/v2\/types\/post"}],"author":[{"embeddable":true,"href":"https:\/\/www.hoymercedes.com.ar\/principal\/wp-json\/wp\/v2\/users\/1"}],"replies":[{"embeddable":true,"href":"https:\/\/www.hoymercedes.com.ar\/principal\/wp-json\/wp\/v2\/comments?post=167819"}],"version-history":[{"count":0,"href":"https:\/\/www.hoymercedes.com.ar\/principal\/wp-json\/wp\/v2\/posts\/167819\/revisions"}],"wp:featuredmedia":[{"embeddable":true,"href":"https:\/\/www.hoymercedes.com.ar\/principal\/wp-json\/wp\/v2\/media\/167821"}],"wp:attachment":[{"href":"https:\/\/www.hoymercedes.com.ar\/principal\/wp-json\/wp\/v2\/media?parent=167819"}],"wp:term":[{"taxonomy":"category","embeddable":true,"href":"https:\/\/www.hoymercedes.com.ar\/principal\/wp-json\/wp\/v2\/categories?post=167819"},{"taxonomy":"post_tag","embeddable":true,"href":"https:\/\/www.hoymercedes.com.ar\/principal\/wp-json\/wp\/v2\/tags?post=167819"}],"curies":[{"name":"wp","href":"https:\/\/api.w.org\/{rel}","templated":true}]}}