{"id":16782,"date":"2012-10-09T11:30:57","date_gmt":"2012-10-09T11:30:57","guid":{"rendered":"http:\/\/www.hoymercedes.com.ar\/principal\/?p=16782"},"modified":"2012-10-09T11:32:09","modified_gmt":"2012-10-09T11:32:09","slug":"h-c-d-diversos-temas-para-la-sesion-de-este-martes","status":"publish","type":"post","link":"https:\/\/www.hoymercedes.com.ar\/principal\/2012\/10\/09\/h-c-d-diversos-temas-para-la-sesion-de-este-martes\/","title":{"rendered":"H.C.D: diversos temas para la sesi\u00f3n de este martes"},"content":{"rendered":"<p>Una nueva sesi\u00f3n del Concejo Deliberante se realizar\u00e1 el pr\u00f3ximo martes 9 dado que el lunes es feriado. Existe un temario extenso, pero, la primera lectura del mismo podr\u00eda permitir pensar que no tendr\u00edamos grandes temas complejos ni que dejen un reguero de pol\u00e9mica posterior.<\/p>\n<p>Hay mucho sobre reparaciones, iluminaciones, pedidos de informes y cuestiones de tr\u00e1nsito. Como siempre, preparamos un repaso sobre los asuntos ciudadanos que ser\u00e1n trabajados en la sesi\u00f3n.<\/p>\n<p><strong>Peticiones particulares<\/strong><\/p>\n<p>Se destacan algunas peticiones como la realizada por AVECO para eximir de tasas municipales a veteranos continentales, pedido girado a la comisi\u00f3n de hacienda, tambi\u00e9n el pedido de la creaci\u00f3n del registro general de inmuebles destinados a alquilar que se conociera durante la semana por medio de la concejal mandato cumplido Claudia Lucero. Hay tambi\u00e9n un pedido de vecinos entorno a un bar ubicado en calle 30 que fue remitido a la comisi\u00f3n de seguridad.<\/p>\n<p><strong>Departamento ejecutivo<\/strong><\/p>\n<p>Hay varias contestaciones elevadas por el departamento ejecutivo. Algunas de ellas son la referida a los trabajadores municipales cesanteados, sobre el uso obligatorio de casco de seguridad en motocicletas, reparaciones en el parque municipal, informes sobre el encuentro de motos, informes sobre el evento: \u201cinfierno modas\u201d, entre otros asuntos de la cotidianeidad de nuestra comuna, como por ejemplo el que se informa sobre el arrasamiento de sauces y \u00e1lamos en margen del r\u00edo Luj\u00e1n.<\/p>\n<p><strong>Despachos por unanimidad<\/strong><\/p>\n<p>Ac\u00e1 hay varios temas de distinto tenor. Uno de ellos parece ser una obviedad, pero, debe ser reglamentado. Es la reserva del estacionamiento para ambulancia en calle 16 N\u00ba 465, tambi\u00e9n se prev\u00e9 un cambio de estacionamiento para las ambulancias de Semmer que hoy paran en avenida 29. Se buscar\u00eda mejor la circulaci\u00f3n en la avenida. Habr\u00e1 reductores de velocidad en calle 804. Se solicita ampliar el recorrido de la recolecci\u00f3n de basura en barrio Las Acacias. Los temas de esta secci\u00f3n son, todos, de mejoras ciudadanas.<\/p>\n<p><strong>Archivo<\/strong><\/p>\n<p>Ser\u00e1n, tambi\u00e9n, como en cada sesi\u00f3n, archivados algunos temas que en alg\u00fan momento el cuerpo trat\u00f3. Entre ellos se encuentran pedidos de mejoramientos de calles en barrio San Jos\u00e9, pedidos de informes, citaciones a funcionarios y notas dirigidas a terceros.<\/p>\n<p><strong>Divididos<\/strong><\/p>\n<p>Hay un tema que vendr\u00e1 con despacho dividido desde comisi\u00f3n. Se trata del proyecto del GEN por la posibilidad de efectuar en nuestra ciudad la modalidad de \u201cpresupuesto participativo\u201d.<\/p>\n<p><strong>Proyectos presentados<\/strong><\/p>\n<p>Hay varios asuntos en este rubro de la presentaci\u00f3n del orden del d\u00eda. Como en casa aspecto son de diverso tenor. Encontramos pedidos de arreglos que ser\u00e1n posiblemente girados a comisi\u00f3n o al \u00e1rea de Obras P\u00fablicas, algunos de ellos presentados por el FMPV. Quien tambi\u00e9n present\u00f3 varios temas es el MIC, especialmente para erradicaci\u00f3n de basurales. Uni\u00f3n Pro pide construcci\u00f3n de una garita para pasajeros del 57 e informe sobre tenencia de terrenos en 63 entre 26 y 28. MIC presenta sobre otros temas pedidos de informes como la adjudicaci\u00f3n de obra de iluminaci\u00f3n y asfalto de calle 1 y ruta 5. Varios pedidos de reparaciones de baches y cintas asf\u00e1lticas y mejoras varias en el \u00e1mbito p\u00fablico. El PJFPV pide colocaci\u00f3n de timbres en espacios municipales que hay atenci\u00f3n al p\u00fablico para personas con discapacidades. El DE solicita compra de predio de circunscripci\u00f3n II, secci\u00f3n C, chacra 197, parcela 1, tambi\u00e9n presenta un proyecto de ordenanza por el convenio entre la Municipalidad y Ls11 Radio Provincia de Buenos Aires.<\/p>\n<p><strong>Variedad<\/strong><\/p>\n<p>La sesi\u00f3n que tiene un n\u00famero importante de temas y que presenta una interesante variedad permite sospechar que deber\u00eda ser una sesi\u00f3n, como se suele decir, tranquila, pues, no ve observan, en principio, temas de gran complejidad ni de tensi\u00f3n. La sesi\u00f3n ser\u00e1 a las 19.00hs del pr\u00f3ximo martes 9 dado que al ser feriado el lunes se corre un d\u00eda, pero, sin modificar la idea de que se realice en determinadas semanas del mes.<\/p>\n<p>&nbsp;<\/p>\n","protected":false},"excerpt":{"rendered":"<p>Una nueva sesi\u00f3n del Concejo Deliberante se realizar\u00e1 el pr\u00f3ximo martes 9 dado que el lunes es feriado. Existe un &#8230; <a title=\"H.C.D: diversos temas para la sesi\u00f3n de este martes\" class=\"read-more\" href=\"https:\/\/www.hoymercedes.com.ar\/principal\/2012\/10\/09\/h-c-d-diversos-temas-para-la-sesion-de-este-martes\/\" aria-label=\"Leer m\u00e1s sobre H.C.D: diversos temas para la sesi\u00f3n de este martes\">Leer m\u00e1s<\/a><\/p>\n","protected":false},"author":1,"featured_media":0,"comment_status":"open","ping_status":"open","sticky":false,"template":"","format":"standard","meta":{"_monsterinsights_skip_tracking":false,"_monsterinsights_sitenote_active":false,"_monsterinsights_sitenote_note":"","_monsterinsights_sitenote_category":0,"jetpack_post_was_ever_published":false,"_jetpack_newsletter_access":"","_jetpack_dont_email_post_to_subs":false,"_jetpack_newsletter_tier_id":0,"_jetpack_memberships_contains_paywalled_content":false,"_jetpack_memberships_contains_paid_content":false,"footnotes":"","jetpack_publicize_message":"","jetpack_publicize_feature_enabled":true,"jetpack_social_post_already_shared":false,"jetpack_social_options":{"image_generator_settings":{"template":"highway","default_image_id":0,"font":"","enabled":false},"version":2},"_wpas_customize_per_network":false},"categories":[5],"tags":[236,45],"class_list":["post-16782","post","type-post","status-publish","format-standard","hentry","category-politica","tag-concejo-deliberante","tag-concejo-deliberante-mercedes","generate-columns","tablet-grid-50","mobile-grid-100","grid-parent","grid-50"],"jetpack_publicize_connections":[],"jetpack_featured_media_url":"","wps_subtitle":"","jetpack_sharing_enabled":true,"_links":{"self":[{"href":"https:\/\/www.hoymercedes.com.ar\/principal\/wp-json\/wp\/v2\/posts\/16782","targetHints":{"allow":["GET"]}}],"collection":[{"href":"https:\/\/www.hoymercedes.com.ar\/principal\/wp-json\/wp\/v2\/posts"}],"about":[{"href":"https:\/\/www.hoymercedes.com.ar\/principal\/wp-json\/wp\/v2\/types\/post"}],"author":[{"embeddable":true,"href":"https:\/\/www.hoymercedes.com.ar\/principal\/wp-json\/wp\/v2\/users\/1"}],"replies":[{"embeddable":true,"href":"https:\/\/www.hoymercedes.com.ar\/principal\/wp-json\/wp\/v2\/comments?post=16782"}],"version-history":[{"count":0,"href":"https:\/\/www.hoymercedes.com.ar\/principal\/wp-json\/wp\/v2\/posts\/16782\/revisions"}],"wp:attachment":[{"href":"https:\/\/www.hoymercedes.com.ar\/principal\/wp-json\/wp\/v2\/media?parent=16782"}],"wp:term":[{"taxonomy":"category","embeddable":true,"href":"https:\/\/www.hoymercedes.com.ar\/principal\/wp-json\/wp\/v2\/categories?post=16782"},{"taxonomy":"post_tag","embeddable":true,"href":"https:\/\/www.hoymercedes.com.ar\/principal\/wp-json\/wp\/v2\/tags?post=16782"}],"curies":[{"name":"wp","href":"https:\/\/api.w.org\/{rel}","templated":true}]}}