{"id":167852,"date":"2023-10-02T08:15:00","date_gmt":"2023-10-02T11:15:00","guid":{"rendered":"https:\/\/www.hoymercedes.com.ar\/principal\/?p=167852"},"modified":"2023-10-02T01:04:39","modified_gmt":"2023-10-02T04:04:39","slug":"festejo-y-solidaridad-en-el-10o-aniversario-de-la-trocha","status":"publish","type":"post","link":"https:\/\/www.hoymercedes.com.ar\/principal\/2023\/10\/02\/festejo-y-solidaridad-en-el-10o-aniversario-de-la-trocha\/","title":{"rendered":"Festejo y solidaridad en el 10\u00ba aniversario de La Trocha"},"content":{"rendered":"\n<figure class=\"wp-block-image size-large\"><img loading=\"lazy\" decoding=\"async\" width=\"1024\" height=\"682\" data-attachment-id=\"167853\" data-permalink=\"https:\/\/www.hoymercedes.com.ar\/principal\/2023\/10\/02\/festejo-y-solidaridad-en-el-10o-aniversario-de-la-trocha\/0h0a3938\/#main\" data-orig-file=\"https:\/\/www.hoymercedes.com.ar\/principal\/wp-content\/uploads\/2023\/10\/0H0A3938.jpg\" data-orig-size=\"1319,879\" data-comments-opened=\"0\" data-image-meta=\"{&quot;aperture&quot;:&quot;0&quot;,&quot;credit&quot;:&quot;&quot;,&quot;camera&quot;:&quot;&quot;,&quot;caption&quot;:&quot;&quot;,&quot;created_timestamp&quot;:&quot;0&quot;,&quot;copyright&quot;:&quot;&quot;,&quot;focal_length&quot;:&quot;0&quot;,&quot;iso&quot;:&quot;0&quot;,&quot;shutter_speed&quot;:&quot;0&quot;,&quot;title&quot;:&quot;&quot;,&quot;orientation&quot;:&quot;0&quot;}\" data-image-title=\"0H0A3938\" data-image-description=\"\" data-image-caption=\"\" data-large-file=\"https:\/\/www.hoymercedes.com.ar\/principal\/wp-content\/uploads\/2023\/10\/0H0A3938-1024x682.jpg\" src=\"https:\/\/www.hoymercedes.com.ar\/principal\/wp-content\/uploads\/2023\/10\/0H0A3938-1024x682.jpg\" alt=\"\" class=\"wp-image-167853\" srcset=\"https:\/\/www.hoymercedes.com.ar\/principal\/wp-content\/uploads\/2023\/10\/0H0A3938-1024x682.jpg 1024w, https:\/\/www.hoymercedes.com.ar\/principal\/wp-content\/uploads\/2023\/10\/0H0A3938-630x420.jpg 630w, https:\/\/www.hoymercedes.com.ar\/principal\/wp-content\/uploads\/2023\/10\/0H0A3938-150x100.jpg 150w, https:\/\/www.hoymercedes.com.ar\/principal\/wp-content\/uploads\/2023\/10\/0H0A3938-700x465.jpg 700w, https:\/\/www.hoymercedes.com.ar\/principal\/wp-content\/uploads\/2023\/10\/0H0A3938.jpg 1319w\" sizes=\"auto, (max-width: 1024px) 100vw, 1024px\" \/><\/figure>\n\n\n\n<p>El Complejo Cultural La Trocha cumpli\u00f3 <strong>10 a\u00f1os de su recuperaci\u00f3n<\/strong>. Fue desde la primera intervenci\u00f3n del equipo de trabajo del Dr. Ustarroz para luego avanzar en la constituci\u00f3n de uno de los centros de encuentros, educaci\u00f3n, deporte, solidaridad y cultura m\u00e1s grandes de la regi\u00f3n y referencia constante. \u201cEstamos muy felices. Desde aquellos primeros pasos a hoy a pasado ha pasado mucho trabajo, mucho compromiso, convirti\u00e9ndolo en este espacio \u00fanico tan querido por nuestro pueblo\u201d coment\u00f3 el intendente municipal.<\/p>\n\n\n\n<figure class=\"wp-block-image size-large\"><img loading=\"lazy\" decoding=\"async\" width=\"1024\" height=\"682\" data-attachment-id=\"167860\" data-permalink=\"https:\/\/www.hoymercedes.com.ar\/principal\/2023\/10\/02\/festejo-y-solidaridad-en-el-10o-aniversario-de-la-trocha\/0h0a3554\/#main\" data-orig-file=\"https:\/\/www.hoymercedes.com.ar\/principal\/wp-content\/uploads\/2023\/10\/0H0A3554.jpg\" data-orig-size=\"1319,879\" data-comments-opened=\"0\" data-image-meta=\"{&quot;aperture&quot;:&quot;0&quot;,&quot;credit&quot;:&quot;&quot;,&quot;camera&quot;:&quot;&quot;,&quot;caption&quot;:&quot;&quot;,&quot;created_timestamp&quot;:&quot;0&quot;,&quot;copyright&quot;:&quot;&quot;,&quot;focal_length&quot;:&quot;0&quot;,&quot;iso&quot;:&quot;0&quot;,&quot;shutter_speed&quot;:&quot;0&quot;,&quot;title&quot;:&quot;&quot;,&quot;orientation&quot;:&quot;0&quot;}\" data-image-title=\"0H0A3554\" data-image-description=\"\" data-image-caption=\"\" data-large-file=\"https:\/\/www.hoymercedes.com.ar\/principal\/wp-content\/uploads\/2023\/10\/0H0A3554-1024x682.jpg\" src=\"https:\/\/www.hoymercedes.com.ar\/principal\/wp-content\/uploads\/2023\/10\/0H0A3554-1024x682.jpg\" alt=\"\" class=\"wp-image-167860\" srcset=\"https:\/\/www.hoymercedes.com.ar\/principal\/wp-content\/uploads\/2023\/10\/0H0A3554-1024x682.jpg 1024w, https:\/\/www.hoymercedes.com.ar\/principal\/wp-content\/uploads\/2023\/10\/0H0A3554-630x420.jpg 630w, https:\/\/www.hoymercedes.com.ar\/principal\/wp-content\/uploads\/2023\/10\/0H0A3554-150x100.jpg 150w, https:\/\/www.hoymercedes.com.ar\/principal\/wp-content\/uploads\/2023\/10\/0H0A3554-700x465.jpg 700w, https:\/\/www.hoymercedes.com.ar\/principal\/wp-content\/uploads\/2023\/10\/0H0A3554.jpg 1319w\" sizes=\"auto, (max-width: 1024px) 100vw, 1024px\" \/><\/figure>\n\n\n\n<p><strong>La Trocha<\/strong><\/p>\n\n\n\n<p>\u201cEste es un espacio que nos llena de orgullo. Pas\u00f3 de ser un lugar peligroso a un sitio de referencia cultural, educativo, art\u00edstico, comunitario\u201d dijo Ustarroz donde \u201cmucha gente a trabajado para ellos, porque sin duda es de todo nuestro pueblo\u201d coment\u00f3 Ustarroz y dijo \u201cas\u00ed como con este lugar lo logramos en unidad, ahora estamos trabajando en un proyecto similar, con sus particularidades, pero de recuperaci\u00f3n socio hist\u00f3rica y proyecci\u00f3n al futuro de la comunidad, la ex Dupont\u201d mencion\u00f3.<\/p>\n\n\n\n<figure class=\"wp-block-image size-large\"><img loading=\"lazy\" decoding=\"async\" width=\"1024\" height=\"682\" data-attachment-id=\"167857\" data-permalink=\"https:\/\/www.hoymercedes.com.ar\/principal\/2023\/10\/02\/festejo-y-solidaridad-en-el-10o-aniversario-de-la-trocha\/0h0a3588\/#main\" data-orig-file=\"https:\/\/www.hoymercedes.com.ar\/principal\/wp-content\/uploads\/2023\/10\/0H0A3588.jpg\" data-orig-size=\"1319,879\" data-comments-opened=\"0\" data-image-meta=\"{&quot;aperture&quot;:&quot;0&quot;,&quot;credit&quot;:&quot;&quot;,&quot;camera&quot;:&quot;&quot;,&quot;caption&quot;:&quot;&quot;,&quot;created_timestamp&quot;:&quot;0&quot;,&quot;copyright&quot;:&quot;&quot;,&quot;focal_length&quot;:&quot;0&quot;,&quot;iso&quot;:&quot;0&quot;,&quot;shutter_speed&quot;:&quot;0&quot;,&quot;title&quot;:&quot;&quot;,&quot;orientation&quot;:&quot;0&quot;}\" data-image-title=\"0H0A3588\" data-image-description=\"\" data-image-caption=\"\" data-large-file=\"https:\/\/www.hoymercedes.com.ar\/principal\/wp-content\/uploads\/2023\/10\/0H0A3588-1024x682.jpg\" src=\"https:\/\/www.hoymercedes.com.ar\/principal\/wp-content\/uploads\/2023\/10\/0H0A3588-1024x682.jpg\" alt=\"\" class=\"wp-image-167857\" srcset=\"https:\/\/www.hoymercedes.com.ar\/principal\/wp-content\/uploads\/2023\/10\/0H0A3588-1024x682.jpg 1024w, https:\/\/www.hoymercedes.com.ar\/principal\/wp-content\/uploads\/2023\/10\/0H0A3588-630x420.jpg 630w, https:\/\/www.hoymercedes.com.ar\/principal\/wp-content\/uploads\/2023\/10\/0H0A3588-150x100.jpg 150w, https:\/\/www.hoymercedes.com.ar\/principal\/wp-content\/uploads\/2023\/10\/0H0A3588-700x465.jpg 700w, https:\/\/www.hoymercedes.com.ar\/principal\/wp-content\/uploads\/2023\/10\/0H0A3588.jpg 1319w\" sizes=\"auto, (max-width: 1024px) 100vw, 1024px\" \/><\/figure>\n\n\n\n<p><strong>Encuentro<\/strong><\/p>\n\n\n\n<p>Para conmemorarlo se organiz\u00f3 un encuentro con bandas locales, entre ellas Aristarko, Sebasti\u00e1n Giovanetone, Escuela de Danza Estrella del Sur, Los L\u00f3pez Heredia y Fernanda Ottolini y La Banda, adem\u00e1s de artesanos, gastronom\u00eda, estaci\u00f3n juego y todos los atractivos que conocemos del predio.<\/p>\n\n\n\n<p><strong>Mechas<\/strong><\/p>\n\n\n\n<p>Adem\u00e1s, se cont\u00f3 con una acci\u00f3n muy especial. La participaci\u00f3n del programa \u201cMechas Solidarias\u201d donde Sol P\u00e9rez, su referente indiscutido, fue reconocida con entreg\u00e1ndosele un plato conmemorativo y ponderando su compromiso solidario con el proyecto. En este marco, se pudo disfrutar de un desfile, exposici\u00f3n, muestra de acrobacias, Balet nuestra se\u00f1ora de las Mercedes, Variet\u00e9, Zumba y la banda \u201cLa Copia\u201d en vivo.<\/p>\n\n\n\n<figure class=\"wp-block-image size-large\"><img loading=\"lazy\" decoding=\"async\" width=\"1024\" height=\"682\" data-attachment-id=\"167854\" data-permalink=\"https:\/\/www.hoymercedes.com.ar\/principal\/2023\/10\/02\/festejo-y-solidaridad-en-el-10o-aniversario-de-la-trocha\/0h0a3747\/#main\" data-orig-file=\"https:\/\/www.hoymercedes.com.ar\/principal\/wp-content\/uploads\/2023\/10\/0H0A3747.jpg\" data-orig-size=\"1319,879\" data-comments-opened=\"0\" data-image-meta=\"{&quot;aperture&quot;:&quot;0&quot;,&quot;credit&quot;:&quot;&quot;,&quot;camera&quot;:&quot;&quot;,&quot;caption&quot;:&quot;&quot;,&quot;created_timestamp&quot;:&quot;0&quot;,&quot;copyright&quot;:&quot;&quot;,&quot;focal_length&quot;:&quot;0&quot;,&quot;iso&quot;:&quot;0&quot;,&quot;shutter_speed&quot;:&quot;0&quot;,&quot;title&quot;:&quot;&quot;,&quot;orientation&quot;:&quot;0&quot;}\" data-image-title=\"0H0A3747\" data-image-description=\"\" data-image-caption=\"\" data-large-file=\"https:\/\/www.hoymercedes.com.ar\/principal\/wp-content\/uploads\/2023\/10\/0H0A3747-1024x682.jpg\" src=\"https:\/\/www.hoymercedes.com.ar\/principal\/wp-content\/uploads\/2023\/10\/0H0A3747-1024x682.jpg\" alt=\"\" class=\"wp-image-167854\" srcset=\"https:\/\/www.hoymercedes.com.ar\/principal\/wp-content\/uploads\/2023\/10\/0H0A3747-1024x682.jpg 1024w, https:\/\/www.hoymercedes.com.ar\/principal\/wp-content\/uploads\/2023\/10\/0H0A3747-630x420.jpg 630w, https:\/\/www.hoymercedes.com.ar\/principal\/wp-content\/uploads\/2023\/10\/0H0A3747-150x100.jpg 150w, https:\/\/www.hoymercedes.com.ar\/principal\/wp-content\/uploads\/2023\/10\/0H0A3747-700x465.jpg 700w, https:\/\/www.hoymercedes.com.ar\/principal\/wp-content\/uploads\/2023\/10\/0H0A3747.jpg 1319w\" sizes=\"auto, (max-width: 1024px) 100vw, 1024px\" \/><\/figure>\n\n\n\n<p><strong>Proyecci\u00f3n<\/strong><\/p>\n\n\n\n<p>Se cont\u00f3 tambi\u00e9n que en La Trocha se siguen proyectando acciones e intervenciones para su sostenimiento y mejora constante. Se record\u00f3 que este a\u00f1o se cumpli\u00f3 el sue\u00f1o del trencito tur\u00edstico y se avanzar\u00e1 ahora en la direcci\u00f3n hacia Go\u00edn y Parque Municipal. Tambi\u00e9n que continuar\u00e1n las obras de mejora, como la obra del galp\u00f3n del medio recientemente re inaugurada. El trencito, adem\u00e1s, celebr\u00f3 el aniversario con jornada doble, pasando el s\u00e1bado y el domingo por la estaci\u00f3n realizando viajes a Jofr\u00e9.<\/p>\n\n\n\n<figure class=\"wp-block-image size-large\"><img loading=\"lazy\" decoding=\"async\" width=\"1024\" height=\"684\" data-attachment-id=\"167855\" data-permalink=\"https:\/\/www.hoymercedes.com.ar\/principal\/2023\/10\/02\/festejo-y-solidaridad-en-el-10o-aniversario-de-la-trocha\/mhm_1768\/#main\" data-orig-file=\"https:\/\/www.hoymercedes.com.ar\/principal\/wp-content\/uploads\/2023\/10\/MHM_1768.jpg\" data-orig-size=\"1316,879\" data-comments-opened=\"0\" data-image-meta=\"{&quot;aperture&quot;:&quot;0&quot;,&quot;credit&quot;:&quot;&quot;,&quot;camera&quot;:&quot;&quot;,&quot;caption&quot;:&quot;&quot;,&quot;created_timestamp&quot;:&quot;0&quot;,&quot;copyright&quot;:&quot;&quot;,&quot;focal_length&quot;:&quot;0&quot;,&quot;iso&quot;:&quot;0&quot;,&quot;shutter_speed&quot;:&quot;0&quot;,&quot;title&quot;:&quot;&quot;,&quot;orientation&quot;:&quot;0&quot;}\" data-image-title=\"MHM_1768\" data-image-description=\"\" data-image-caption=\"\" data-large-file=\"https:\/\/www.hoymercedes.com.ar\/principal\/wp-content\/uploads\/2023\/10\/MHM_1768-1024x684.jpg\" src=\"https:\/\/www.hoymercedes.com.ar\/principal\/wp-content\/uploads\/2023\/10\/MHM_1768-1024x684.jpg\" alt=\"\" class=\"wp-image-167855\" srcset=\"https:\/\/www.hoymercedes.com.ar\/principal\/wp-content\/uploads\/2023\/10\/MHM_1768-1024x684.jpg 1024w, https:\/\/www.hoymercedes.com.ar\/principal\/wp-content\/uploads\/2023\/10\/MHM_1768-630x421.jpg 630w, https:\/\/www.hoymercedes.com.ar\/principal\/wp-content\/uploads\/2023\/10\/MHM_1768-150x100.jpg 150w, https:\/\/www.hoymercedes.com.ar\/principal\/wp-content\/uploads\/2023\/10\/MHM_1768.jpg 1316w\" sizes=\"auto, (max-width: 1024px) 100vw, 1024px\" \/><\/figure>\n\n\n\n<p><strong>Coincidencias<\/strong><\/p>\n\n\n\n<p>Si bien no hubo un acto protocolar formal, sino much\u00edsimas actividades que incluy\u00f3 food trucks, artesanos, intervenciones de zoonosis, baile, tango, el proyecto de ambiente y buen vivir, exposiciones, m\u00fasica en vivo e intervenciones art\u00edsticas se gener\u00f3 una coincidencia de las y los vecinos entrevistados sobre la importancia del predio y el desarrollo cultural que promueve para toda la ciudad.<\/p>\n\n\n\n<figure class=\"wp-block-image size-large\"><img loading=\"lazy\" decoding=\"async\" width=\"1024\" height=\"684\" data-attachment-id=\"167856\" data-permalink=\"https:\/\/www.hoymercedes.com.ar\/principal\/2023\/10\/02\/festejo-y-solidaridad-en-el-10o-aniversario-de-la-trocha\/mhm_1858\/#main\" data-orig-file=\"https:\/\/www.hoymercedes.com.ar\/principal\/wp-content\/uploads\/2023\/10\/MHM_1858.jpg\" data-orig-size=\"1316,879\" data-comments-opened=\"0\" data-image-meta=\"{&quot;aperture&quot;:&quot;0&quot;,&quot;credit&quot;:&quot;&quot;,&quot;camera&quot;:&quot;&quot;,&quot;caption&quot;:&quot;&quot;,&quot;created_timestamp&quot;:&quot;0&quot;,&quot;copyright&quot;:&quot;&quot;,&quot;focal_length&quot;:&quot;0&quot;,&quot;iso&quot;:&quot;0&quot;,&quot;shutter_speed&quot;:&quot;0&quot;,&quot;title&quot;:&quot;&quot;,&quot;orientation&quot;:&quot;0&quot;}\" data-image-title=\"MHM_1858\" data-image-description=\"\" data-image-caption=\"\" data-large-file=\"https:\/\/www.hoymercedes.com.ar\/principal\/wp-content\/uploads\/2023\/10\/MHM_1858-1024x684.jpg\" src=\"https:\/\/www.hoymercedes.com.ar\/principal\/wp-content\/uploads\/2023\/10\/MHM_1858-1024x684.jpg\" alt=\"\" class=\"wp-image-167856\" srcset=\"https:\/\/www.hoymercedes.com.ar\/principal\/wp-content\/uploads\/2023\/10\/MHM_1858-1024x684.jpg 1024w, https:\/\/www.hoymercedes.com.ar\/principal\/wp-content\/uploads\/2023\/10\/MHM_1858-630x421.jpg 630w, https:\/\/www.hoymercedes.com.ar\/principal\/wp-content\/uploads\/2023\/10\/MHM_1858-150x100.jpg 150w, https:\/\/www.hoymercedes.com.ar\/principal\/wp-content\/uploads\/2023\/10\/MHM_1858.jpg 1316w\" sizes=\"auto, (max-width: 1024px) 100vw, 1024px\" \/><\/figure>\n","protected":false},"excerpt":{"rendered":"<p>El Complejo Cultural La Trocha cumpli\u00f3 10 a\u00f1os de su recuperaci\u00f3n. Fue desde la primera intervenci\u00f3n del equipo de trabajo &#8230; <a title=\"Festejo y solidaridad en el 10\u00ba aniversario de La Trocha\" class=\"read-more\" href=\"https:\/\/www.hoymercedes.com.ar\/principal\/2023\/10\/02\/festejo-y-solidaridad-en-el-10o-aniversario-de-la-trocha\/\" aria-label=\"Leer m\u00e1s sobre Festejo y solidaridad en el 10\u00ba aniversario de La Trocha\">Leer m\u00e1s<\/a><\/p>\n","protected":false},"author":1,"featured_media":167856,"comment_status":"closed","ping_status":"open","sticky":false,"template":"","format":"standard","meta":{"_monsterinsights_skip_tracking":false,"_monsterinsights_sitenote_active":false,"_monsterinsights_sitenote_note":"","_monsterinsights_sitenote_category":0,"jetpack_post_was_ever_published":false,"_jetpack_newsletter_access":"","_jetpack_dont_email_post_to_subs":false,"_jetpack_newsletter_tier_id":0,"_jetpack_memberships_contains_paywalled_content":false,"_jetpack_memberships_contains_paid_content":false,"footnotes":"","jetpack_publicize_message":"","jetpack_publicize_feature_enabled":true,"jetpack_social_post_already_shared":true,"jetpack_social_options":{"image_generator_settings":{"template":"highway","default_image_id":0,"font":"","enabled":false},"version":2},"_wpas_customize_per_network":false},"categories":[8],"tags":[18854,4450],"class_list":["post-167852","post","type-post","status-publish","format-standard","has-post-thumbnail","hentry","category-sociedad","tag-aniversario-la-trocha","tag-complejo-cultural-la-trocha","generate-columns","tablet-grid-50","mobile-grid-100","grid-parent","grid-50"],"jetpack_publicize_connections":[],"jetpack_featured_media_url":"https:\/\/www.hoymercedes.com.ar\/principal\/wp-content\/uploads\/2023\/10\/MHM_1858.jpg","wps_subtitle":"Fiestas populares","jetpack_sharing_enabled":true,"_links":{"self":[{"href":"https:\/\/www.hoymercedes.com.ar\/principal\/wp-json\/wp\/v2\/posts\/167852","targetHints":{"allow":["GET"]}}],"collection":[{"href":"https:\/\/www.hoymercedes.com.ar\/principal\/wp-json\/wp\/v2\/posts"}],"about":[{"href":"https:\/\/www.hoymercedes.com.ar\/principal\/wp-json\/wp\/v2\/types\/post"}],"author":[{"embeddable":true,"href":"https:\/\/www.hoymercedes.com.ar\/principal\/wp-json\/wp\/v2\/users\/1"}],"replies":[{"embeddable":true,"href":"https:\/\/www.hoymercedes.com.ar\/principal\/wp-json\/wp\/v2\/comments?post=167852"}],"version-history":[{"count":0,"href":"https:\/\/www.hoymercedes.com.ar\/principal\/wp-json\/wp\/v2\/posts\/167852\/revisions"}],"wp:featuredmedia":[{"embeddable":true,"href":"https:\/\/www.hoymercedes.com.ar\/principal\/wp-json\/wp\/v2\/media\/167856"}],"wp:attachment":[{"href":"https:\/\/www.hoymercedes.com.ar\/principal\/wp-json\/wp\/v2\/media?parent=167852"}],"wp:term":[{"taxonomy":"category","embeddable":true,"href":"https:\/\/www.hoymercedes.com.ar\/principal\/wp-json\/wp\/v2\/categories?post=167852"},{"taxonomy":"post_tag","embeddable":true,"href":"https:\/\/www.hoymercedes.com.ar\/principal\/wp-json\/wp\/v2\/tags?post=167852"}],"curies":[{"name":"wp","href":"https:\/\/api.w.org\/{rel}","templated":true}]}}