{"id":16786,"date":"2012-10-09T16:45:56","date_gmt":"2012-10-09T16:45:56","guid":{"rendered":"http:\/\/www.hoymercedes.com.ar\/principal\/?p=16786"},"modified":"2012-10-09T16:46:13","modified_gmt":"2012-10-09T16:46:13","slug":"carlos-milhome-el-banco-de-sangre-sumo-donadores-en-la-ultima-fiesta","status":"publish","type":"post","link":"https:\/\/www.hoymercedes.com.ar\/principal\/2012\/10\/09\/carlos-milhome-el-banco-de-sangre-sumo-donadores-en-la-ultima-fiesta\/","title":{"rendered":"Carlos Milhome \u201cEl banco de sangre sum\u00f3 donadores en la \u00faltima fiesta\u201d"},"content":{"rendered":"<figure id=\"attachment_16788\" aria-describedby=\"caption-attachment-16788\" style=\"width: 604px\" class=\"wp-caption aligncenter\"><a href=\"https:\/\/www.hoymercedes.com.ar\/principal\/wp-content\/uploads\/2012\/10\/a-colegio-farm.jpg\"><img loading=\"lazy\" decoding=\"async\" data-attachment-id=\"16788\" data-permalink=\"https:\/\/www.hoymercedes.com.ar\/principal\/2012\/10\/09\/carlos-milhome-el-banco-de-sangre-sumo-donadores-en-la-ultima-fiesta\/a-colegio-farm\/#main\" data-orig-file=\"https:\/\/www.hoymercedes.com.ar\/principal\/wp-content\/uploads\/2012\/10\/a-colegio-farm.jpg\" data-orig-size=\"614,287\" data-comments-opened=\"1\" data-image-meta=\"{&quot;aperture&quot;:&quot;5.6&quot;,&quot;credit&quot;:&quot;&quot;,&quot;camera&quot;:&quot;NIKON D50&quot;,&quot;caption&quot;:&quot;&quot;,&quot;created_timestamp&quot;:&quot;1305109571&quot;,&quot;copyright&quot;:&quot;&quot;,&quot;focal_length&quot;:&quot;40&quot;,&quot;iso&quot;:&quot;0&quot;,&quot;shutter_speed&quot;:&quot;0.01&quot;,&quot;title&quot;:&quot;&quot;}\" data-image-title=\"Carlos Milhome\" data-image-description=\"&lt;p&gt;Carlos Milhome&lt;\/p&gt;\n\" data-image-caption=\"&lt;p&gt;Carlos Milhome&lt;\/p&gt;\n\" data-large-file=\"https:\/\/www.hoymercedes.com.ar\/principal\/wp-content\/uploads\/2012\/10\/a-colegio-farm.jpg\" class=\"size-full wp-image-16788\" title=\"Carlos Milhome\" src=\"https:\/\/www.hoymercedes.com.ar\/principal\/wp-content\/uploads\/2012\/10\/a-colegio-farm.jpg\" alt=\"Carlos Milhome\" width=\"614\" height=\"287\" \/><\/a><figcaption id=\"caption-attachment-16788\" class=\"wp-caption-text\">Carlos Milhome<\/figcaption><\/figure>\n<p>Una de las expresiones pol\u00edticas y sociales que estuvo presente en la \u00faltima Fiesta Nacional del Salame fue la mesa del Banco de Sangre Vivo que desarrolla la Agrupaci\u00f3n 17 de Octubre desde hace un tiempo exponi\u00e9ndola en diversos acontecimiento sociales con el objetivo de darla a conocen tanto para quienes necesitan en alg\u00fan se encuentren necesitados de recurrir a ella como quienes tengan el deseo de efectuar una acci\u00f3n solidaria.<\/p>\n<p>Uno de los portavoces del amplio equipo de trabajo es el actual concejal Carlos Milhome qui\u00e9n coment\u00f3 la satisfacci\u00f3n de haber incrementado la capacidad de la base que cuenta el banco con incluso personas ajenas a nuestra comuna. La Fiesta Nacional del Salame les permiti\u00f3 una exposici\u00f3n a un \u00e1mbito de p\u00fablico dif\u00edcilmente comparable.<\/p>\n<p>Al respecto, Milhome coment\u00f3: \u201cNos ha ido muy bien. Estamos satisfechos, hemos tenido m\u00e1s de 70 inscriptos donadores con una particularidad interesante que es contar con unas diez personas que no residen en Mercedes, pero que dada la amplitud de la fiesta se han acercado a nuestro puesto de trabajo y han empezado a colaborar. A nosotros nos sirve mucho como sociedad, es muy valioso, porque permite que al salir a efectuar un operativo en Capital, por ejemplo, tenemos donadores potenciales listos all\u00ed mismo o cerca. Llamamos operativo al acto de movilizarnos y dentro del protocolo en que trabajamos que incluye numeraci\u00f3n, encarpetado, seguimiento, todo aquello que permita hacer los registros. En estos d\u00edas hemos tenido acciones en hospitales como el Garrahan y el Churruca donde lo primero que hacemos es contactarnos con estas almas donantes que se inscribieron en la Fiesta del Salame as\u00ed que nos ayuda much\u00edsimo. Entonces el resultado lo vemos como muy fruct\u00edfero.<\/p>\n<p>Seguiremos haci\u00e9ndonos conocer, mostr\u00e1ndonos en diferentes \u00e1mbitos para poder continuar con nuestra tarea solidaria donde siempre se necesita el apoyo de la comunidad y de todos los vecinos que nos colaboren como donantes o difusores. Hoy d\u00eda las solicitudes se van incrementando y de ah\u00ed que nuestro pedido a que todo el que quiera y pueda participar lo haga. Luego de la fiesta cubrimos otras actividades y por ello no estuvimos presentes como siempre, pero, ya regresamos el pr\u00f3ximo con el objetivo de seguir trabajando en la calle con la mesa, fundamentalmente dando informaci\u00f3n y ofreci\u00e9ndonos, no s\u00f3lo pedido, sino que contamos, explicamos y registramos las dudas de quienes se acercan.<\/p>\n<p>El Banco de Sangre vivo es un registro de vecinos que desea ser parte de una acci\u00f3n solidaria en momentos de emergencia. Como se sabe cada intervenci\u00f3n quir\u00farquica o transfusi\u00f3n, por ejemplo, lleva a que la familia del enfermo deba donar determinada cantidad de dosis de sangre para reponer las utilizadas. No siempre las familias cuentan con ellos o con la cantidad solicitada siendo necesario recurrir a la sociedad y, en este caso, el banco sirve de apoyo a quienes est\u00e1n necesitando de urgencia un apoyo.<\/p>\n<p>&nbsp;<\/p>\n","protected":false},"excerpt":{"rendered":"<p>Una de las expresiones pol\u00edticas y sociales que estuvo presente en la \u00faltima Fiesta Nacional del Salame fue la mesa &#8230; <a title=\"Carlos Milhome \u201cEl banco de sangre sum\u00f3 donadores en la \u00faltima fiesta\u201d\" class=\"read-more\" href=\"https:\/\/www.hoymercedes.com.ar\/principal\/2012\/10\/09\/carlos-milhome-el-banco-de-sangre-sumo-donadores-en-la-ultima-fiesta\/\" aria-label=\"Leer m\u00e1s sobre Carlos Milhome \u201cEl banco de sangre sum\u00f3 donadores en la \u00faltima fiesta\u201d\">Leer m\u00e1s<\/a><\/p>\n","protected":false},"author":1,"featured_media":0,"comment_status":"open","ping_status":"open","sticky":false,"template":"","format":"standard","meta":{"_monsterinsights_skip_tracking":false,"_monsterinsights_sitenote_active":false,"_monsterinsights_sitenote_note":"","_monsterinsights_sitenote_category":0,"jetpack_post_was_ever_published":false,"_jetpack_newsletter_access":"","_jetpack_dont_email_post_to_subs":false,"_jetpack_newsletter_tier_id":0,"_jetpack_memberships_contains_paywalled_content":false,"_jetpack_memberships_contains_paid_content":false,"footnotes":"","jetpack_publicize_message":"","jetpack_publicize_feature_enabled":true,"jetpack_social_post_already_shared":false,"jetpack_social_options":{"image_generator_settings":{"template":"highway","default_image_id":0,"font":"","enabled":false},"version":2},"_wpas_customize_per_network":false},"categories":[5],"tags":[552,2813,2812],"class_list":["post-16786","post","type-post","status-publish","format-standard","hentry","category-politica","tag-agrupacion-17-de-octubre","tag-banco-de-sangre","tag-carlos-milhome","generate-columns","tablet-grid-50","mobile-grid-100","grid-parent","grid-50"],"jetpack_publicize_connections":[],"jetpack_featured_media_url":"","wps_subtitle":"","jetpack_sharing_enabled":true,"_links":{"self":[{"href":"https:\/\/www.hoymercedes.com.ar\/principal\/wp-json\/wp\/v2\/posts\/16786","targetHints":{"allow":["GET"]}}],"collection":[{"href":"https:\/\/www.hoymercedes.com.ar\/principal\/wp-json\/wp\/v2\/posts"}],"about":[{"href":"https:\/\/www.hoymercedes.com.ar\/principal\/wp-json\/wp\/v2\/types\/post"}],"author":[{"embeddable":true,"href":"https:\/\/www.hoymercedes.com.ar\/principal\/wp-json\/wp\/v2\/users\/1"}],"replies":[{"embeddable":true,"href":"https:\/\/www.hoymercedes.com.ar\/principal\/wp-json\/wp\/v2\/comments?post=16786"}],"version-history":[{"count":0,"href":"https:\/\/www.hoymercedes.com.ar\/principal\/wp-json\/wp\/v2\/posts\/16786\/revisions"}],"wp:attachment":[{"href":"https:\/\/www.hoymercedes.com.ar\/principal\/wp-json\/wp\/v2\/media?parent=16786"}],"wp:term":[{"taxonomy":"category","embeddable":true,"href":"https:\/\/www.hoymercedes.com.ar\/principal\/wp-json\/wp\/v2\/categories?post=16786"},{"taxonomy":"post_tag","embeddable":true,"href":"https:\/\/www.hoymercedes.com.ar\/principal\/wp-json\/wp\/v2\/tags?post=16786"}],"curies":[{"name":"wp","href":"https:\/\/api.w.org\/{rel}","templated":true}]}}