{"id":167867,"date":"2023-10-02T09:30:00","date_gmt":"2023-10-02T12:30:00","guid":{"rendered":"https:\/\/www.hoymercedes.com.ar\/principal\/?p=167867"},"modified":"2023-10-02T09:09:49","modified_gmt":"2023-10-02T12:09:49","slug":"suteba-multicolor-convoca-a-paro-el-3-y-4-de-octubre","status":"publish","type":"post","link":"https:\/\/www.hoymercedes.com.ar\/principal\/2023\/10\/02\/suteba-multicolor-convoca-a-paro-el-3-y-4-de-octubre\/","title":{"rendered":"SUTEBA Multicolor convoca a paro el 3 y 4 de octubre"},"content":{"rendered":"\n<p>Desde la l\u00ednea Multicolor de SUTEBA anunciaron 48 horas de paro de docentes para la provincia de Buenos Aires. La decisi\u00f3n fue tomada por delegados de 22 distritos bonaerenses en el Encuentro Provincial Docente realizado por la dirigencia opositora a la conducci\u00f3n oficial del gremio.<\/p>\n\n\n\n<p>En el encuentro resolvieron las siguientes medidas y reivindicaciones:<\/p>\n\n\n\n<ol class=\"wp-block-list\">\n<li>Paro de 48 horas el 3 y 4 de octubre con movilizaciones distritales, coincidiendo con la jornada de lucha de ATE sur y ATE Almirante Brown-Presidente Per\u00f3n<\/li>\n\n\n\n<li>Pliego de reivindicaciones<br>&#8211; Reapertura de las paritarias y un salario igual a la canasta familiar en el cargo de PR, indexado mensualmente por inflaci\u00f3n.<br>-En defensa de la escuela p\u00fablica y gratuita<br>-En defensa de una educaci\u00f3n sexual integral, laica, cient\u00edfica y con perspectiva de g\u00e9nero.<br>-No a las escuelas voucher ni a la privatizaci\u00f3n del sistema educativo.<br>-No a las reformas antieducativas como la 5ta hora<br>-Construcci\u00f3n de escuelas y aulas necesarias.<br>-Universalizaci\u00f3n y ampliaci\u00f3n del SAE, provisi\u00f3n de viandas a las escuelas que no tienen comedor.<br>-Creaci\u00f3n de todos los cargos faltantes.<br>-Defensa del IPS, basta de atraso jubilatorio.<br>-Defensa del Estatuto Docente.<br>-Defensa de las FOBAs, estabilidad laboral para todes les trabajadores precarizades.<br>-Defensa del IOMA, plenas prestaciones sin copagos.<br>-Respeto al derecho a huelga, no a las faltas injustificadas.<br>-Aumento de emergencia para todes les trabajadores, jubilados, becas, asignaciones familiares y programas sociales. Por un ingreso de emergencia para trabajadores informales. Ning\u00fan trabajador\/a debajo de la canasta familiar<br>-No al pago de la deuda usuraria y del pacto con el FMI. Aumento del presupuesto educativo ya.<br><\/li>\n\n\n\n<li>Reclamamos que SUTEBA Provincia convoque urgentemente a asambleas en toda la provincia para resolver las medidas a seguir, impulsando un petitorio. Que las conducciones de las CTAs y la CGT convoquen al Paro Nacional contra el ajuste, por el salario y por todas las demandas del pueblo.<\/li>\n\n\n\n<li>Promover una movilizaci\u00f3n a La Plata sobre DGCyE y Gobernaci\u00f3n con el pliego de reivindicaciones.<\/li>\n\n\n\n<li>Promover una acci\u00f3n provincial sobre IOMA para exigir plenas prestaciones de salud sin copagos<\/li>\n\n\n\n<li>Que el pr\u00f3ximo Provincial de Delegados con mandato, para evaluar acciones, se realice una de los dias de las 48 hs de paro, o a mas tardar en la segunda quincena de octubre, que sea bimodal. combinando presencialidad en una jornada con 115 (licencia gremial), con lo bimodal para el interior y poder debatir a fondo, con tiempo suficiente y resolver seg\u00fan los mandatos. Con una reunion previa para acordar el mejor formato.<\/li>\n\n\n\n<li>Solidaridad con Jorge Adaro y Juan Manuel Di Vincenzo, no al desafuero gremial, basta de persecusi\u00f3n a lxs que luchan.<\/li>\n\n\n\n<li>Solidaridad con les compa\u00f1eres de ADOSAC, estudiantes de CABA, los despedidos de UATRE Ledesma, difundir el petitorio, unidad contra el fraude y los despidos.<\/li>\n\n\n\n<li>Repudio a los ataques, amenazas, escraches. Defensa irrestricta de la escuela p\u00fablica y la libertad de c\u00e1tedra. No al presentismo y la declaraci\u00f3n de servicio esencial en la educaci\u00f3n. M\u00e1s presupuesto para educaci\u00f3n no para la deuda y el FMI.<\/li>\n<\/ol>\n\n\n\n<p>Firman la convocatoria los Consejos Ejecutivos Seccionales de SUTEBA, Conducci\u00f3n Multicolor de Tigre, Marcos Paz y Bah\u00eda Blanca, Multicolor SUTEBA La Matanza, Minor\u00eda SUTEBA Moreno<br>Congresales y Delegados, Lista Multicolor Provincial<\/p>\n\n\n\n<figure class=\"wp-block-image size-full\"><img loading=\"lazy\" decoding=\"async\" width=\"600\" height=\"750\" data-attachment-id=\"167869\" data-permalink=\"https:\/\/www.hoymercedes.com.ar\/principal\/2023\/10\/02\/suteba-multicolor-convoca-a-paro-el-3-y-4-de-octubre\/fb_img_1696246243331_copy_600x750\/#main\" data-orig-file=\"https:\/\/www.hoymercedes.com.ar\/principal\/wp-content\/uploads\/2023\/10\/FB_IMG_1696246243331_copy_600x750.jpg\" data-orig-size=\"600,750\" data-comments-opened=\"0\" data-image-meta=\"{&quot;aperture&quot;:&quot;0&quot;,&quot;credit&quot;:&quot;&quot;,&quot;camera&quot;:&quot;&quot;,&quot;caption&quot;:&quot;&quot;,&quot;created_timestamp&quot;:&quot;0&quot;,&quot;copyright&quot;:&quot;&quot;,&quot;focal_length&quot;:&quot;0&quot;,&quot;iso&quot;:&quot;0&quot;,&quot;shutter_speed&quot;:&quot;0&quot;,&quot;title&quot;:&quot;&quot;,&quot;orientation&quot;:&quot;0&quot;}\" data-image-title=\"FB_IMG_1696246243331_copy_600x750\" data-image-description=\"\" data-image-caption=\"\" data-large-file=\"https:\/\/www.hoymercedes.com.ar\/principal\/wp-content\/uploads\/2023\/10\/FB_IMG_1696246243331_copy_600x750.jpg\" src=\"https:\/\/www.hoymercedes.com.ar\/principal\/wp-content\/uploads\/2023\/10\/FB_IMG_1696246243331_copy_600x750.jpg\" alt=\"\" class=\"wp-image-167869\" srcset=\"https:\/\/www.hoymercedes.com.ar\/principal\/wp-content\/uploads\/2023\/10\/FB_IMG_1696246243331_copy_600x750.jpg 600w, https:\/\/www.hoymercedes.com.ar\/principal\/wp-content\/uploads\/2023\/10\/FB_IMG_1696246243331_copy_600x750-496x620.jpg 496w, https:\/\/www.hoymercedes.com.ar\/principal\/wp-content\/uploads\/2023\/10\/FB_IMG_1696246243331_copy_600x750-120x150.jpg 120w\" sizes=\"auto, (max-width: 600px) 100vw, 600px\" \/><\/figure>\n","protected":false},"excerpt":{"rendered":"<p>Desde la l\u00ednea Multicolor de SUTEBA anunciaron 48 horas de paro de docentes para la provincia de Buenos Aires. La &#8230; <a title=\"SUTEBA Multicolor convoca a paro el 3 y 4 de octubre\" class=\"read-more\" href=\"https:\/\/www.hoymercedes.com.ar\/principal\/2023\/10\/02\/suteba-multicolor-convoca-a-paro-el-3-y-4-de-octubre\/\" aria-label=\"Leer m\u00e1s sobre SUTEBA Multicolor convoca a paro el 3 y 4 de octubre\">Leer m\u00e1s<\/a><\/p>\n","protected":false},"author":1,"featured_media":167869,"comment_status":"closed","ping_status":"open","sticky":false,"template":"","format":"standard","meta":{"_monsterinsights_skip_tracking":false,"_monsterinsights_sitenote_active":false,"_monsterinsights_sitenote_note":"","_monsterinsights_sitenote_category":0,"jetpack_post_was_ever_published":false,"_jetpack_newsletter_access":"","_jetpack_dont_email_post_to_subs":false,"_jetpack_newsletter_tier_id":0,"_jetpack_memberships_contains_paywalled_content":false,"_jetpack_memberships_contains_paid_content":false,"footnotes":"","jetpack_publicize_message":"","jetpack_publicize_feature_enabled":true,"jetpack_social_post_already_shared":true,"jetpack_social_options":{"image_generator_settings":{"template":"highway","default_image_id":0,"font":"","enabled":false},"version":2},"_wpas_customize_per_network":false},"categories":[10563],"tags":[47,5319],"class_list":["post-167867","post","type-post","status-publish","format-standard","has-post-thumbnail","hentry","category-gremios-sindicatos","tag-educacion-2","tag-politica-2","generate-columns","tablet-grid-50","mobile-grid-100","grid-parent","grid-50"],"jetpack_publicize_connections":[],"jetpack_featured_media_url":"https:\/\/www.hoymercedes.com.ar\/principal\/wp-content\/uploads\/2023\/10\/FB_IMG_1696246243331_copy_600x750.jpg","wps_subtitle":"","jetpack_sharing_enabled":true,"_links":{"self":[{"href":"https:\/\/www.hoymercedes.com.ar\/principal\/wp-json\/wp\/v2\/posts\/167867","targetHints":{"allow":["GET"]}}],"collection":[{"href":"https:\/\/www.hoymercedes.com.ar\/principal\/wp-json\/wp\/v2\/posts"}],"about":[{"href":"https:\/\/www.hoymercedes.com.ar\/principal\/wp-json\/wp\/v2\/types\/post"}],"author":[{"embeddable":true,"href":"https:\/\/www.hoymercedes.com.ar\/principal\/wp-json\/wp\/v2\/users\/1"}],"replies":[{"embeddable":true,"href":"https:\/\/www.hoymercedes.com.ar\/principal\/wp-json\/wp\/v2\/comments?post=167867"}],"version-history":[{"count":0,"href":"https:\/\/www.hoymercedes.com.ar\/principal\/wp-json\/wp\/v2\/posts\/167867\/revisions"}],"wp:featuredmedia":[{"embeddable":true,"href":"https:\/\/www.hoymercedes.com.ar\/principal\/wp-json\/wp\/v2\/media\/167869"}],"wp:attachment":[{"href":"https:\/\/www.hoymercedes.com.ar\/principal\/wp-json\/wp\/v2\/media?parent=167867"}],"wp:term":[{"taxonomy":"category","embeddable":true,"href":"https:\/\/www.hoymercedes.com.ar\/principal\/wp-json\/wp\/v2\/categories?post=167867"},{"taxonomy":"post_tag","embeddable":true,"href":"https:\/\/www.hoymercedes.com.ar\/principal\/wp-json\/wp\/v2\/tags?post=167867"}],"curies":[{"name":"wp","href":"https:\/\/api.w.org\/{rel}","templated":true}]}}