{"id":167873,"date":"2023-10-02T18:33:49","date_gmt":"2023-10-02T21:33:49","guid":{"rendered":"https:\/\/www.hoymercedes.com.ar\/principal\/?p=167873"},"modified":"2023-10-02T18:34:40","modified_gmt":"2023-10-02T21:34:40","slug":"hubo-una-muestra-y-charla-de-bordado-y-broderie","status":"publish","type":"post","link":"https:\/\/www.hoymercedes.com.ar\/principal\/2023\/10\/02\/hubo-una-muestra-y-charla-de-bordado-y-broderie\/","title":{"rendered":"Hubo una muestra y charla de bordado y broderie"},"content":{"rendered":"\n<p>En la jornada del \u00faltimo s\u00e1bado se llev\u00f3 adelante el tercer encuentro organizado en el marco del proyecto \u00abDesde el entorno. Otras formas posibles de hacer y mirar\u00bb que llevan adelante las docentes en artes visuales Marcela Cueto y Paula  Figoli. En el Museo Miguez se compari\u00f3 con Nilda Rosemberg su proyecto Archivo Broderie. <\/p>\n\n\n<div class=\"wp-block-image\">\n<figure class=\"aligncenter size-full\"><img loading=\"lazy\" decoding=\"async\" width=\"800\" height=\"533\" data-attachment-id=\"167875\" data-permalink=\"https:\/\/www.hoymercedes.com.ar\/principal\/2023\/10\/02\/hubo-una-muestra-y-charla-de-bordado-y-broderie\/d2ea050c-f54a-4906-965a-b6d6ccb3da88\/#main\" data-orig-file=\"https:\/\/www.hoymercedes.com.ar\/principal\/wp-content\/uploads\/2023\/10\/d2ea050c-f54a-4906-965a-b6d6ccb3da88.jpg\" data-orig-size=\"800,533\" data-comments-opened=\"0\" data-image-meta=\"{&quot;aperture&quot;:&quot;0&quot;,&quot;credit&quot;:&quot;&quot;,&quot;camera&quot;:&quot;&quot;,&quot;caption&quot;:&quot;&quot;,&quot;created_timestamp&quot;:&quot;0&quot;,&quot;copyright&quot;:&quot;&quot;,&quot;focal_length&quot;:&quot;0&quot;,&quot;iso&quot;:&quot;0&quot;,&quot;shutter_speed&quot;:&quot;0&quot;,&quot;title&quot;:&quot;&quot;,&quot;orientation&quot;:&quot;0&quot;}\" data-image-title=\"d2ea050c-f54a-4906-965a-b6d6ccb3da88\" data-image-description=\"\" data-image-caption=\"\" data-large-file=\"https:\/\/www.hoymercedes.com.ar\/principal\/wp-content\/uploads\/2023\/10\/d2ea050c-f54a-4906-965a-b6d6ccb3da88.jpg\" src=\"https:\/\/www.hoymercedes.com.ar\/principal\/wp-content\/uploads\/2023\/10\/d2ea050c-f54a-4906-965a-b6d6ccb3da88.jpg\" alt=\"\" class=\"wp-image-167875\" srcset=\"https:\/\/www.hoymercedes.com.ar\/principal\/wp-content\/uploads\/2023\/10\/d2ea050c-f54a-4906-965a-b6d6ccb3da88.jpg 800w, https:\/\/www.hoymercedes.com.ar\/principal\/wp-content\/uploads\/2023\/10\/d2ea050c-f54a-4906-965a-b6d6ccb3da88-630x420.jpg 630w, https:\/\/www.hoymercedes.com.ar\/principal\/wp-content\/uploads\/2023\/10\/d2ea050c-f54a-4906-965a-b6d6ccb3da88-150x100.jpg 150w, https:\/\/www.hoymercedes.com.ar\/principal\/wp-content\/uploads\/2023\/10\/d2ea050c-f54a-4906-965a-b6d6ccb3da88-700x465.jpg 700w\" sizes=\"auto, (max-width: 800px) 100vw, 800px\" \/><\/figure>\n<\/div>\n\n\n<p>Entre todos los participantes, se realiz\u00f3 la reapertura del archivo y se sumaron nuevas piezas, que fueron registradas fotogr\u00e1ficamente por Nicolas Pousthomis y Gisela Vol\u00e1. \u00abPusimos en juego historias y saberes (propios y de otros). Nos escuchamos, nos reconocimos y habitamos al museo de otra manera\u00bb, destacaron las docentes a cargo del proyecto.<\/p>\n\n\n\n<p>\u00abLa convocatoria fue muy buena. Super\u00f3 nuestras expectativas y las del Museo para una actividad a realizarse un s\u00e1bado a la tarde. El p\u00fablico particip\u00f3, se involucr\u00f3 en el proyecto. Llev\u00f3 sus piezas textiles  como bolsitas de jard\u00edn de infantes bordadas, prendas de ropas antiguas y actuales. Algunas personas llevaron piezas muy antiguas de las cuales sab\u00edan sus or\u00edgenes y otras no. Tambi\u00e9n llevaron carpetas y libros para aprender bordado de Corte y Confecci\u00f3n contando historias detr\u00e1s de esos objetos\u00bb, destac\u00f3 Paula. <\/p>\n\n\n\n<p>\u00abTambi\u00e9n fue muy lindo e interesante fue el cruce de generaciones. Hab\u00eda se\u00f1oras mayores dialogando con otras personas muy jovencitas. Ese intercambio, mirarse a los ojos, prest\u00e1ndose atenci\u00f3n a las diferentes historias. Nos gust\u00f3 mucho porque no sab\u00edamos que pasar\u00eda y nos sorprendi\u00f3. Nilda lleva este proyecto a distintos lugares del pa\u00eds, y del encuentro en Mercedes se fue super contenta de lo que se gener\u00f3 el s\u00e1bado\u00bb, agreg\u00f3 la docente. <\/p>\n\n\n\n<p>\u00abEn cada rinc\u00f3n del Museo estaba ocurriendo algo. En las salas, las conversaciones que se generaban, las piezas que se presentaban, o los recuerdos y vivencias que se activaban desde una pieza bordada. Los fot\u00f3grafos estaban por todos los rincones registrando esos encuentros entre personas y las piezas bordadas\u00bb destac\u00f3 Figoli. <\/p>\n\n\n<div class=\"wp-block-image\">\n<figure class=\"aligncenter size-full\"><img loading=\"lazy\" decoding=\"async\" width=\"720\" height=\"480\" data-attachment-id=\"167876\" data-permalink=\"https:\/\/www.hoymercedes.com.ar\/principal\/2023\/10\/02\/hubo-una-muestra-y-charla-de-bordado-y-broderie\/a60bab7b-ef80-4f93-b50d-68bb4826ee64\/#main\" data-orig-file=\"https:\/\/www.hoymercedes.com.ar\/principal\/wp-content\/uploads\/2023\/10\/a60bab7b-ef80-4f93-b50d-68bb4826ee64.jpg\" data-orig-size=\"720,480\" data-comments-opened=\"0\" data-image-meta=\"{&quot;aperture&quot;:&quot;0&quot;,&quot;credit&quot;:&quot;&quot;,&quot;camera&quot;:&quot;&quot;,&quot;caption&quot;:&quot;&quot;,&quot;created_timestamp&quot;:&quot;0&quot;,&quot;copyright&quot;:&quot;&quot;,&quot;focal_length&quot;:&quot;0&quot;,&quot;iso&quot;:&quot;0&quot;,&quot;shutter_speed&quot;:&quot;0&quot;,&quot;title&quot;:&quot;&quot;,&quot;orientation&quot;:&quot;0&quot;}\" data-image-title=\"a60bab7b-ef80-4f93-b50d-68bb4826ee64\" data-image-description=\"\" data-image-caption=\"\" data-large-file=\"https:\/\/www.hoymercedes.com.ar\/principal\/wp-content\/uploads\/2023\/10\/a60bab7b-ef80-4f93-b50d-68bb4826ee64.jpg\" src=\"https:\/\/www.hoymercedes.com.ar\/principal\/wp-content\/uploads\/2023\/10\/a60bab7b-ef80-4f93-b50d-68bb4826ee64.jpg\" alt=\"\" class=\"wp-image-167876\" srcset=\"https:\/\/www.hoymercedes.com.ar\/principal\/wp-content\/uploads\/2023\/10\/a60bab7b-ef80-4f93-b50d-68bb4826ee64.jpg 720w, https:\/\/www.hoymercedes.com.ar\/principal\/wp-content\/uploads\/2023\/10\/a60bab7b-ef80-4f93-b50d-68bb4826ee64-630x420.jpg 630w, https:\/\/www.hoymercedes.com.ar\/principal\/wp-content\/uploads\/2023\/10\/a60bab7b-ef80-4f93-b50d-68bb4826ee64-150x100.jpg 150w\" sizes=\"auto, (max-width: 720px) 100vw, 720px\" \/><\/figure>\n<\/div>\n\n\n<p><strong>Proyecto Broderie<\/strong><\/p>\n\n\n\n<p>El origen de este proyecto surge en 2012 del intercambio de Nilda Rosemberg con dos mujeres de Sierras Bayas, un pueblo cercano a Olavarr\u00eda ) ciudad ubicada en el centro de la pcia de Buenos Aires. Argentina) y comenz\u00f3 a materializarse en febrero de 2014. <\/p>\n\n\n\n<p>Archivo Broderie es una pr\u00e1ctica de investigaci\u00f3n art\u00edstica que busca revalorizar los saberes relacionados con el bordado y costura. Propone el registro y el v\u00ednculo como herramientas de aproximaci\u00f3n. En este proceso se busca, a la vez, reflexionar y revisar el rol femenino en el mundo textil y, mediante puntadas, actualizar nuestra memoria emotiva: las piezas tejidas buscan ser disparadores que nos permitan acceder a nuestra memoria emocional.<\/p>\n\n\n\n<p>Archivo Broderie no es solo un conjunto de piezas textiles. Es la forma en la que Nilda busca poner en juego la relaci\u00f3n de sus haceres como \u00abbordadora\u00bb y \u00abarchivera\u00bb desde la generaci\u00f3n de instrumentos descriptivos. Las m\u00e1s de 250 piezas que conforman este proyecto incluyen una serie abierta de fichas que se realizan en cada uno de los encuentros. Documentar los haceres particulares de diferentes territorios alimenta este proyecto, hace circular saberes y genera v\u00ednculos entre personas y&nbsp;materialidades.<\/p>\n\n\n<div class=\"wp-block-image\">\n<figure class=\"aligncenter size-full\"><img loading=\"lazy\" decoding=\"async\" width=\"800\" height=\"533\" data-attachment-id=\"167877\" data-permalink=\"https:\/\/www.hoymercedes.com.ar\/principal\/2023\/10\/02\/hubo-una-muestra-y-charla-de-bordado-y-broderie\/09d93218-f927-488c-b8d5-fa5644fa58c5\/#main\" data-orig-file=\"https:\/\/www.hoymercedes.com.ar\/principal\/wp-content\/uploads\/2023\/10\/09d93218-f927-488c-b8d5-fa5644fa58c5.jpg\" data-orig-size=\"800,533\" data-comments-opened=\"0\" data-image-meta=\"{&quot;aperture&quot;:&quot;0&quot;,&quot;credit&quot;:&quot;&quot;,&quot;camera&quot;:&quot;&quot;,&quot;caption&quot;:&quot;&quot;,&quot;created_timestamp&quot;:&quot;0&quot;,&quot;copyright&quot;:&quot;&quot;,&quot;focal_length&quot;:&quot;0&quot;,&quot;iso&quot;:&quot;0&quot;,&quot;shutter_speed&quot;:&quot;0&quot;,&quot;title&quot;:&quot;&quot;,&quot;orientation&quot;:&quot;0&quot;}\" data-image-title=\"09d93218-f927-488c-b8d5-fa5644fa58c5\" data-image-description=\"\" data-image-caption=\"\" data-large-file=\"https:\/\/www.hoymercedes.com.ar\/principal\/wp-content\/uploads\/2023\/10\/09d93218-f927-488c-b8d5-fa5644fa58c5.jpg\" src=\"https:\/\/www.hoymercedes.com.ar\/principal\/wp-content\/uploads\/2023\/10\/09d93218-f927-488c-b8d5-fa5644fa58c5.jpg\" alt=\"\" class=\"wp-image-167877\" srcset=\"https:\/\/www.hoymercedes.com.ar\/principal\/wp-content\/uploads\/2023\/10\/09d93218-f927-488c-b8d5-fa5644fa58c5.jpg 800w, https:\/\/www.hoymercedes.com.ar\/principal\/wp-content\/uploads\/2023\/10\/09d93218-f927-488c-b8d5-fa5644fa58c5-630x420.jpg 630w, https:\/\/www.hoymercedes.com.ar\/principal\/wp-content\/uploads\/2023\/10\/09d93218-f927-488c-b8d5-fa5644fa58c5-150x100.jpg 150w, https:\/\/www.hoymercedes.com.ar\/principal\/wp-content\/uploads\/2023\/10\/09d93218-f927-488c-b8d5-fa5644fa58c5-700x465.jpg 700w\" sizes=\"auto, (max-width: 800px) 100vw, 800px\" \/><\/figure>\n<\/div>","protected":false},"excerpt":{"rendered":"<p>En la jornada del \u00faltimo s\u00e1bado se llev\u00f3 adelante el tercer encuentro organizado en el marco del proyecto \u00abDesde el &#8230; <a title=\"Hubo una muestra y charla de bordado y broderie\" class=\"read-more\" href=\"https:\/\/www.hoymercedes.com.ar\/principal\/2023\/10\/02\/hubo-una-muestra-y-charla-de-bordado-y-broderie\/\" aria-label=\"Leer m\u00e1s sobre Hubo una muestra y charla de bordado y broderie\">Leer m\u00e1s<\/a><\/p>\n","protected":false},"author":1,"featured_media":167874,"comment_status":"closed","ping_status":"open","sticky":false,"template":"","format":"standard","meta":{"_monsterinsights_skip_tracking":false,"_monsterinsights_sitenote_active":false,"_monsterinsights_sitenote_note":"","_monsterinsights_sitenote_category":0,"jetpack_post_was_ever_published":false,"_jetpack_newsletter_access":"","_jetpack_dont_email_post_to_subs":false,"_jetpack_newsletter_tier_id":0,"_jetpack_memberships_contains_paywalled_content":false,"_jetpack_memberships_contains_paid_content":false,"footnotes":"","jetpack_publicize_message":"","jetpack_publicize_feature_enabled":true,"jetpack_social_post_already_shared":true,"jetpack_social_options":{"image_generator_settings":{"template":"highway","default_image_id":0,"font":"","enabled":false},"version":2},"_wpas_customize_per_network":false},"categories":[104],"tags":[7805],"class_list":["post-167873","post","type-post","status-publish","format-standard","has-post-thumbnail","hentry","category-cultura","tag-cultura","generate-columns","tablet-grid-50","mobile-grid-100","grid-parent","grid-50"],"jetpack_publicize_connections":[],"jetpack_featured_media_url":"https:\/\/www.hoymercedes.com.ar\/principal\/wp-content\/uploads\/2023\/10\/IMG_20230930_163311444.jpg","wps_subtitle":"","jetpack_sharing_enabled":true,"_links":{"self":[{"href":"https:\/\/www.hoymercedes.com.ar\/principal\/wp-json\/wp\/v2\/posts\/167873","targetHints":{"allow":["GET"]}}],"collection":[{"href":"https:\/\/www.hoymercedes.com.ar\/principal\/wp-json\/wp\/v2\/posts"}],"about":[{"href":"https:\/\/www.hoymercedes.com.ar\/principal\/wp-json\/wp\/v2\/types\/post"}],"author":[{"embeddable":true,"href":"https:\/\/www.hoymercedes.com.ar\/principal\/wp-json\/wp\/v2\/users\/1"}],"replies":[{"embeddable":true,"href":"https:\/\/www.hoymercedes.com.ar\/principal\/wp-json\/wp\/v2\/comments?post=167873"}],"version-history":[{"count":0,"href":"https:\/\/www.hoymercedes.com.ar\/principal\/wp-json\/wp\/v2\/posts\/167873\/revisions"}],"wp:featuredmedia":[{"embeddable":true,"href":"https:\/\/www.hoymercedes.com.ar\/principal\/wp-json\/wp\/v2\/media\/167874"}],"wp:attachment":[{"href":"https:\/\/www.hoymercedes.com.ar\/principal\/wp-json\/wp\/v2\/media?parent=167873"}],"wp:term":[{"taxonomy":"category","embeddable":true,"href":"https:\/\/www.hoymercedes.com.ar\/principal\/wp-json\/wp\/v2\/categories?post=167873"},{"taxonomy":"post_tag","embeddable":true,"href":"https:\/\/www.hoymercedes.com.ar\/principal\/wp-json\/wp\/v2\/tags?post=167873"}],"curies":[{"name":"wp","href":"https:\/\/api.w.org\/{rel}","templated":true}]}}