{"id":167899,"date":"2023-10-03T12:36:25","date_gmt":"2023-10-03T15:36:25","guid":{"rendered":"https:\/\/www.hoymercedes.com.ar\/principal\/?p=167899"},"modified":"2023-10-03T12:36:27","modified_gmt":"2023-10-03T15:36:27","slug":"ultimando-detalles-para-la-fiesta-de-los-cerveceros","status":"publish","type":"post","link":"https:\/\/www.hoymercedes.com.ar\/principal\/2023\/10\/03\/ultimando-detalles-para-la-fiesta-de-los-cerveceros\/","title":{"rendered":"Ultimando detalles para la Fiesta de los Cerveceros"},"content":{"rendered":"\n<p>El 5\u00b0 Festival de Cerveceros Mercedinos ser\u00e1 el s\u00e1bado 7 y domingo 8. El paseo gastron\u00f3mico con producciones de Cerveza Artesanal local ser\u00e1 central en el Parque Municipal. La m\u00fasica incluye a \u00c9l Mat\u00f3 un Polic\u00eda Motorizado como banda de cierre de la jornada del domingo. Entradas en venta online con descuento.<\/p>\n\n\n<div class=\"wp-block-image\">\n<figure class=\"aligncenter size-full\"><img loading=\"lazy\" decoding=\"async\" width=\"800\" height=\"533\" data-attachment-id=\"167900\" data-permalink=\"https:\/\/www.hoymercedes.com.ar\/principal\/2023\/10\/03\/ultimando-detalles-para-la-fiesta-de-los-cerveceros\/cerveceros-1\/#main\" data-orig-file=\"https:\/\/www.hoymercedes.com.ar\/principal\/wp-content\/uploads\/2023\/10\/Cerveceros-1.jpg\" data-orig-size=\"800,533\" data-comments-opened=\"0\" data-image-meta=\"{&quot;aperture&quot;:&quot;0&quot;,&quot;credit&quot;:&quot;&quot;,&quot;camera&quot;:&quot;&quot;,&quot;caption&quot;:&quot;&quot;,&quot;created_timestamp&quot;:&quot;0&quot;,&quot;copyright&quot;:&quot;&quot;,&quot;focal_length&quot;:&quot;0&quot;,&quot;iso&quot;:&quot;0&quot;,&quot;shutter_speed&quot;:&quot;0&quot;,&quot;title&quot;:&quot;&quot;,&quot;orientation&quot;:&quot;0&quot;}\" data-image-title=\"Cerveceros-1\" data-image-description=\"\" data-image-caption=\"\" data-large-file=\"https:\/\/www.hoymercedes.com.ar\/principal\/wp-content\/uploads\/2023\/10\/Cerveceros-1.jpg\" src=\"https:\/\/www.hoymercedes.com.ar\/principal\/wp-content\/uploads\/2023\/10\/Cerveceros-1.jpg\" alt=\"\" class=\"wp-image-167900\" srcset=\"https:\/\/www.hoymercedes.com.ar\/principal\/wp-content\/uploads\/2023\/10\/Cerveceros-1.jpg 800w, https:\/\/www.hoymercedes.com.ar\/principal\/wp-content\/uploads\/2023\/10\/Cerveceros-1-630x420.jpg 630w, https:\/\/www.hoymercedes.com.ar\/principal\/wp-content\/uploads\/2023\/10\/Cerveceros-1-150x100.jpg 150w, https:\/\/www.hoymercedes.com.ar\/principal\/wp-content\/uploads\/2023\/10\/Cerveceros-1-700x465.jpg 700w\" sizes=\"auto, (max-width: 800px) 100vw, 800px\" \/><\/figure>\n<\/div>\n\n\n<p>D\u00edas atr\u00e1s se realiz\u00f3 la presentaci\u00f3n oficial del evento. Con productores de cerveza artesanal y representantes de la gastronom\u00eda local, el evento fue en una cervecer\u00eda de Altamira encabezado por el Jefe Comunal Juan Ignacio Ustarroz. <\/p>\n\n\n\n<p>De acuerdo a la informaci\u00f3n brindada por el Municipio \u00abpor primera vez se podr\u00e1n comprar las entradas de manera online, teniendo un 50% para las compras anticipadas hasta el d\u00eda viernes 6. Las entradas tienen un valor el s\u00e1bado en puerta de $2000, anticipada $1000. Para el domingo ser\u00e1 de $4000 en puerta, anticipada $2000. Se lo puede hacer de manera segura a trav\u00e9s de cerveceros.mercedes.gob.ar\u00bb. <\/p>\n\n\n\n<p>La grilla del escenario principal incluye, el s\u00e1bado 7 a Aristarko, Orugas, La Poes\u00eda De Carlos, Mathias Centuri\u00f3n, Claudio Rosa, Pinky, Menta y Limon  y se espera la confirmaci\u00f3n de una grupo de m\u00fasica tropial que cerrar\u00e1 la jornada. En tanto, el domingo 8 actuar\u00e1n Agusp\u00e9h, Gena Buccio,Tren Misterioso, Old Times Lovers, Mango Blu, Big Guap, y \u00c9l Mat\u00f3 a un Polic\u00eda Motorizado. <\/p>\n\n\n\n<p>La promoci\u00f3n del 5\u00b0 Festival Cervecero lleg\u00f3 a la Feria Internacional de Turismo que se realiz\u00f3 en La Rural durante el pasado fin de semana. El s\u00e1bado, la Direcci\u00f3n de Turismo reparti\u00f3 salame, queso, galleta y cerveza en el stand de la provincia de Buenos Aires, mientras que el domingo, Oscar Rossello cant\u00f3 en el escenario del stand promocionando las Fiestas Nacionales que se celebran en la ciudad. <\/p>\n\n\n<div class=\"wp-block-image\">\n<figure class=\"aligncenter size-full\"><img loading=\"lazy\" decoding=\"async\" width=\"800\" height=\"533\" data-attachment-id=\"167901\" data-permalink=\"https:\/\/www.hoymercedes.com.ar\/principal\/2023\/10\/03\/ultimando-detalles-para-la-fiesta-de-los-cerveceros\/img_20230930_165404046_hdr\/#main\" data-orig-file=\"https:\/\/www.hoymercedes.com.ar\/principal\/wp-content\/uploads\/2023\/10\/IMG_20230930_165404046_HDR.jpg\" data-orig-size=\"800,533\" data-comments-opened=\"0\" data-image-meta=\"{&quot;aperture&quot;:&quot;0&quot;,&quot;credit&quot;:&quot;&quot;,&quot;camera&quot;:&quot;&quot;,&quot;caption&quot;:&quot;&quot;,&quot;created_timestamp&quot;:&quot;1696092844&quot;,&quot;copyright&quot;:&quot;&quot;,&quot;focal_length&quot;:&quot;0&quot;,&quot;iso&quot;:&quot;0&quot;,&quot;shutter_speed&quot;:&quot;0&quot;,&quot;title&quot;:&quot;&quot;,&quot;orientation&quot;:&quot;0&quot;}\" data-image-title=\"IMG_20230930_165404046_HDR\" data-image-description=\"\" data-image-caption=\"\" data-large-file=\"https:\/\/www.hoymercedes.com.ar\/principal\/wp-content\/uploads\/2023\/10\/IMG_20230930_165404046_HDR.jpg\" src=\"https:\/\/www.hoymercedes.com.ar\/principal\/wp-content\/uploads\/2023\/10\/IMG_20230930_165404046_HDR.jpg\" alt=\"\" class=\"wp-image-167901\" srcset=\"https:\/\/www.hoymercedes.com.ar\/principal\/wp-content\/uploads\/2023\/10\/IMG_20230930_165404046_HDR.jpg 800w, https:\/\/www.hoymercedes.com.ar\/principal\/wp-content\/uploads\/2023\/10\/IMG_20230930_165404046_HDR-630x420.jpg 630w, https:\/\/www.hoymercedes.com.ar\/principal\/wp-content\/uploads\/2023\/10\/IMG_20230930_165404046_HDR-150x100.jpg 150w, https:\/\/www.hoymercedes.com.ar\/principal\/wp-content\/uploads\/2023\/10\/IMG_20230930_165404046_HDR-700x465.jpg 700w\" sizes=\"auto, (max-width: 800px) 100vw, 800px\" \/><\/figure>\n<\/div>","protected":false},"excerpt":{"rendered":"<p>El 5\u00b0 Festival de Cerveceros Mercedinos ser\u00e1 el s\u00e1bado 7 y domingo 8. El paseo gastron\u00f3mico con producciones de Cerveza &#8230; <a title=\"Ultimando detalles para la Fiesta de los Cerveceros\" class=\"read-more\" href=\"https:\/\/www.hoymercedes.com.ar\/principal\/2023\/10\/03\/ultimando-detalles-para-la-fiesta-de-los-cerveceros\/\" aria-label=\"Leer m\u00e1s sobre Ultimando detalles para la Fiesta de los Cerveceros\">Leer m\u00e1s<\/a><\/p>\n","protected":false},"author":1,"featured_media":167901,"comment_status":"closed","ping_status":"open","sticky":false,"template":"","format":"standard","meta":{"_monsterinsights_skip_tracking":false,"_monsterinsights_sitenote_active":false,"_monsterinsights_sitenote_note":"","_monsterinsights_sitenote_category":0,"jetpack_post_was_ever_published":false,"_jetpack_newsletter_access":"","_jetpack_dont_email_post_to_subs":false,"_jetpack_newsletter_tier_id":0,"_jetpack_memberships_contains_paywalled_content":false,"_jetpack_memberships_contains_paid_content":false,"footnotes":"","jetpack_publicize_message":"","jetpack_publicize_feature_enabled":true,"jetpack_social_post_already_shared":true,"jetpack_social_options":{"image_generator_settings":{"template":"highway","default_image_id":0,"font":"","enabled":false},"version":2},"_wpas_customize_per_network":false},"categories":[30],"tags":[7805,244],"class_list":["post-167899","post","type-post","status-publish","format-standard","has-post-thumbnail","hentry","category-municipio","tag-cultura","tag-municipio-2","generate-columns","tablet-grid-50","mobile-grid-100","grid-parent","grid-50"],"jetpack_publicize_connections":[],"jetpack_featured_media_url":"https:\/\/www.hoymercedes.com.ar\/principal\/wp-content\/uploads\/2023\/10\/IMG_20230930_165404046_HDR.jpg","wps_subtitle":"","jetpack_sharing_enabled":true,"_links":{"self":[{"href":"https:\/\/www.hoymercedes.com.ar\/principal\/wp-json\/wp\/v2\/posts\/167899","targetHints":{"allow":["GET"]}}],"collection":[{"href":"https:\/\/www.hoymercedes.com.ar\/principal\/wp-json\/wp\/v2\/posts"}],"about":[{"href":"https:\/\/www.hoymercedes.com.ar\/principal\/wp-json\/wp\/v2\/types\/post"}],"author":[{"embeddable":true,"href":"https:\/\/www.hoymercedes.com.ar\/principal\/wp-json\/wp\/v2\/users\/1"}],"replies":[{"embeddable":true,"href":"https:\/\/www.hoymercedes.com.ar\/principal\/wp-json\/wp\/v2\/comments?post=167899"}],"version-history":[{"count":0,"href":"https:\/\/www.hoymercedes.com.ar\/principal\/wp-json\/wp\/v2\/posts\/167899\/revisions"}],"wp:featuredmedia":[{"embeddable":true,"href":"https:\/\/www.hoymercedes.com.ar\/principal\/wp-json\/wp\/v2\/media\/167901"}],"wp:attachment":[{"href":"https:\/\/www.hoymercedes.com.ar\/principal\/wp-json\/wp\/v2\/media?parent=167899"}],"wp:term":[{"taxonomy":"category","embeddable":true,"href":"https:\/\/www.hoymercedes.com.ar\/principal\/wp-json\/wp\/v2\/categories?post=167899"},{"taxonomy":"post_tag","embeddable":true,"href":"https:\/\/www.hoymercedes.com.ar\/principal\/wp-json\/wp\/v2\/tags?post=167899"}],"curies":[{"name":"wp","href":"https:\/\/api.w.org\/{rel}","templated":true}]}}