{"id":167926,"date":"2023-10-03T15:40:00","date_gmt":"2023-10-03T18:40:00","guid":{"rendered":"https:\/\/www.hoymercedes.com.ar\/principal\/?p=167926"},"modified":"2023-10-03T14:33:26","modified_gmt":"2023-10-03T17:33:26","slug":"atletismo-laureano-rosa-se-quedo-con-el-cruce","status":"publish","type":"post","link":"https:\/\/www.hoymercedes.com.ar\/principal\/2023\/10\/03\/atletismo-laureano-rosa-se-quedo-con-el-cruce\/","title":{"rendered":"Atletismo: Laureano Rosa se qued\u00f3 con el Cruce"},"content":{"rendered":"\n<p><strong><em>El mercedino fue el m\u00e1s r\u00e1pido del domingo tras completar la prueba la 8k en 25 minutos y 20 segundos. Cerca de 300 atletas formaron parte de la largada desde el Palacio Municipal.<\/em><\/strong><\/p>\n\n\n<div class=\"wp-block-image\">\n<figure class=\"aligncenter size-full\"><img loading=\"lazy\" decoding=\"async\" width=\"800\" height=\"533\" data-attachment-id=\"167918\" data-permalink=\"https:\/\/www.hoymercedes.com.ar\/principal\/2023\/10\/03\/futbol-femenino-flandria-gano-y-se-asegura-la-cima\/atletismo-0310-1\/#main\" data-orig-file=\"https:\/\/www.hoymercedes.com.ar\/principal\/wp-content\/uploads\/2023\/10\/atletismo-0310-1.jpg\" data-orig-size=\"800,533\" data-comments-opened=\"0\" data-image-meta=\"{&quot;aperture&quot;:&quot;0&quot;,&quot;credit&quot;:&quot;&quot;,&quot;camera&quot;:&quot;&quot;,&quot;caption&quot;:&quot;&quot;,&quot;created_timestamp&quot;:&quot;0&quot;,&quot;copyright&quot;:&quot;&quot;,&quot;focal_length&quot;:&quot;0&quot;,&quot;iso&quot;:&quot;0&quot;,&quot;shutter_speed&quot;:&quot;0&quot;,&quot;title&quot;:&quot;&quot;,&quot;orientation&quot;:&quot;0&quot;}\" data-image-title=\"atletismo 0310 1\" data-image-description=\"\" data-image-caption=\"\" data-large-file=\"https:\/\/www.hoymercedes.com.ar\/principal\/wp-content\/uploads\/2023\/10\/atletismo-0310-1.jpg\" src=\"https:\/\/www.hoymercedes.com.ar\/principal\/wp-content\/uploads\/2023\/10\/atletismo-0310-1.jpg\" alt=\"\" class=\"wp-image-167918\" srcset=\"https:\/\/www.hoymercedes.com.ar\/principal\/wp-content\/uploads\/2023\/10\/atletismo-0310-1.jpg 800w, https:\/\/www.hoymercedes.com.ar\/principal\/wp-content\/uploads\/2023\/10\/atletismo-0310-1-630x420.jpg 630w, https:\/\/www.hoymercedes.com.ar\/principal\/wp-content\/uploads\/2023\/10\/atletismo-0310-1-150x100.jpg 150w, https:\/\/www.hoymercedes.com.ar\/principal\/wp-content\/uploads\/2023\/10\/atletismo-0310-1-700x465.jpg 700w\" sizes=\"auto, (max-width: 800px) 100vw, 800px\" \/><\/figure>\n<\/div>\n\n\n<p>Este domingo por la ma\u00f1ana se llev\u00f3 a cabo una nueva edici\u00f3n del Cruce Ciudad de Mercedes, una tradicional prueba atl\u00e9tica que recuerda a uno de los deportistas m\u00e1s destacados en la disciplina como lo fue \u201cChupaleta\u201d Limonta.<br>Con una hermosa ma\u00f1ana de sol como escenario, cerca de 300 atletas provenientes de Mercedes y ciudades aleda\u00f1as, se fueron haciendo presentes en el Palacio Municipal para ser parte de la largada.<br>Cerca de las 9 de la ma\u00f1ana se dio inicio a esta prueba atl\u00e9tica que propon\u00eda dos categor\u00edas competitivas de 4 y 8k m\u00e1s una instancia participativa de 2k.<br>Cabe destacar que el \u201cCruce Ciudad de Mercedes\u201d corri\u00f3 bajo la organizaci\u00f3n de la direcci\u00f3n de deportes municipal y lo recaudado fue destinado al Hogar Lowe, quienes tambi\u00e9n se hicieron presentes en la avenida 29 para formar parte de la carrera.<br>El circuito dise\u00f1ado compendia un recorrido por las principales calles mercedinas, partiendo desde la Plaza San Martin en direcci\u00f3n hacia la Pulper\u00eda de Cacho Di Catrina. Luego, retomaban la vuelta hacia la avenida 40 donde se divid\u00edan los caminos para los atletas, dependido de la distancia de competencia. Al respecto de ello, dese la direcci\u00f3n de deportes se\u00f1alizaron cada esquina con vallas, carteles y diferentes profesores que ayudaron tanto a los corredores como al ordenamiento del tr\u00e1nsito.<\/p>\n\n\n<div class=\"wp-block-image\">\n<figure class=\"aligncenter size-full\"><img loading=\"lazy\" decoding=\"async\" width=\"800\" height=\"534\" data-attachment-id=\"167909\" data-permalink=\"https:\/\/www.hoymercedes.com.ar\/principal\/2023\/10\/03\/futbol-femenino-flandria-gano-y-se-asegura-la-cima\/atletismo-0310-3\/#main\" data-orig-file=\"https:\/\/www.hoymercedes.com.ar\/principal\/wp-content\/uploads\/2023\/10\/atletismo-0310-3.jpg\" data-orig-size=\"800,534\" data-comments-opened=\"0\" data-image-meta=\"{&quot;aperture&quot;:&quot;0&quot;,&quot;credit&quot;:&quot;&quot;,&quot;camera&quot;:&quot;&quot;,&quot;caption&quot;:&quot;&quot;,&quot;created_timestamp&quot;:&quot;0&quot;,&quot;copyright&quot;:&quot;&quot;,&quot;focal_length&quot;:&quot;0&quot;,&quot;iso&quot;:&quot;0&quot;,&quot;shutter_speed&quot;:&quot;0&quot;,&quot;title&quot;:&quot;&quot;,&quot;orientation&quot;:&quot;0&quot;}\" data-image-title=\"atletismo 0310 3\" data-image-description=\"\" data-image-caption=\"\" data-large-file=\"https:\/\/www.hoymercedes.com.ar\/principal\/wp-content\/uploads\/2023\/10\/atletismo-0310-3.jpg\" src=\"https:\/\/www.hoymercedes.com.ar\/principal\/wp-content\/uploads\/2023\/10\/atletismo-0310-3.jpg\" alt=\"\" class=\"wp-image-167909\" srcset=\"https:\/\/www.hoymercedes.com.ar\/principal\/wp-content\/uploads\/2023\/10\/atletismo-0310-3.jpg 800w, https:\/\/www.hoymercedes.com.ar\/principal\/wp-content\/uploads\/2023\/10\/atletismo-0310-3-630x421.jpg 630w, https:\/\/www.hoymercedes.com.ar\/principal\/wp-content\/uploads\/2023\/10\/atletismo-0310-3-150x100.jpg 150w\" sizes=\"auto, (max-width: 800px) 100vw, 800px\" \/><\/figure>\n<\/div>\n\n\n<p><strong>Llegada 4k<br><\/strong>Los primos atletas que fueron arribando fueron los de los 4 kil\u00f3metros, qued\u00e1ndose con la general Matias Laccopola, oriundo de Capital Federal con un tiempo de 15 min y 18 segundos. Por el lado de las chicas, la m\u00e1s r\u00e1pida en los 4k fue Silvia Santill\u00e1n quien cruz\u00f3 la meta luego de correr tras 18 minutos y 09 segundos.<\/p>\n\n\n\n<p><strong>Premio \u201cChupaleta Limonta\u201d<br><\/strong>En esta ocasi\u00f3n, el premio que lleva su nombre qued\u00f3 en manos del mercedino Laureano Rosa que fue el m\u00e1s r\u00e1pido del domingo en la prueba principal de 8 kil\u00f3metros.<br>Con un tiempo de 25 minutos y 20 segundos, Rosa cruz\u00f3 la meta qued\u00e1ndose con el premio mayor de la jornada. En la clasificaci\u00f3n lo sigui\u00f3 Diego Coria (Mercedes) con un tiempo de 27 minutos y 52 segundos, para quedar tercero Emanuel Cazala (San Andr\u00e9s de Giles) a dos segundos de Coria.<br>Por el lado de las mujeres, la m\u00e1s r\u00e1pida en los 8k fue Silvana Hern\u00e1ndez con 31 minutos y 2 segundos, seguida en el podio femenino por Mar\u00eda Florencia Mingues (34 min. 05seg.) y Karina Arguello (35 min. 20 seg.).<\/p>\n\n\n\n<p><strong>Cierre<br><\/strong>Poco a poco, los corredores fueron llegando y completando las pruebas del d\u00eda, con la emoci\u00f3n que siempre caracteriza a este tipo de competencias.<br>Cerca del mediod\u00eda se procedi\u00f3 a la premiaci\u00f3n correspondiente, entregando premios para la general de 4 kil\u00f3metros, mientras que en los 8 kil\u00f3metros hubo premiaci\u00f3n tanto en general como en categor\u00edas.<\/p>\n\n\n<div class=\"wp-block-image\">\n<figure class=\"aligncenter size-full\"><img loading=\"lazy\" decoding=\"async\" width=\"800\" height=\"534\" data-attachment-id=\"167911\" data-permalink=\"https:\/\/www.hoymercedes.com.ar\/principal\/2023\/10\/03\/futbol-femenino-flandria-gano-y-se-asegura-la-cima\/atletismo-0310-2\/#main\" data-orig-file=\"https:\/\/www.hoymercedes.com.ar\/principal\/wp-content\/uploads\/2023\/10\/atletismo-0310-2.jpg\" data-orig-size=\"800,534\" data-comments-opened=\"0\" data-image-meta=\"{&quot;aperture&quot;:&quot;0&quot;,&quot;credit&quot;:&quot;&quot;,&quot;camera&quot;:&quot;&quot;,&quot;caption&quot;:&quot;&quot;,&quot;created_timestamp&quot;:&quot;0&quot;,&quot;copyright&quot;:&quot;&quot;,&quot;focal_length&quot;:&quot;0&quot;,&quot;iso&quot;:&quot;0&quot;,&quot;shutter_speed&quot;:&quot;0&quot;,&quot;title&quot;:&quot;&quot;,&quot;orientation&quot;:&quot;0&quot;}\" data-image-title=\"atletismo 0310 2\" data-image-description=\"\" data-image-caption=\"\" data-large-file=\"https:\/\/www.hoymercedes.com.ar\/principal\/wp-content\/uploads\/2023\/10\/atletismo-0310-2.jpg\" src=\"https:\/\/www.hoymercedes.com.ar\/principal\/wp-content\/uploads\/2023\/10\/atletismo-0310-2.jpg\" alt=\"\" class=\"wp-image-167911\" srcset=\"https:\/\/www.hoymercedes.com.ar\/principal\/wp-content\/uploads\/2023\/10\/atletismo-0310-2.jpg 800w, https:\/\/www.hoymercedes.com.ar\/principal\/wp-content\/uploads\/2023\/10\/atletismo-0310-2-630x421.jpg 630w, https:\/\/www.hoymercedes.com.ar\/principal\/wp-content\/uploads\/2023\/10\/atletismo-0310-2-150x100.jpg 150w\" sizes=\"auto, (max-width: 800px) 100vw, 800px\" \/><\/figure>\n<\/div>\n\n\n<p><strong>Clasificaciones generales<\/strong><\/p>\n\n\n\n<ul class=\"wp-block-list\">\n<li>8k masculino<br>1\u00ba Rosa Laureano 00:25:20.868<br>2\u00ba Coria Diego 00:27:52.598<br>3\u00ba Cazala Emmanuel 00:27:54.735<br>4\u00ba Morales Lucas Ram\u00f3n 00:27:57.922<br>5\u00ba Potes Roberto Alfredo 00:28:02.002<\/li>\n<\/ul>\n\n\n\n<p><\/p>\n\n\n\n<ul class=\"wp-block-list\">\n<li>8k femenino<br>1\u00ba Hern\u00e1ndez Silvana 00:31:02.588<br>2\u00ba Mingues Mar\u00eda Florencia 00:34:05.332<br>3\u00ba Arguello Karina 00:35:20.542<br>4\u00ba Soli\u00f1o Daniela 00:37:28.415<br>5\u00ba Ricchini Marieta 00:37:32.565<\/li>\n<\/ul>\n\n\n\n<p><\/p>\n\n\n\n<ul class=\"wp-block-list\">\n<li>4k masculino<br>1\u00ba Mat\u00edas Laccopola 00:15:18.478<br>2\u00ba Maximiliano Salinas Hidalgo 00:15:54.572<br>3\u00ba Diego Viviani 00:17:18.080<br>4\u00ba Mario Valent\u00edn Cortes 00:17:42.713<br>5\u00ba Francisco Palleros 00:19:55.345<\/li>\n<\/ul>\n\n\n\n<p><\/p>\n\n\n\n<ul class=\"wp-block-list\">\n<li>4k femenino<br>1\u00ba Silvia Santill\u00e1n 00:18:09.902<br>2\u00ba Catalina Verde 00:20:22.867<br>3\u00ba Natividad Midun 00:23:29.518<br>4\u00ba Micaela Garc\u00eda 00:25:00.432<br>5\u00ba Mar\u00eda Florencia Castro 00:25:26.308<\/li>\n<\/ul>\n\n\n\n<p>Colaboraci\u00f3n Mariano Oyarz\u00fa<\/p>\n","protected":false},"excerpt":{"rendered":"<p>El mercedino fue el m\u00e1s r\u00e1pido del domingo tras completar la prueba la 8k en 25 minutos y 20 segundos. &#8230; <a title=\"Atletismo: Laureano Rosa se qued\u00f3 con el Cruce\" class=\"read-more\" href=\"https:\/\/www.hoymercedes.com.ar\/principal\/2023\/10\/03\/atletismo-laureano-rosa-se-quedo-con-el-cruce\/\" aria-label=\"Leer m\u00e1s sobre Atletismo: Laureano Rosa se qued\u00f3 con el Cruce\">Leer m\u00e1s<\/a><\/p>\n","protected":false},"author":1,"featured_media":167911,"comment_status":"closed","ping_status":"open","sticky":false,"template":"","format":"standard","meta":{"_monsterinsights_skip_tracking":false,"_monsterinsights_sitenote_active":false,"_monsterinsights_sitenote_note":"","_monsterinsights_sitenote_category":0,"jetpack_post_was_ever_published":false,"_jetpack_newsletter_access":"","_jetpack_dont_email_post_to_subs":false,"_jetpack_newsletter_tier_id":0,"_jetpack_memberships_contains_paywalled_content":false,"_jetpack_memberships_contains_paid_content":false,"footnotes":"","jetpack_publicize_message":"","jetpack_publicize_feature_enabled":true,"jetpack_social_post_already_shared":true,"jetpack_social_options":{"image_generator_settings":{"template":"highway","default_image_id":0,"font":"","enabled":false},"version":2},"_wpas_customize_per_network":false},"categories":[8],"tags":[],"class_list":["post-167926","post","type-post","status-publish","format-standard","has-post-thumbnail","hentry","category-sociedad","generate-columns","tablet-grid-50","mobile-grid-100","grid-parent","grid-50"],"jetpack_publicize_connections":[],"jetpack_featured_media_url":"https:\/\/www.hoymercedes.com.ar\/principal\/wp-content\/uploads\/2023\/10\/atletismo-0310-2.jpg","wps_subtitle":"","jetpack_sharing_enabled":true,"_links":{"self":[{"href":"https:\/\/www.hoymercedes.com.ar\/principal\/wp-json\/wp\/v2\/posts\/167926","targetHints":{"allow":["GET"]}}],"collection":[{"href":"https:\/\/www.hoymercedes.com.ar\/principal\/wp-json\/wp\/v2\/posts"}],"about":[{"href":"https:\/\/www.hoymercedes.com.ar\/principal\/wp-json\/wp\/v2\/types\/post"}],"author":[{"embeddable":true,"href":"https:\/\/www.hoymercedes.com.ar\/principal\/wp-json\/wp\/v2\/users\/1"}],"replies":[{"embeddable":true,"href":"https:\/\/www.hoymercedes.com.ar\/principal\/wp-json\/wp\/v2\/comments?post=167926"}],"version-history":[{"count":0,"href":"https:\/\/www.hoymercedes.com.ar\/principal\/wp-json\/wp\/v2\/posts\/167926\/revisions"}],"wp:featuredmedia":[{"embeddable":true,"href":"https:\/\/www.hoymercedes.com.ar\/principal\/wp-json\/wp\/v2\/media\/167911"}],"wp:attachment":[{"href":"https:\/\/www.hoymercedes.com.ar\/principal\/wp-json\/wp\/v2\/media?parent=167926"}],"wp:term":[{"taxonomy":"category","embeddable":true,"href":"https:\/\/www.hoymercedes.com.ar\/principal\/wp-json\/wp\/v2\/categories?post=167926"},{"taxonomy":"post_tag","embeddable":true,"href":"https:\/\/www.hoymercedes.com.ar\/principal\/wp-json\/wp\/v2\/tags?post=167926"}],"curies":[{"name":"wp","href":"https:\/\/api.w.org\/{rel}","templated":true}]}}