{"id":167965,"date":"2023-10-04T11:00:00","date_gmt":"2023-10-04T14:00:00","guid":{"rendered":"https:\/\/www.hoymercedes.com.ar\/principal\/?p=167965"},"modified":"2023-10-04T09:37:20","modified_gmt":"2023-10-04T12:37:20","slug":"futbol-infanto-juvenil-nueva-fecha-para-las-inferiores-de-la-liga","status":"publish","type":"post","link":"https:\/\/www.hoymercedes.com.ar\/principal\/2023\/10\/04\/futbol-infanto-juvenil-nueva-fecha-para-las-inferiores-de-la-liga\/","title":{"rendered":"Futbol Infanto Juvenil: Nueva fecha para las inferiores de la Liga"},"content":{"rendered":"\n<p><strong><em>Las categor\u00edas infanto juvenil disputaron la octava fecha del clausura. Hubo partidos en Quilmes, Trocha, Ateneo, Uni\u00f3n, Club Mercedes y ya se empiezan a perfilar los candidatos.<\/em><\/strong><\/p>\n\n\n<div class=\"wp-block-image\">\n<figure class=\"aligncenter size-full\"><img loading=\"lazy\" decoding=\"async\" width=\"800\" height=\"534\" data-attachment-id=\"167906\" data-permalink=\"https:\/\/www.hoymercedes.com.ar\/principal\/2023\/10\/03\/futbol-femenino-flandria-gano-y-se-asegura-la-cima\/fut-infanto-0310-2\/#main\" data-orig-file=\"https:\/\/www.hoymercedes.com.ar\/principal\/wp-content\/uploads\/2023\/10\/Fut-Infanto-0310-2.jpg\" data-orig-size=\"800,534\" data-comments-opened=\"0\" data-image-meta=\"{&quot;aperture&quot;:&quot;0&quot;,&quot;credit&quot;:&quot;&quot;,&quot;camera&quot;:&quot;&quot;,&quot;caption&quot;:&quot;&quot;,&quot;created_timestamp&quot;:&quot;0&quot;,&quot;copyright&quot;:&quot;&quot;,&quot;focal_length&quot;:&quot;0&quot;,&quot;iso&quot;:&quot;0&quot;,&quot;shutter_speed&quot;:&quot;0&quot;,&quot;title&quot;:&quot;&quot;,&quot;orientation&quot;:&quot;0&quot;}\" data-image-title=\"Fut Infanto 0310 2\" data-image-description=\"\" data-image-caption=\"\" data-large-file=\"https:\/\/www.hoymercedes.com.ar\/principal\/wp-content\/uploads\/2023\/10\/Fut-Infanto-0310-2.jpg\" src=\"https:\/\/www.hoymercedes.com.ar\/principal\/wp-content\/uploads\/2023\/10\/Fut-Infanto-0310-2.jpg\" alt=\"\" class=\"wp-image-167906\" srcset=\"https:\/\/www.hoymercedes.com.ar\/principal\/wp-content\/uploads\/2023\/10\/Fut-Infanto-0310-2.jpg 800w, https:\/\/www.hoymercedes.com.ar\/principal\/wp-content\/uploads\/2023\/10\/Fut-Infanto-0310-2-630x421.jpg 630w, https:\/\/www.hoymercedes.com.ar\/principal\/wp-content\/uploads\/2023\/10\/Fut-Infanto-0310-2-150x100.jpg 150w\" sizes=\"auto, (max-width: 800px) 100vw, 800px\" \/><\/figure>\n<\/div>\n\n\n<p>Durante el fin de semana se llev\u00f3 a cabo una nueva jornada para los equipos infanto juveniles de la Liga Mercedina de F\u00fatbol.<\/p>\n\n\n\n<p>Los varones alcanzaron la fecha n\u00famero 8 y en algunas de las categor\u00edas ya se empiezan a perfilar los candidatos a quedarse con el t\u00edtulo en juego.<\/p>\n\n\n\n<p>Recordamos que actualmente se est\u00e1n jugado los partidos correspondientes al torneo clausura, el cual se espera que finalice antes de fin de a\u00f1o.<\/p>\n\n\n\n<p>Por lo pronto, varios equipos mercedinos y de la zona enfrentaron la octava fecha dejando una amplia grilla de partidos para las categor\u00edas infantiles (2013 y 2012) y juveniles (2011, 2010, 2009, 2008 y 5ta Divisi\u00f3n).<\/p>\n\n\n\n<p>Durante la soleada jornada de s\u00e1bado, hubo futbol en varios predios mercedinos como el de Quilmes, Trocha, Ateneo, Uni\u00f3n y Club Mercedes, en lo que respecta a nuestra ciudad.<\/p>\n\n\n<div class=\"wp-block-image\">\n<figure class=\"aligncenter size-full\"><img loading=\"lazy\" decoding=\"async\" width=\"800\" height=\"533\" data-attachment-id=\"167914\" data-permalink=\"https:\/\/www.hoymercedes.com.ar\/principal\/2023\/10\/03\/futbol-femenino-flandria-gano-y-se-asegura-la-cima\/fut-infanti-0310-3\/#main\" data-orig-file=\"https:\/\/www.hoymercedes.com.ar\/principal\/wp-content\/uploads\/2023\/10\/fut-infanti-0310-3.jpg\" data-orig-size=\"800,533\" data-comments-opened=\"0\" data-image-meta=\"{&quot;aperture&quot;:&quot;0&quot;,&quot;credit&quot;:&quot;&quot;,&quot;camera&quot;:&quot;&quot;,&quot;caption&quot;:&quot;&quot;,&quot;created_timestamp&quot;:&quot;0&quot;,&quot;copyright&quot;:&quot;&quot;,&quot;focal_length&quot;:&quot;0&quot;,&quot;iso&quot;:&quot;0&quot;,&quot;shutter_speed&quot;:&quot;0&quot;,&quot;title&quot;:&quot;&quot;,&quot;orientation&quot;:&quot;0&quot;}\" data-image-title=\"fut infanti 0310 3\" data-image-description=\"\" data-image-caption=\"\" data-large-file=\"https:\/\/www.hoymercedes.com.ar\/principal\/wp-content\/uploads\/2023\/10\/fut-infanti-0310-3.jpg\" src=\"https:\/\/www.hoymercedes.com.ar\/principal\/wp-content\/uploads\/2023\/10\/fut-infanti-0310-3.jpg\" alt=\"\" class=\"wp-image-167914\" srcset=\"https:\/\/www.hoymercedes.com.ar\/principal\/wp-content\/uploads\/2023\/10\/fut-infanti-0310-3.jpg 800w, https:\/\/www.hoymercedes.com.ar\/principal\/wp-content\/uploads\/2023\/10\/fut-infanti-0310-3-630x420.jpg 630w, https:\/\/www.hoymercedes.com.ar\/principal\/wp-content\/uploads\/2023\/10\/fut-infanti-0310-3-150x100.jpg 150w, https:\/\/www.hoymercedes.com.ar\/principal\/wp-content\/uploads\/2023\/10\/fut-infanti-0310-3-700x465.jpg 700w\" sizes=\"auto, (max-width: 800px) 100vw, 800px\" \/><\/figure>\n<\/div>\n\n\n<p><strong>Resultados<\/strong><\/p>\n\n\n\n<ul class=\"wp-block-list\">\n<li>2013<br>Quilmes 1 \u2013 0 El Front\u00f3n<br>Ateneo 2 \u2013 0 Juventud<br>Uni\u00f3n 0 \u2013 2 Estudiantes<br>Mercedes 0 \u2013 0 Palometas<br>Gowland 1 \u2013 1 V\u00e9lez<br>Trocha 0 \u2013 4 Los Carteros<br>Talleres 0 \u2013 2 Defensores<\/li>\n<\/ul>\n\n\n\n<p><\/p>\n\n\n\n<ul class=\"wp-block-list\">\n<li>2012<br>Quilmes 1 \u2013 0 El Front\u00f3n<br>Ateneo 0 \u2013 4 Juventud<br>Uni\u00f3n 2 \u2013 2 Estudiantes<br>Mercedes 0 \u2013 1 Palometas<br>Gowland 0 \u2013 2 V\u00e9lez<br>Trocha 1 \u2013 3 Los Carteros<br>Talleres 3 \u2013 0 Defensores<\/li>\n<\/ul>\n\n\n\n<p><\/p>\n\n\n\n<ul class=\"wp-block-list\">\n<li>2011<br>Quilmes 0 \u2013 0 El Front\u00f3n<br>Ateneo 0 \u2013 0 Juventud<br>Uni\u00f3n 0 \u2013 1 Estudiantes<br>Mercedes 2 \u2013 1 Palometas<br>Trocha 0 \u2013 2 Los Carteros<br>Pabell\u00f3n 1 \u2013 0 Defensores<\/li>\n<\/ul>\n\n\n\n<p><\/p>\n\n\n\n<ul class=\"wp-block-list\">\n<li>2010<br>Quilmes 2 \u2013 0 El Front\u00f3n<br>Uni\u00f3n 0 \u2013 1 Estudiantes<br>Mercedes 4 \u2013 0 Palometas<br>Gowland 0 \u2013 6 V\u00e9lez<br>Trocha 0 \u2013 5 Los Carteros<br>Pabell\u00f3n 1 \u2013 1 Defensores<br>La Tijera 6 \u2013 0 Holanda<\/li>\n<\/ul>\n\n\n\n<p><\/p>\n\n\n\n<ul class=\"wp-block-list\">\n<li>2009<br>Quilmes 0 \u2013 6 El Front\u00f3n<br>Ateneo 1 \u2013 0 Juventud<br>Uni\u00f3n 0 \u2013 3 Estudiantes<br>Mercedes 2 \u2013 0 Palometas<br>El Tim\u00f3n 1 \u2013 4 V\u00e9lez<br>Pabell\u00f3n 1 \u2013 1 Defensores<\/li>\n<\/ul>\n\n\n\n<p><\/p>\n\n\n\n<ul class=\"wp-block-list\">\n<li>2008<br>Quilmes 1 \u2013 7 El Front\u00f3n<br>Uni\u00f3n 0 \u2013 0 Estudiantes<br>Mercedes 3 \u2013 0 Palometas<br>El Tim\u00f3n 2 \u2013 5 V\u00e9lez<br>Trocha 1 \u2013 0 Los Carteros<br>Ateneo 0 \u2013 2 Juventud<br>La Tijera 4 \u2013 1 Holanda<\/li>\n<\/ul>\n\n\n\n<p><\/p>\n\n\n\n<ul class=\"wp-block-list\">\n<li>5ta divisi\u00f3n<br>Quilmes 0 \u2013 1 El Front\u00f3n<br>Uni\u00f3n 2 \u2013 2 Estudiantes<br>Mercedes 3 \u2013 1 Palometas<br>El Tim\u00f3n 1 \u2013 2 V\u00e9lez<br>Trocha 1 \u2013 3 Los Carteros<br>Ateneo 0 \u2013 3 Juventud<br>La Tijera 0 \u2013 1 Holanda<\/li>\n<\/ul>\n\n\n\n<p><strong>Pr\u00f3xima Fecha<br><\/strong>FECHA 9<br>Juventud vs. La Tijera<br>Uni\u00f3n vs. Quilmes<br>Talleres \/ Pabell\u00f3n Argentino vs. Mercedes<br>Palometas vs Trocha<br>Estudiantes vs Gowland \/ El Tim\u00f3n<br>Holanda vs Ateneo<br>El Front\u00f3n vs V\u00e9lez<br>Defensores vs Los Carteros<\/p>\n\n\n\n<p>Colaboraci\u00f3n Mariano Oyarz\u00fa<\/p>\n\n\n<div class=\"wp-block-image\">\n<figure class=\"alignright size-full\"><img loading=\"lazy\" decoding=\"async\" width=\"800\" height=\"534\" data-attachment-id=\"167907\" data-permalink=\"https:\/\/www.hoymercedes.com.ar\/principal\/2023\/10\/03\/futbol-femenino-flandria-gano-y-se-asegura-la-cima\/fut-infanto-0310-1\/#main\" data-orig-file=\"https:\/\/www.hoymercedes.com.ar\/principal\/wp-content\/uploads\/2023\/10\/Fut-Infanto-0310-1.jpg\" data-orig-size=\"800,534\" data-comments-opened=\"0\" data-image-meta=\"{&quot;aperture&quot;:&quot;0&quot;,&quot;credit&quot;:&quot;&quot;,&quot;camera&quot;:&quot;&quot;,&quot;caption&quot;:&quot;&quot;,&quot;created_timestamp&quot;:&quot;0&quot;,&quot;copyright&quot;:&quot;&quot;,&quot;focal_length&quot;:&quot;0&quot;,&quot;iso&quot;:&quot;0&quot;,&quot;shutter_speed&quot;:&quot;0&quot;,&quot;title&quot;:&quot;&quot;,&quot;orientation&quot;:&quot;0&quot;}\" data-image-title=\"Fut Infanto 0310 1\" data-image-description=\"\" data-image-caption=\"\" data-large-file=\"https:\/\/www.hoymercedes.com.ar\/principal\/wp-content\/uploads\/2023\/10\/Fut-Infanto-0310-1.jpg\" src=\"https:\/\/www.hoymercedes.com.ar\/principal\/wp-content\/uploads\/2023\/10\/Fut-Infanto-0310-1.jpg\" alt=\"\" class=\"wp-image-167907\" srcset=\"https:\/\/www.hoymercedes.com.ar\/principal\/wp-content\/uploads\/2023\/10\/Fut-Infanto-0310-1.jpg 800w, https:\/\/www.hoymercedes.com.ar\/principal\/wp-content\/uploads\/2023\/10\/Fut-Infanto-0310-1-630x421.jpg 630w, https:\/\/www.hoymercedes.com.ar\/principal\/wp-content\/uploads\/2023\/10\/Fut-Infanto-0310-1-150x100.jpg 150w\" sizes=\"auto, (max-width: 800px) 100vw, 800px\" \/><\/figure>\n<\/div>","protected":false},"excerpt":{"rendered":"<p>Las categor\u00edas infanto juvenil disputaron la octava fecha del clausura. Hubo partidos en Quilmes, Trocha, Ateneo, Uni\u00f3n, Club Mercedes y &#8230; <a title=\"Futbol Infanto Juvenil: Nueva fecha para las inferiores de la Liga\" class=\"read-more\" href=\"https:\/\/www.hoymercedes.com.ar\/principal\/2023\/10\/04\/futbol-infanto-juvenil-nueva-fecha-para-las-inferiores-de-la-liga\/\" aria-label=\"Leer m\u00e1s sobre Futbol Infanto Juvenil: Nueva fecha para las inferiores de la Liga\">Leer m\u00e1s<\/a><\/p>\n","protected":false},"author":1,"featured_media":167907,"comment_status":"closed","ping_status":"open","sticky":false,"template":"","format":"standard","meta":{"_monsterinsights_skip_tracking":false,"_monsterinsights_sitenote_active":false,"_monsterinsights_sitenote_note":"","_monsterinsights_sitenote_category":0,"jetpack_post_was_ever_published":false,"_jetpack_newsletter_access":"","_jetpack_dont_email_post_to_subs":false,"_jetpack_newsletter_tier_id":0,"_jetpack_memberships_contains_paywalled_content":false,"_jetpack_memberships_contains_paid_content":false,"footnotes":"","jetpack_publicize_message":"","jetpack_publicize_feature_enabled":true,"jetpack_social_post_already_shared":true,"jetpack_social_options":{"image_generator_settings":{"template":"highway","default_image_id":0,"font":"","enabled":false},"version":2},"_wpas_customize_per_network":false},"categories":[21],"tags":[204,1003],"class_list":["post-167965","post","type-post","status-publish","format-standard","has-post-thumbnail","hentry","category-deportes","tag-deportes-2","tag-futbol","generate-columns","tablet-grid-50","mobile-grid-100","grid-parent","grid-50"],"jetpack_publicize_connections":[],"jetpack_featured_media_url":"https:\/\/www.hoymercedes.com.ar\/principal\/wp-content\/uploads\/2023\/10\/Fut-Infanto-0310-1.jpg","wps_subtitle":"","jetpack_sharing_enabled":true,"_links":{"self":[{"href":"https:\/\/www.hoymercedes.com.ar\/principal\/wp-json\/wp\/v2\/posts\/167965","targetHints":{"allow":["GET"]}}],"collection":[{"href":"https:\/\/www.hoymercedes.com.ar\/principal\/wp-json\/wp\/v2\/posts"}],"about":[{"href":"https:\/\/www.hoymercedes.com.ar\/principal\/wp-json\/wp\/v2\/types\/post"}],"author":[{"embeddable":true,"href":"https:\/\/www.hoymercedes.com.ar\/principal\/wp-json\/wp\/v2\/users\/1"}],"replies":[{"embeddable":true,"href":"https:\/\/www.hoymercedes.com.ar\/principal\/wp-json\/wp\/v2\/comments?post=167965"}],"version-history":[{"count":0,"href":"https:\/\/www.hoymercedes.com.ar\/principal\/wp-json\/wp\/v2\/posts\/167965\/revisions"}],"wp:featuredmedia":[{"embeddable":true,"href":"https:\/\/www.hoymercedes.com.ar\/principal\/wp-json\/wp\/v2\/media\/167907"}],"wp:attachment":[{"href":"https:\/\/www.hoymercedes.com.ar\/principal\/wp-json\/wp\/v2\/media?parent=167965"}],"wp:term":[{"taxonomy":"category","embeddable":true,"href":"https:\/\/www.hoymercedes.com.ar\/principal\/wp-json\/wp\/v2\/categories?post=167965"},{"taxonomy":"post_tag","embeddable":true,"href":"https:\/\/www.hoymercedes.com.ar\/principal\/wp-json\/wp\/v2\/tags?post=167965"}],"curies":[{"name":"wp","href":"https:\/\/api.w.org\/{rel}","templated":true}]}}