{"id":168122,"date":"2023-10-06T17:30:00","date_gmt":"2023-10-06T20:30:00","guid":{"rendered":"https:\/\/www.hoymercedes.com.ar\/principal\/?p=168122"},"modified":"2023-10-06T17:12:22","modified_gmt":"2023-10-06T20:12:22","slug":"despiste-y-vuelco-sobre-ruta-5-3","status":"publish","type":"post","link":"https:\/\/www.hoymercedes.com.ar\/principal\/2023\/10\/06\/despiste-y-vuelco-sobre-ruta-5-3\/","title":{"rendered":"Despiste y vuelco sobre Ruta 5"},"content":{"rendered":"\n<p>A las 13:35 horas de la tarde de este viernes 6 se produjo el despiste y posterior vuelco de un autom\u00f3vil que circulaba por ruta 5, jurisdicci\u00f3n del partido de Suipacha.<\/p>\n\n\n<div class=\"wp-block-image\">\n<figure class=\"aligncenter size-full\"><img loading=\"lazy\" decoding=\"async\" width=\"917\" height=\"611\" data-attachment-id=\"168125\" data-permalink=\"https:\/\/www.hoymercedes.com.ar\/principal\/2023\/10\/06\/despiste-y-vuelco-sobre-ruta-5-3\/despi-vuelco-0610-2\/#main\" data-orig-file=\"https:\/\/www.hoymercedes.com.ar\/principal\/wp-content\/uploads\/2023\/10\/despi-vuelco-0610-2.jpg\" data-orig-size=\"917,611\" data-comments-opened=\"0\" data-image-meta=\"{&quot;aperture&quot;:&quot;0&quot;,&quot;credit&quot;:&quot;&quot;,&quot;camera&quot;:&quot;&quot;,&quot;caption&quot;:&quot;&quot;,&quot;created_timestamp&quot;:&quot;0&quot;,&quot;copyright&quot;:&quot;&quot;,&quot;focal_length&quot;:&quot;0&quot;,&quot;iso&quot;:&quot;0&quot;,&quot;shutter_speed&quot;:&quot;0&quot;,&quot;title&quot;:&quot;&quot;,&quot;orientation&quot;:&quot;0&quot;}\" data-image-title=\"despi vuelco 0610 2\" data-image-description=\"\" data-image-caption=\"\" data-large-file=\"https:\/\/www.hoymercedes.com.ar\/principal\/wp-content\/uploads\/2023\/10\/despi-vuelco-0610-2.jpg\" src=\"https:\/\/www.hoymercedes.com.ar\/principal\/wp-content\/uploads\/2023\/10\/despi-vuelco-0610-2.jpg\" alt=\"\" class=\"wp-image-168125\" srcset=\"https:\/\/www.hoymercedes.com.ar\/principal\/wp-content\/uploads\/2023\/10\/despi-vuelco-0610-2.jpg 917w, https:\/\/www.hoymercedes.com.ar\/principal\/wp-content\/uploads\/2023\/10\/despi-vuelco-0610-2-630x420.jpg 630w, https:\/\/www.hoymercedes.com.ar\/principal\/wp-content\/uploads\/2023\/10\/despi-vuelco-0610-2-150x100.jpg 150w, https:\/\/www.hoymercedes.com.ar\/principal\/wp-content\/uploads\/2023\/10\/despi-vuelco-0610-2-700x465.jpg 700w\" sizes=\"auto, (max-width: 917px) 100vw, 917px\" \/><\/figure>\n<\/div>\n\n\n<p>El siniestro ocurri\u00f3 a la altura del kil\u00f3metro 121.100 frente la ex Har\u00e1s Pucci , cuando el conductor de un autom\u00f3vil Fiat Palio , color gris , que circulaba en sentido Mercedes-Suipacha, en una frustrada maniobra de sobrepaso se despista ingresando a la banquina <a><\/a>de la mano contraria donde efect\u00faa un vuelco. Finalizando el auto sobre sus cuatro ruedas en la zona donde se est\u00e1 construyendo la colectora de la autovia 5.<\/p>\n\n\n\n<p>En el veh\u00edculo viajaban Matias Ivan y Cruz Manuel Gallio , hermanos de 41 y 48 a\u00f1os domiciliados ambos en la ciudad de Santa Rosa , provincia de La Pampa, quienes resultaron ilesos.<\/p>\n\n\n\n<p>Intervino Ambulancia del Homei de Suipacha, Personal del CPR, Polic\u00eda Comunal de Suipacha, Polic\u00eda Vial Mercedes y personal de Corredores Viales.<\/p>\n\n\n\n<p>Colaboraci\u00f3n Jorge Lasala de Suipacha.<\/p>\n\n\n<div class=\"wp-block-image\">\n<figure class=\"aligncenter size-full\"><img loading=\"lazy\" decoding=\"async\" width=\"822\" height=\"548\" data-attachment-id=\"168123\" data-permalink=\"https:\/\/www.hoymercedes.com.ar\/principal\/2023\/10\/06\/despiste-y-vuelco-sobre-ruta-5-3\/despi-vuelco-0610-1\/#main\" data-orig-file=\"https:\/\/www.hoymercedes.com.ar\/principal\/wp-content\/uploads\/2023\/10\/despi-vuelco-0610-1.jpg\" data-orig-size=\"822,548\" data-comments-opened=\"0\" data-image-meta=\"{&quot;aperture&quot;:&quot;0&quot;,&quot;credit&quot;:&quot;&quot;,&quot;camera&quot;:&quot;&quot;,&quot;caption&quot;:&quot;&quot;,&quot;created_timestamp&quot;:&quot;0&quot;,&quot;copyright&quot;:&quot;&quot;,&quot;focal_length&quot;:&quot;0&quot;,&quot;iso&quot;:&quot;0&quot;,&quot;shutter_speed&quot;:&quot;0&quot;,&quot;title&quot;:&quot;&quot;,&quot;orientation&quot;:&quot;0&quot;}\" data-image-title=\"despi vuelco 0610 1\" data-image-description=\"\" data-image-caption=\"\" data-large-file=\"https:\/\/www.hoymercedes.com.ar\/principal\/wp-content\/uploads\/2023\/10\/despi-vuelco-0610-1.jpg\" src=\"https:\/\/www.hoymercedes.com.ar\/principal\/wp-content\/uploads\/2023\/10\/despi-vuelco-0610-1.jpg\" alt=\"\" class=\"wp-image-168123\" srcset=\"https:\/\/www.hoymercedes.com.ar\/principal\/wp-content\/uploads\/2023\/10\/despi-vuelco-0610-1.jpg 822w, https:\/\/www.hoymercedes.com.ar\/principal\/wp-content\/uploads\/2023\/10\/despi-vuelco-0610-1-630x420.jpg 630w, https:\/\/www.hoymercedes.com.ar\/principal\/wp-content\/uploads\/2023\/10\/despi-vuelco-0610-1-150x100.jpg 150w\" sizes=\"auto, (max-width: 822px) 100vw, 822px\" \/><\/figure>\n<\/div>","protected":false},"excerpt":{"rendered":"<p>A las 13:35 horas de la tarde de este viernes 6 se produjo el despiste y posterior vuelco de un &#8230; <a title=\"Despiste y vuelco sobre Ruta 5\" class=\"read-more\" href=\"https:\/\/www.hoymercedes.com.ar\/principal\/2023\/10\/06\/despiste-y-vuelco-sobre-ruta-5-3\/\" aria-label=\"Leer m\u00e1s sobre Despiste y vuelco sobre Ruta 5\">Leer m\u00e1s<\/a><\/p>\n","protected":false},"author":1,"featured_media":168124,"comment_status":"closed","ping_status":"open","sticky":false,"template":"","format":"standard","meta":{"_monsterinsights_skip_tracking":false,"_monsterinsights_sitenote_active":false,"_monsterinsights_sitenote_note":"","_monsterinsights_sitenote_category":0,"jetpack_post_was_ever_published":false,"_jetpack_newsletter_access":"","_jetpack_dont_email_post_to_subs":false,"_jetpack_newsletter_tier_id":0,"_jetpack_memberships_contains_paywalled_content":false,"_jetpack_memberships_contains_paid_content":false,"footnotes":"","jetpack_publicize_message":"","jetpack_publicize_feature_enabled":true,"jetpack_social_post_already_shared":true,"jetpack_social_options":{"image_generator_settings":{"template":"highway","default_image_id":0,"font":"","enabled":false},"version":2},"_wpas_customize_per_network":false},"categories":[8],"tags":[],"class_list":["post-168122","post","type-post","status-publish","format-standard","has-post-thumbnail","hentry","category-sociedad","generate-columns","tablet-grid-50","mobile-grid-100","grid-parent","grid-50"],"jetpack_publicize_connections":[],"jetpack_featured_media_url":"https:\/\/www.hoymercedes.com.ar\/principal\/wp-content\/uploads\/2023\/10\/despi-vuelco-0610-1-1.jpg","wps_subtitle":"","jetpack_sharing_enabled":true,"_links":{"self":[{"href":"https:\/\/www.hoymercedes.com.ar\/principal\/wp-json\/wp\/v2\/posts\/168122","targetHints":{"allow":["GET"]}}],"collection":[{"href":"https:\/\/www.hoymercedes.com.ar\/principal\/wp-json\/wp\/v2\/posts"}],"about":[{"href":"https:\/\/www.hoymercedes.com.ar\/principal\/wp-json\/wp\/v2\/types\/post"}],"author":[{"embeddable":true,"href":"https:\/\/www.hoymercedes.com.ar\/principal\/wp-json\/wp\/v2\/users\/1"}],"replies":[{"embeddable":true,"href":"https:\/\/www.hoymercedes.com.ar\/principal\/wp-json\/wp\/v2\/comments?post=168122"}],"version-history":[{"count":0,"href":"https:\/\/www.hoymercedes.com.ar\/principal\/wp-json\/wp\/v2\/posts\/168122\/revisions"}],"wp:featuredmedia":[{"embeddable":true,"href":"https:\/\/www.hoymercedes.com.ar\/principal\/wp-json\/wp\/v2\/media\/168124"}],"wp:attachment":[{"href":"https:\/\/www.hoymercedes.com.ar\/principal\/wp-json\/wp\/v2\/media?parent=168122"}],"wp:term":[{"taxonomy":"category","embeddable":true,"href":"https:\/\/www.hoymercedes.com.ar\/principal\/wp-json\/wp\/v2\/categories?post=168122"},{"taxonomy":"post_tag","embeddable":true,"href":"https:\/\/www.hoymercedes.com.ar\/principal\/wp-json\/wp\/v2\/tags?post=168122"}],"curies":[{"name":"wp","href":"https:\/\/api.w.org\/{rel}","templated":true}]}}